{"id":26603,"date":"2012-08-20T17:54:00","date_gmt":"2012-08-20T20:54:00","guid":{"rendered":"http:\/\/www.elsindical.com.ar\/notas\/?p=26603"},"modified":"2012-08-20T17:54:00","modified_gmt":"2012-08-20T20:54:00","slug":"la-pampajuez-renuncia-al-denunciar-focos-de-corrupcion-y-su-desconfianza-en-la-justicia","status":"publish","type":"post","link":"https:\/\/www.elsindical.com.ar\/notas\/la-pampajuez-renuncia-al-denunciar-focos-de-corrupcion-y-su-desconfianza-en-la-justicia\/","title":{"rendered":"La Pampa:Juez renuncia al denunciar focos de corrupci\u00f3n y su desconfianza en la justicia"},"content":{"rendered":"<p style=\"text-align: justify;\"><em><a href=\"http:\/\/www.elsindical.com.ar\/notas\/var\/www\/html\/notas\/wp-content\/uploads\/2012\/08\/Juez-Horacio-Tolosa.jpg\"><img loading=\"lazy\" decoding=\"async\" class=\"alignleft size-medium wp-image-26604\" title=\"Juez-Horacio-Tolosa\" src=\"http:\/\/www.elsindical.com.ar\/notas\/var\/www\/html\/notas\/wp-content\/uploads\/2012\/08\/Juez-Horacio-Tolosa-300x224.jpg\" alt=\"\" width=\"300\" height=\"224\" srcset=\"https:\/\/www.elsindical.com.ar\/notas\/var\/www\/html\/notas\/wp-content\/uploads\/2012\/08\/Juez-Horacio-Tolosa-300x224.jpg 300w, https:\/\/www.elsindical.com.ar\/notas\/var\/www\/html\/notas\/wp-content\/uploads\/2012\/08\/Juez-Horacio-Tolosa.jpg 443w\" sizes=\"auto, (max-width: 300px) 100vw, 300px\" \/><\/a>El magistrado de Control de la ciudad pampena de General Pico, <strong>Horacio Tolosa<\/strong>, deja su cargo por el hast\u00edo y la <strong>desconfianza<\/strong> que le genera el sistema. Denunci\u00f3 focos de <strong>corrupci\u00f3n<\/strong> y acus\u00f3 a funcionarios y polic\u00edas locales.<\/em><\/p>\n<p style=\"text-align: justify;\">El juez <strong>Tolosa<\/strong> llevaba 25 a\u00f1os como funcionario judicial, en los que desempe\u00f1\u00f3 los cargos de secretario, fiscal y juez de primera instancia. Hasta que decidi\u00f3 dar un sonoro portazo al anunciar su <strong>retiro<\/strong> y argumentar que ya <strong>no conf\u00eda en la Justicia<\/strong>.<\/p>\n<p style=\"text-align: justify;\">En una entrevista con el diario <em>La Arena<\/em>, el funcionario explic\u00f3 que se sinti\u00f3 muy <strong>afectado<\/strong> luego de ser<strong> denunciado <\/strong>por el abogado de un particular al que investigaba por un caso de \u00abrobo de autos de alta gama\u00bb y estafas reiteradas. La acci\u00f3n apunt\u00f3 contra la figura del magistrado porque el denunciante argument\u00f3 que el proceso judicial da\u00f1aba el honor y dignidad de su defendido.<\/p>\n<p style=\"text-align: justify;\">Tras esa acci\u00f3n, con la que intentaron apartarlo de la causa, <strong>Tolosa<\/strong> fue investigado y, abatido, decidi\u00f3 salir de la investigaci\u00f3n por una cuesti\u00f3n de \u00e9tica y limpieza. Y pregunt\u00f3: \u00abAhora, digo yo, <strong>\u00bfmi dignidad y mi honor?<\/strong>\u00ab.<\/p>\n<p style=\"text-align: justify;\">La revelaci\u00f3n de su desconfianza en la Justicia se produjo cuando el juez fue consultado sobre si iba a accionar judicialmente contra quien lo denunci\u00f3, por el da\u00f1o que les hab\u00eda causado a \u00e9l y a su familia.<\/p>\n<p style=\"text-align: justify;\">\u00ab<strong>Como no conf\u00edo en la Justicia, no acudo a ella<\/strong>, porque lo considero una <strong>p\u00e9rdida de tiempo<\/strong>. La tranquilidad me la da el hecho de que la causa sigue\u00bb, dispar\u00f3 Tolosa, que con estas palabras gener\u00f3 una verdadera conmoci\u00f3n en La Pampa.<\/p>\n<p style=\"text-align: justify;\">Luego el magistrado apunt\u00f3 contra el particular y el abogado que lo denunciaron para apartarlo de la investigaci\u00f3n en la causa por el robo de veh\u00edculos de alta gama: \u00abEn esta <strong>sociedad mediocre<\/strong> en la que vivimos, como es General Pico, estas personas son consideradas <strong>exitosas<\/strong>\u00ab.<\/p>\n<p style=\"text-align: justify;\">Un d\u00eda despu\u00e9s de la publicaci\u00f3n de sus declaraciones, Tolosa las ratific\u00f3, agreg\u00f3 que no le interesa lo que piensen en el ambiente judicial y remat\u00f3: \u00ab<strong>Tengo la certeza de que de la Justicia no van a llamarme para felicitarme\u00bb<\/strong>.<\/p>\n<p style=\"text-align: justify;\"><strong>Denuncias de corrupci\u00f3n<\/strong><\/p>\n<p style=\"text-align: justify;\">El magistrado tambi\u00e9n critic\u00f3 al ministro de Gobierno, Justicia y Seguridad, <strong>C\u00e9sar Rodr\u00edguez<\/strong>, y al ex vicegobernador <strong>Luis Campo<\/strong>, y sostuvo que \u00ab<strong>todo el mundo sabe qui\u00e9n vende la droga y qui\u00e9n la consume, y que los polic\u00edas utilizan el m\u00f3vil oficial para cuestiones particulares, pero nadie hace nada<\/strong>\u00ab.<\/p>\n<p style=\"text-align: justify;\">Los <strong>detenidos <\/strong>-manifest\u00f3- afrontan una situaci\u00f3n \u00abtotalmente <strong>irregular<\/strong>, se lesionan derechos y garant\u00edas constitucionales, no se tienen en cuenta la situaci\u00f3n legal, ni el perfil psicol\u00f3gico a la hora de alojarlos, y adem\u00e1s hay personas con condenas firmes albergadas en destacamentos de la Polic\u00eda local\u00bb.<\/p>\n<p style=\"text-align: justify;\">\u00abEn habitaciones de cuatro por cuatro metros hay alojados <strong>diez presos<\/strong>, <strong>salen peor de lo que ingresan<\/strong>, y no hay m\u00e1s muertos porque Dios los bendice todos los d\u00edas\u00bb, concluy\u00f3.<\/p>\n","protected":false},"excerpt":{"rendered":"<p>El magistrado de Control de la ciudad pampena de General Pico, Horacio Tolosa, deja su cargo por el hast\u00edo y la desconfianza que le genera el sistema. Denunci\u00f3 focos de corrupci\u00f3n y acus\u00f3 a funcionarios y polic\u00edas locales. El juez Tolosa llevaba 25 a\u00f1os como funcionario judicial, en los que desempe\u00f1\u00f3 los cargos de secretario,&hellip;<\/p>\n","protected":false},"author":1,"featured_media":0,"comment_status":"open","ping_status":"open","sticky":false,"template":"","format":"standard","meta":{"footnotes":""},"categories":[20],"tags":[10931,12455,41,1912,30,1453],"class_list":["post-26603","post","type-post","status-publish","format-standard","hentry","category-judiciales","tag-general-pico","tag-juez-horacio-tolosa","tag-justicia","tag-la-pampa","tag-policia","tag-politicos"],"_links":{"self":[{"href":"https:\/\/www.elsindical.com.ar\/notas\/wp-json\/wp\/v2\/posts\/26603","targetHints":{"allow":["GET"]}}],"collection":[{"href":"https:\/\/www.elsindical.com.ar\/notas\/wp-json\/wp\/v2\/posts"}],"about":[{"href":"https:\/\/www.elsindical.com.ar\/notas\/wp-json\/wp\/v2\/types\/post"}],"author":[{"embeddable":true,"href":"https:\/\/www.elsindical.com.ar\/notas\/wp-json\/wp\/v2\/users\/1"}],"replies":[{"embeddable":true,"href":"https:\/\/www.elsindical.com.ar\/notas\/wp-json\/wp\/v2\/comments?post=26603"}],"version-history":[{"count":2,"href":"https:\/\/www.elsindical.com.ar\/notas\/wp-json\/wp\/v2\/posts\/26603\/revisions"}],"predecessor-version":[{"id":26606,"href":"https:\/\/www.elsindical.com.ar\/notas\/wp-json\/wp\/v2\/posts\/26603\/revisions\/26606"}],"wp:attachment":[{"href":"https:\/\/www.elsindical.com.ar\/notas\/wp-json\/wp\/v2\/media?parent=26603"}],"wp:term":[{"taxonomy":"category","embeddable":true,"href":"https:\/\/www.elsindical.com.ar\/notas\/wp-json\/wp\/v2\/categories?post=26603"},{"taxonomy":"post_tag","embeddable":true,"href":"https:\/\/www.elsindical.com.ar\/notas\/wp-json\/wp\/v2\/tags?post=26603"}],"curies":[{"name":"wp","href":"https:\/\/api.w.org\/{rel}","templated":true}]}}