{"id":26581,"date":"2012-08-20T01:04:14","date_gmt":"2012-08-20T04:04:14","guid":{"rendered":"http:\/\/www.elsindical.com.ar\/notas\/?p=26581"},"modified":"2012-08-20T01:04:14","modified_gmt":"2012-08-20T04:04:14","slug":"tigretras-los-incidentes-de-la-policia-y-las-hinchadas-internaron-al-jefe-departamental","status":"publish","type":"post","link":"https:\/\/www.elsindical.com.ar\/notas\/tigretras-los-incidentes-de-la-policia-y-las-hinchadas-internaron-al-jefe-departamental\/","title":{"rendered":"Tigre:Tras los incidentes de la polic\u00eda y las hinchadas internaron al Jefe Departamental"},"content":{"rendered":"<div id=\"bajada\" style=\"text-align: justify;\">\n<p><em><a href=\"http:\/\/www.elsindical.com.ar\/notas\/var\/www\/html\/notas\/wp-content\/uploads\/2012\/08\/Comisario-Mayor-Daniel-Herrera.jpg\"><img loading=\"lazy\" decoding=\"async\" class=\"alignleft size-medium wp-image-26582\" title=\"Comisario-Mayor-Daniel-Herrera\" src=\"http:\/\/www.elsindical.com.ar\/notas\/var\/www\/html\/notas\/wp-content\/uploads\/2012\/08\/Comisario-Mayor-Daniel-Herrera-238x300.jpg\" alt=\"\" width=\"238\" height=\"300\" srcset=\"https:\/\/www.elsindical.com.ar\/notas\/var\/www\/html\/notas\/wp-content\/uploads\/2012\/08\/Comisario-Mayor-Daniel-Herrera-238x300.jpg 238w, https:\/\/www.elsindical.com.ar\/notas\/var\/www\/html\/notas\/wp-content\/uploads\/2012\/08\/Comisario-Mayor-Daniel-Herrera.jpg 325w\" sizes=\"auto, (max-width: 238px) 100vw, 238px\" \/><\/a>El Jefe policial de la Departamental San Fernando debi\u00f3 ser operado de urgencia luego de ser golpeado en la cabeza con un elemento cortante. Permanece \u00abestable\u00bb luego de la intervenci\u00f3n quir\u00fargica.<\/em><\/p>\n<\/div>\n<div id=\"texto\" style=\"text-align: justify;\">\n<p>El\u00a0Comisario Mayor\u00a0de la Departamental de San Fernando fue herido este domingo en la cabeza e intervenido de urgencia casi inmediatamente, luego de las refriegas que se produjeron antes y durante la realizaci\u00f3n del partido Tigre-River, en cancha del primero, por el torneo Inicial de f\u00fatbol de la primera divisi\u00f3n.<\/p>\n<p>El funcionario de la Polic\u00eda provincial herido es <strong>Daniel Herrera<\/strong>, titular de la Departamental de San Fernando, quien fue golpeado por un elemento cortante en la cabeza, lo que provoc\u00f3 que fuera derivado r\u00e1pidamente al hospital regional.<\/p>\n<p>El Jefe de la Polic\u00eda Bonaerense Comisario General,<strong> Hugo Matzkin<\/strong>, confi\u00f3 que el Comisario Mayor<em> \u201cest\u00e1 estable\u201d<\/em>, tras la operaci\u00f3n a la que fue sometido.<\/p>\n<p>Al menos dos focos de violencia se produjeron en las inmediaciones del estadio Jos\u00e9 Dellagiovanna.<\/p>\n<p>Varios de los simpatizantes de River (alrededor de 400, seg\u00fan estimaciones) que llegaban a la cancha por avenida del Libertador pretendieron acceder con entradas falsas o ap\u00f3crifas. Por ende, los distintos controles rechazaron el acceso y sobrevinieron, l\u00f3gicamente, los primeros incidentes.<\/p>\n<p>Los efectivos policiales repelieron la furia de los hinchas que arrojaban piedras y diversos elementos contundentes disparando balas de goma. El epicentro de la situaci\u00f3n conflictiva se dio en la intersecci\u00f3n de las calles Moreno y Guido Spano.<\/p>\n<p>Pero casi simult\u00e1neamente, por avenida Per\u00f3n, en el acceso de los hinchas locales tambi\u00e9n se registr\u00f3 un duro cruce entre los agentes de seguridad y buena parte de la barra del \u2018<em>Matador<\/em>\u2018.<\/p>\n<p>Al parecer, seg\u00fan lo contado por voceros, el centro del conflicto se dio a la altura de la esquina de la calle Iriondo, donde se certific\u00f3 que hubo roturas de vidrios. De acuerdo a lo narrado por fuentes policiales<em> \u201calrededor de 50 personas sufrieron lastimaduras\u201d<\/em>, como consecuencia de los enfrentamientos con la Polic\u00eda provincial.<\/p>\n<\/div>\n","protected":false},"excerpt":{"rendered":"<p>El Jefe policial de la Departamental San Fernando debi\u00f3 ser operado de urgencia luego de ser golpeado en la cabeza con un elemento cortante. Permanece \u00abestable\u00bb luego de la intervenci\u00f3n quir\u00fargica. El\u00a0Comisario Mayor\u00a0de la Departamental de San Fernando fue herido este domingo en la cabeza e intervenido de urgencia casi inmediatamente, luego de las refriegas&hellip;<\/p>\n","protected":false},"author":1,"featured_media":0,"comment_status":"open","ping_status":"open","sticky":false,"template":"","format":"standard","meta":{"footnotes":""},"categories":[22],"tags":[2390,1785,12446,795,1678,12447,1002,2391,1463,646],"class_list":["post-26581","post","type-post","status-publish","format-standard","hentry","category-policiales","tag-barras","tag-cabeza","tag-comisario-mayor-daniel-herrera","tag-entradas","tag-herida","tag-hinchadas","tag-operacion","tag-river","tag-san-fernando","tag-tigre"],"_links":{"self":[{"href":"https:\/\/www.elsindical.com.ar\/notas\/wp-json\/wp\/v2\/posts\/26581","targetHints":{"allow":["GET"]}}],"collection":[{"href":"https:\/\/www.elsindical.com.ar\/notas\/wp-json\/wp\/v2\/posts"}],"about":[{"href":"https:\/\/www.elsindical.com.ar\/notas\/wp-json\/wp\/v2\/types\/post"}],"author":[{"embeddable":true,"href":"https:\/\/www.elsindical.com.ar\/notas\/wp-json\/wp\/v2\/users\/1"}],"replies":[{"embeddable":true,"href":"https:\/\/www.elsindical.com.ar\/notas\/wp-json\/wp\/v2\/comments?post=26581"}],"version-history":[{"count":2,"href":"https:\/\/www.elsindical.com.ar\/notas\/wp-json\/wp\/v2\/posts\/26581\/revisions"}],"predecessor-version":[{"id":26584,"href":"https:\/\/www.elsindical.com.ar\/notas\/wp-json\/wp\/v2\/posts\/26581\/revisions\/26584"}],"wp:attachment":[{"href":"https:\/\/www.elsindical.com.ar\/notas\/wp-json\/wp\/v2\/media?parent=26581"}],"wp:term":[{"taxonomy":"category","embeddable":true,"href":"https:\/\/www.elsindical.com.ar\/notas\/wp-json\/wp\/v2\/categories?post=26581"},{"taxonomy":"post_tag","embeddable":true,"href":"https:\/\/www.elsindical.com.ar\/notas\/wp-json\/wp\/v2\/tags?post=26581"}],"curies":[{"name":"wp","href":"https:\/\/api.w.org\/{rel}","templated":true}]}}