{"id":26578,"date":"2012-08-20T00:39:09","date_gmt":"2012-08-20T03:39:09","guid":{"rendered":"http:\/\/www.elsindical.com.ar\/notas\/?p=26578"},"modified":"2012-08-20T00:39:09","modified_gmt":"2012-08-20T03:39:09","slug":"belgranola-custodia-de-los-empresarios-werthein-se-tiroteo-con-grupo-de-delincuentes","status":"publish","type":"post","link":"https:\/\/www.elsindical.com.ar\/notas\/belgranola-custodia-de-los-empresarios-werthein-se-tiroteo-con-grupo-de-delincuentes\/","title":{"rendered":"Belgrano:La custodia de los empresarios Werthein se tirote\u00f3 con grupo de delincuentes"},"content":{"rendered":"<p style=\"text-align: justify;\"><em><a href=\"http:\/\/www.elsindical.com.ar\/notas\/var\/www\/html\/notas\/wp-content\/uploads\/2010\/05\/disparos-pistola1.jpg\"><img loading=\"lazy\" decoding=\"async\" class=\"alignleft size-full wp-image-6653\" title=\"disparos-pistola\" src=\"http:\/\/www.elsindical.com.ar\/notas\/var\/www\/html\/notas\/wp-content\/uploads\/2010\/05\/disparos-pistola1.jpg\" alt=\"\" width=\"236\" height=\"170\" \/><\/a>Un joven familiar de ellos y su acompa\u00f1ante fueron sorprendidos por ocho delincuentes que se movilizaban en un Honda CRV gris y que quisieron asaltarlos. El veh\u00edculo del personal de seguridad recibi\u00f3 tres impactos de bala, aunque no hubo ninguna persona herida como consecuencia del enfrentamiento armado.<\/em><\/p>\n<p style=\"text-align: justify;\">La custodia de los empresarios Werthein se tirote\u00f3 con un grupo de delincuentes que intent\u00f3 interceptar el auto en el que un familiar de uno de los ejecutivos se movilizaba por el barrio de Belgrano, informaron hoy fuentes policiales.<\/p>\n<p style=\"text-align: justify;\">El hecho ocurri\u00f3 anoche, alrededor de las 22:00 hs., en Soler y Ciudad de La Paz, en la zona norte de Capital Federal, donde un joven de 23 a\u00f1os, pariente de los Werthein, se movilizaba con otra persona a bordo de su BMW X3 particular.<\/p>\n<p style=\"text-align: justify;\">Fuentes policiales informaron a T\u00e9lam que este muchacho y su acompa\u00f1ante fueron sorprendidos por ocho delincuentes que se movilizaban en un Honda CRV gris y que quisieron asaltarlos.<\/p>\n<p style=\"text-align: justify;\">Ante esa situaci\u00f3n, la custodia privada del joven que se movilizaba en otro veh\u00edculo intervino y se tirote\u00f3 con los sospechosos que finalmente huyeron del lugar.<\/p>\n<p style=\"text-align: justify;\">Seg\u00fan las fuentes, el veh\u00edculo de la custodia recibi\u00f3 tres impactos de bala, aunque no hubo ninguna persona herida como consecuencia del enfrentamiento armado.<\/p>\n<p style=\"text-align: justify;\">El hecho es investigado por el personal de la comisar\u00eda 31ra. de la Polic\u00eda Federal Argentina y la Justicia porte\u00f1a.<\/p>\n<p style=\"text-align: justify;\">En marzo pasado, Adri\u00e1n Werthein, vicepresidente de Personal, fue asaltado cuando regresaba junto a su mujer abogada de la casa de unos amigos a bordo de su camioneta BMW X6, que era conducida por su custodio.<\/p>\n<p style=\"text-align: justify;\">En esa oportunidad, al llegar a la Autopista del Oeste y el cruce con la General Paz, las v\u00edctimas fueron interceptados por un Volkswagen Bora y una camioneta de los que descendieron tres delincuentes armados que los amenazaron.<\/p>\n<p style=\"text-align: justify;\">Luego, los asaltantes quisieron pasar a Werthein a otro veh\u00edculo pero el empresario trastabill\u00f3 y cay\u00f3 por la banquina de la autopista, por lo que los delincuentes lo abandonaron y huyeron en su camioneta con su mujer y su custodio cautivos, quienes finalmente fueron liberados tras un intenso tiroteo.<\/p>\n<p style=\"text-align: justify;\">Por este hecho fueron detenidos en mayo cuatro sospechosos que se creen formaban parte de la misma banda que un mes antes hab\u00eda asaltado a una empresaria en La Matanza y al jugador de f\u00fatbol Mat\u00edas Defederico en el barrio de Mataderos.<\/p>\n","protected":false},"excerpt":{"rendered":"<p>Un joven familiar de ellos y su acompa\u00f1ante fueron sorprendidos por ocho delincuentes que se movilizaban en un Honda CRV gris y que quisieron asaltarlos. El veh\u00edculo del personal de seguridad recibi\u00f3 tres impactos de bala, aunque no hubo ninguna persona herida como consecuencia del enfrentamiento armado. La custodia de los empresarios Werthein se tirote\u00f3&hellip;<\/p>\n","protected":false},"author":1,"featured_media":0,"comment_status":"open","ping_status":"open","sticky":false,"template":"","format":"standard","meta":{"footnotes":""},"categories":[22],"tags":[1225,12445,1469,581,12444,238,12443],"class_list":["post-26578","post","type-post","status-publish","format-standard","hentry","category-policiales","tag-belgrano","tag-bmw-x3","tag-custodia","tag-delincuentes","tag-honda-crv","tag-tiroteo","tag-werthein"],"_links":{"self":[{"href":"https:\/\/www.elsindical.com.ar\/notas\/wp-json\/wp\/v2\/posts\/26578","targetHints":{"allow":["GET"]}}],"collection":[{"href":"https:\/\/www.elsindical.com.ar\/notas\/wp-json\/wp\/v2\/posts"}],"about":[{"href":"https:\/\/www.elsindical.com.ar\/notas\/wp-json\/wp\/v2\/types\/post"}],"author":[{"embeddable":true,"href":"https:\/\/www.elsindical.com.ar\/notas\/wp-json\/wp\/v2\/users\/1"}],"replies":[{"embeddable":true,"href":"https:\/\/www.elsindical.com.ar\/notas\/wp-json\/wp\/v2\/comments?post=26578"}],"version-history":[{"count":2,"href":"https:\/\/www.elsindical.com.ar\/notas\/wp-json\/wp\/v2\/posts\/26578\/revisions"}],"predecessor-version":[{"id":26580,"href":"https:\/\/www.elsindical.com.ar\/notas\/wp-json\/wp\/v2\/posts\/26578\/revisions\/26580"}],"wp:attachment":[{"href":"https:\/\/www.elsindical.com.ar\/notas\/wp-json\/wp\/v2\/media?parent=26578"}],"wp:term":[{"taxonomy":"category","embeddable":true,"href":"https:\/\/www.elsindical.com.ar\/notas\/wp-json\/wp\/v2\/categories?post=26578"},{"taxonomy":"post_tag","embeddable":true,"href":"https:\/\/www.elsindical.com.ar\/notas\/wp-json\/wp\/v2\/tags?post=26578"}],"curies":[{"name":"wp","href":"https:\/\/api.w.org\/{rel}","templated":true}]}}