{"id":26557,"date":"2012-08-19T01:37:01","date_gmt":"2012-08-19T04:37:01","guid":{"rendered":"http:\/\/www.elsindical.com.ar\/notas\/?p=26557"},"modified":"2012-08-19T01:37:01","modified_gmt":"2012-08-19T04:37:01","slug":"denuncian-que-el-ioma-pone-en-riesgo-la-vida-de-una-paciente","status":"publish","type":"post","link":"https:\/\/www.elsindical.com.ar\/notas\/denuncian-que-el-ioma-pone-en-riesgo-la-vida-de-una-paciente\/","title":{"rendered":"Denuncian que el IOMA pone en riesgo la vida de una paciente"},"content":{"rendered":"<p style=\"text-align: justify;\"><em><a href=\"http:\/\/www.elsindical.com.ar\/notas\/var\/www\/html\/notas\/wp-content\/uploads\/2012\/08\/Cinthya-Graciarena.jpg\"><img loading=\"lazy\" decoding=\"async\" class=\"alignleft size-medium wp-image-26558\" title=\"Cinthya-Graciarena\" src=\"http:\/\/www.elsindical.com.ar\/notas\/var\/www\/html\/notas\/wp-content\/uploads\/2012\/08\/Cinthya-Graciarena-300x142.jpg\" alt=\"\" width=\"300\" height=\"142\" srcset=\"https:\/\/www.elsindical.com.ar\/notas\/var\/www\/html\/notas\/wp-content\/uploads\/2012\/08\/Cinthya-Graciarena-300x142.jpg 300w, https:\/\/www.elsindical.com.ar\/notas\/var\/www\/html\/notas\/wp-content\/uploads\/2012\/08\/Cinthya-Graciarena.jpg 443w\" sizes=\"auto, (max-width: 300px) 100vw, 300px\" \/><\/a>Una vez m\u00e1s las redes sociales e Internet, vuelven a utilizar su potencial para denunciar en este caso, la grave situaci\u00f3n que est\u00e1 pasando una mujer por falta de inter\u00e9s de las autoridades de IOMA, a continuaci\u00f3n el texto:<\/em><\/p>\n<p style=\"text-align: justify;\">el d\u00eda 15 de agosto. la Compa\u00f1era <strong>Cinthya Graciarena<\/strong> deb\u00eda operarse en la Fundaci\u00f3n Favaloro por una afecci\u00f3n card\u00edaca, no lo puede hacer PORQUE IOMA NO PAG\u00d3 LA PR\u00d3TESIS que estaba aprobada desde marzo.<\/p>\n<p style=\"text-align: justify;\">Seg\u00fan los m\u00e9dicos, su situaci\u00f3n es muy grave y seg\u00fan pudo saber hay 10 personas m\u00e1s en su situaci\u00f3n. Acudo a Uds. porque ya hemos agotado todas las instancias administrativas, pero el poncho no aparece, el martes iremos a La Plata a presentar un recurso de amparo, que tampoco sabemos si prosperar\u00e1 y en qu\u00e9 tiempo. Si a alguien se le ocurre algo para arribar a una soluci\u00f3n se lo agradecemos. Un abrazo. Daniel Sanz.<\/p>\n<p style=\"text-align: justify;\"><span style=\"color: #002060; font-family: Tahoma; font-size: medium;\">INFORMACI\u00d3N REMITIRLA A : <\/span><a href=\"mailto:danieljsanz@gmail.com\">danieljsanz@gmail.com<\/a><\/p>\n","protected":false},"excerpt":{"rendered":"<p>Una vez m\u00e1s las redes sociales e Internet, vuelven a utilizar su potencial para denunciar en este caso, la grave situaci\u00f3n que est\u00e1 pasando una mujer por falta de inter\u00e9s de las autoridades de IOMA, a continuaci\u00f3n el texto: el d\u00eda 15 de agosto. la Compa\u00f1era Cinthya Graciarena deb\u00eda operarse en la Fundaci\u00f3n Favaloro por&hellip;<\/p>\n","protected":false},"author":1,"featured_media":0,"comment_status":"open","ping_status":"open","sticky":false,"template":"","format":"standard","meta":{"footnotes":""},"categories":[6],"tags":[12439,12438,4524,5203,1002,12440],"class_list":["post-26557","post","type-post","status-publish","format-standard","hentry","category-denuncias","tag-afeccion-cardiaca","tag-cinthya-graciarena","tag-fundacion-favaloro","tag-ioma","tag-operacion","tag-protesis"],"_links":{"self":[{"href":"https:\/\/www.elsindical.com.ar\/notas\/wp-json\/wp\/v2\/posts\/26557","targetHints":{"allow":["GET"]}}],"collection":[{"href":"https:\/\/www.elsindical.com.ar\/notas\/wp-json\/wp\/v2\/posts"}],"about":[{"href":"https:\/\/www.elsindical.com.ar\/notas\/wp-json\/wp\/v2\/types\/post"}],"author":[{"embeddable":true,"href":"https:\/\/www.elsindical.com.ar\/notas\/wp-json\/wp\/v2\/users\/1"}],"replies":[{"embeddable":true,"href":"https:\/\/www.elsindical.com.ar\/notas\/wp-json\/wp\/v2\/comments?post=26557"}],"version-history":[{"count":1,"href":"https:\/\/www.elsindical.com.ar\/notas\/wp-json\/wp\/v2\/posts\/26557\/revisions"}],"predecessor-version":[{"id":26559,"href":"https:\/\/www.elsindical.com.ar\/notas\/wp-json\/wp\/v2\/posts\/26557\/revisions\/26559"}],"wp:attachment":[{"href":"https:\/\/www.elsindical.com.ar\/notas\/wp-json\/wp\/v2\/media?parent=26557"}],"wp:term":[{"taxonomy":"category","embeddable":true,"href":"https:\/\/www.elsindical.com.ar\/notas\/wp-json\/wp\/v2\/categories?post=26557"},{"taxonomy":"post_tag","embeddable":true,"href":"https:\/\/www.elsindical.com.ar\/notas\/wp-json\/wp\/v2\/tags?post=26557"}],"curies":[{"name":"wp","href":"https:\/\/api.w.org\/{rel}","templated":true}]}}