{"id":26527,"date":"2012-08-17T18:05:09","date_gmt":"2012-08-17T21:05:09","guid":{"rendered":"http:\/\/www.elsindical.com.ar\/notas\/?p=26527"},"modified":"2012-08-17T18:05:09","modified_gmt":"2012-08-17T21:05:09","slug":"monserrathallan-asesinado-a-un-anciano-en-un-negocio","status":"publish","type":"post","link":"https:\/\/www.elsindical.com.ar\/notas\/monserrathallan-asesinado-a-un-anciano-en-un-negocio\/","title":{"rendered":"Monserrat:Hallan asesinado a un anciano en un negocio"},"content":{"rendered":"<div id=\"bajada\" style=\"text-align: justify;\">\n<p><em><a href=\"http:\/\/www.elsindical.com.ar\/notas\/var\/www\/html\/notas\/wp-content\/uploads\/2012\/08\/oficina-Alsina-1123.jpg\"><img loading=\"lazy\" decoding=\"async\" class=\"alignleft size-medium wp-image-26528\" title=\"oficina-Alsina-1123\" src=\"http:\/\/www.elsindical.com.ar\/notas\/var\/www\/html\/notas\/wp-content\/uploads\/2012\/08\/oficina-Alsina-1123-300x193.jpg\" alt=\"\" width=\"300\" height=\"193\" srcset=\"https:\/\/www.elsindical.com.ar\/notas\/var\/www\/html\/notas\/wp-content\/uploads\/2012\/08\/oficina-Alsina-1123-300x193.jpg 300w, https:\/\/www.elsindical.com.ar\/notas\/var\/www\/html\/notas\/wp-content\/uploads\/2012\/08\/oficina-Alsina-1123.jpg 413w\" sizes=\"auto, (max-width: 300px) 100vw, 300px\" \/><\/a>Un hombre de 82 a\u00f1os fue salvajemente asesinado a cuchilladas en el interior de un comercio del barrio porte\u00f1o de Monserrat. Los pesquisas presumen que se habr\u00eda tratado de un homicidio en ocasi\u00f3n de robo.<\/em><\/p>\n<\/div>\n<div id=\"texto\" style=\"text-align: justify;\">\n<p>Un anciano de 84 a\u00f1os fue encontrado hoy asesinado a pu\u00f1aladas en el interior de una oficina que funciona en un edificio del barrio porte\u00f1o de Monserrat, informaron fuentes policiales.<\/p>\n<p>El hallazgo se produjo este mediod\u00eda en una oficina en la que funciona una empresa que administra viviendas para jubilados, situada en el edificio de Alsina 1123, a metros del cruce con Lima.<\/p>\n<p>Un jefe policial inform\u00f3 que fue una persona que trabaja en el lugar quien encontr\u00f3 el cuerpo del anciano, que presentaba al menos dos heridas punzo cortantes que le provocaron una abundante p\u00e9rdida de sangre.<\/p>\n<p>De inmediato fueron alertados efectivos de la seccional cuarta, con jurisdicci\u00f3n en la zona, que esta tarde trabajaban en el lugar del hallazgo junrto a los peritos.<\/p>\n<p>Los voceros dijeron que el anciano pudo haber sido atacado durante la madrugada, por lo que se investigan las circunstancias de su presencia en esa oficina, cuyos directivos fueron convocados al lugar para declarar.<\/p>\n<p>En principio, la polic\u00eda descart\u00f3 que el crimen se haya cometido en el marco de un robo, aunque tampoco tiene pistas concretas sobre lo sucedido.<\/p>\n<\/div>\n","protected":false},"excerpt":{"rendered":"<p>Un hombre de 82 a\u00f1os fue salvajemente asesinado a cuchilladas en el interior de un comercio del barrio porte\u00f1o de Monserrat. Los pesquisas presumen que se habr\u00eda tratado de un homicidio en ocasi\u00f3n de robo. Un anciano de 84 a\u00f1os fue encontrado hoy asesinado a pu\u00f1aladas en el interior de una oficina que funciona en&hellip;<\/p>\n","protected":false},"author":1,"featured_media":0,"comment_status":"open","ping_status":"open","sticky":false,"template":"","format":"standard","meta":{"footnotes":""},"categories":[22],"tags":[39,22024,3014,2757,30,116],"class_list":["post-26527","post","type-post","status-publish","format-standard","hentry","category-policiales","tag-asesinado","tag-investigacion","tag-monserrat","tag-peritos","tag-policia","tag-robo"],"_links":{"self":[{"href":"https:\/\/www.elsindical.com.ar\/notas\/wp-json\/wp\/v2\/posts\/26527","targetHints":{"allow":["GET"]}}],"collection":[{"href":"https:\/\/www.elsindical.com.ar\/notas\/wp-json\/wp\/v2\/posts"}],"about":[{"href":"https:\/\/www.elsindical.com.ar\/notas\/wp-json\/wp\/v2\/types\/post"}],"author":[{"embeddable":true,"href":"https:\/\/www.elsindical.com.ar\/notas\/wp-json\/wp\/v2\/users\/1"}],"replies":[{"embeddable":true,"href":"https:\/\/www.elsindical.com.ar\/notas\/wp-json\/wp\/v2\/comments?post=26527"}],"version-history":[{"count":1,"href":"https:\/\/www.elsindical.com.ar\/notas\/wp-json\/wp\/v2\/posts\/26527\/revisions"}],"predecessor-version":[{"id":26529,"href":"https:\/\/www.elsindical.com.ar\/notas\/wp-json\/wp\/v2\/posts\/26527\/revisions\/26529"}],"wp:attachment":[{"href":"https:\/\/www.elsindical.com.ar\/notas\/wp-json\/wp\/v2\/media?parent=26527"}],"wp:term":[{"taxonomy":"category","embeddable":true,"href":"https:\/\/www.elsindical.com.ar\/notas\/wp-json\/wp\/v2\/categories?post=26527"},{"taxonomy":"post_tag","embeddable":true,"href":"https:\/\/www.elsindical.com.ar\/notas\/wp-json\/wp\/v2\/tags?post=26527"}],"curies":[{"name":"wp","href":"https:\/\/api.w.org\/{rel}","templated":true}]}}