{"id":26504,"date":"2012-08-17T08:38:40","date_gmt":"2012-08-17T11:38:40","guid":{"rendered":"http:\/\/www.elsindical.com.ar\/notas\/?p=26504"},"modified":"2012-08-17T08:38:40","modified_gmt":"2012-08-17T11:38:40","slug":"sudafricamasacran-a-obreros-que-reclamaban-por-aumentos-salariales","status":"publish","type":"post","link":"https:\/\/www.elsindical.com.ar\/notas\/sudafricamasacran-a-obreros-que-reclamaban-por-aumentos-salariales\/","title":{"rendered":"Sud\u00e1frica:Masacran a obreros que reclamaban por aumentos salariales"},"content":{"rendered":"<p style=\"text-align: justify;\"><em><a href=\"http:\/\/www.elsindical.com.ar\/notas\/var\/www\/html\/notas\/wp-content\/uploads\/2012\/08\/masacre-sud\u00e1frica.jpg\"><img loading=\"lazy\" decoding=\"async\" class=\"alignleft size-medium wp-image-26505\" title=\"masacre-sud\u00e1frica\" src=\"http:\/\/www.elsindical.com.ar\/notas\/var\/www\/html\/notas\/wp-content\/uploads\/2012\/08\/masacre-sud\u00e1frica-300x179.jpg\" alt=\"\" width=\"300\" height=\"179\" srcset=\"https:\/\/www.elsindical.com.ar\/notas\/var\/www\/html\/notas\/wp-content\/uploads\/2012\/08\/masacre-sud\u00e1frica-300x179.jpg 300w, https:\/\/www.elsindical.com.ar\/notas\/var\/www\/html\/notas\/wp-content\/uploads\/2012\/08\/masacre-sud\u00e1frica.jpg 502w\" sizes=\"auto, (max-width: 300px) 100vw, 300px\" \/><\/a>Los uniformados les dispararon a unos <strong>15 metros de distancia<\/strong>, cuando estaban por ser atacados. El Gobierno se mostr\u00f3 \u201c<strong>horrorizado<\/strong>\u201d. Podr\u00eda haber hasta <strong>38 muertos<\/strong>.<\/em><\/p>\n<p style=\"text-align: justify;\">La polic\u00eda sudafricana dispar\u00f3 el jueves contra <strong>mineros en huelga armados con machetes y palos<\/strong> en la mina de platino <strong>Marikana de Lonmin,<\/strong> matando al menos a 30 hombres en escenas que motivaron comparaciones con la brutalidad vivida durante <strong>la era del apartheid.<\/strong><\/p>\n<p style=\"text-align: justify;\">En el incidente, filmado por la angecia <em>Reuters<\/em>, agentes dispararon con armas autom\u00e1ticas contra un grupo de hombres que surgi\u00f3 desde atr\u00e1s de un veh\u00edculo y comenz\u00f3 a correr hacia las l\u00edneas policiales. La descarga de balas levant\u00f3 una nube de polvo, que se despej\u00f3 para revelar las cad\u00e1veres tendidos en el suelo.<\/p>\n<p style=\"text-align: justify;\">El presidente <strong>Jacob Zuma<\/strong> dijo que estaba \u00abhorrorizado y consternado\u00bb por lo que parece ser una de las operaciones policiales m\u00e1s sangrientas desde el fin de los gobiernos de minor\u00eda blanca en 1994 en la mayor econom\u00eda de <strong>Africa<\/strong>. \u00abHe ordenado a las agencias de la ley que hagan todo lo posible por controlar la situaci\u00f3n y <strong>que los perpetradores de la violencia rindan cuentas ante la justicia<\/strong>\u00ab, dijo en un comunicado.<\/p>\n<p style=\"text-align: justify;\">La polic\u00eda confirm\u00f3 la cifra de muertes en la operaci\u00f3n para dispersar a 3.000 operadores de perforadoras que protestaban y se hab\u00edan reunido en una formaci\u00f3n rocosa cerca de la mina, a 100 kil\u00f3metros al noroeste de Johannesburgo.<\/p>\n<p style=\"text-align: justify;\">No obstante, un vocero de la opositora <strong>Alianza Democr\u00e1tica<\/strong> dijo que la cifra total podr\u00eda llegar a 38 muertos. Y <strong>los trabajadores calcularon que los fallecidos ser\u00edan 36<\/strong>.<\/p>\n<p style=\"text-align: justify;\">Los precios mundiales del platino saltaron hasta 30 d\u00f3lares la onza, m\u00e1s de un 2 por ciento, a un m\u00e1ximo de seis d\u00edas a medida que la extensi\u00f3n de la violencia se hizo notoria en el pa\u00eds que posee el 80 por ciento de las reservas conocidas.<\/p>\n<p style=\"text-align: justify;\">Los l\u00edderes de la radical <strong>Asociaci\u00f3n de Trabajadores Mineros y Sindicato de la Construcci\u00f3n<\/strong> (AMCU, por sus siglas en ingl\u00e9s), que representaba a la mayor\u00eda de los obreros en huelga, acus\u00f3 a la polic\u00eda por la masacre. \u00abNo hab\u00eda necesidad alguna de que esta gente muriera de esta manera\u00bb, dijo a <em>Reuters<\/em> el secretario general <strong>Jeffrey Mphahlele<\/strong>.<\/p>\n<p style=\"text-align: justify;\">Algunos comentaristas compararon las escenas a las im\u00e1genes de la polic\u00eda disparando contra multitudes de manifestantes en distritos de gente negra durante la era del <strong>apartheid<\/strong>. \u00abNo puedo pensar en una confrontaci\u00f3n entre manifestantes y polic\u00edas desde 1994 que haya ocurrido de esta manera\u00bb, dijo Nic Borain, un analista pol\u00edtico independiente.<\/p>\n<p style=\"text-align: justify;\">Los disturbios han obligado a los due\u00f1os de Marikana en Londres a detener la producci\u00f3n de todas sus operaciones en Sud\u00e1frica, que corresponden al 12 por ciento de la producci\u00f3n mundial de platino. <strong>Lonmin dijo que ha perdido el equivalente a 15.000 onzas de ese metal<\/strong> por la paralizaci\u00f3n de seis d\u00edas y que es poco probable que alcance su meta de producci\u00f3n anual de 750.000 onzas.<\/p>\n<p style=\"text-align: justify;\">Sus acciones cayeron a m\u00ednimos de cuatro a\u00f1os, perdiendo un 6,7 por ciento en Londres y un 7,3 por ciento en Johannesburgo. En total, han perdido m\u00e1s de un 13 por ciento desde que comenzaron los disturbios el fin de semana.<\/p>\n<p style=\"text-align: justify;\">Despu\u00e9s de la masacre, Lonmin public\u00f3 en su web oficial un comunicado en el que su presidente, <strong>Roger Phillimore<\/strong>, dice estar \u00abtratando el desarrollo de los acontecimientos sobre las operaciones de la polic\u00eda con la mayor seriedad\u00bb.<\/p>\n<p style=\"text-align: justify;\">En su particular enfoque de la situaci\u00f3n, asegura rechazar la p\u00e9rdida de vidas \u00aben lo que <strong>es claramente un problema de orden p\u00fablico m\u00e1s que un conflicto sobre relaciones laborales\u00bb.<\/strong><\/p>\n<div style=\"text-align: justify;\"><\/div>\n","protected":false},"excerpt":{"rendered":"<p>Los uniformados les dispararon a unos 15 metros de distancia, cuando estaban por ser atacados. El Gobierno se mostr\u00f3 \u201chorrorizado\u201d. Podr\u00eda haber hasta 38 muertos. La polic\u00eda sudafricana dispar\u00f3 el jueves contra mineros en huelga armados con machetes y palos en la mina de platino Marikana de Lonmin, matando al menos a 30 hombres en&hellip;<\/p>\n","protected":false},"author":1,"featured_media":0,"comment_status":"open","ping_status":"open","sticky":false,"template":"","format":"standard","meta":{"footnotes":""},"categories":[18],"tags":[894,859,4903,649,2319,30,292,12423,3392],"class_list":["post-26504","post","type-post","status-publish","format-standard","hentry","category-internacionales","tag-disparos","tag-masacre","tag-mineros","tag-muertos","tag-obreros","tag-policia","tag-protesta","tag-reclamo-salarial","tag-sudafrica"],"_links":{"self":[{"href":"https:\/\/www.elsindical.com.ar\/notas\/wp-json\/wp\/v2\/posts\/26504","targetHints":{"allow":["GET"]}}],"collection":[{"href":"https:\/\/www.elsindical.com.ar\/notas\/wp-json\/wp\/v2\/posts"}],"about":[{"href":"https:\/\/www.elsindical.com.ar\/notas\/wp-json\/wp\/v2\/types\/post"}],"author":[{"embeddable":true,"href":"https:\/\/www.elsindical.com.ar\/notas\/wp-json\/wp\/v2\/users\/1"}],"replies":[{"embeddable":true,"href":"https:\/\/www.elsindical.com.ar\/notas\/wp-json\/wp\/v2\/comments?post=26504"}],"version-history":[{"count":2,"href":"https:\/\/www.elsindical.com.ar\/notas\/wp-json\/wp\/v2\/posts\/26504\/revisions"}],"predecessor-version":[{"id":26507,"href":"https:\/\/www.elsindical.com.ar\/notas\/wp-json\/wp\/v2\/posts\/26504\/revisions\/26507"}],"wp:attachment":[{"href":"https:\/\/www.elsindical.com.ar\/notas\/wp-json\/wp\/v2\/media?parent=26504"}],"wp:term":[{"taxonomy":"category","embeddable":true,"href":"https:\/\/www.elsindical.com.ar\/notas\/wp-json\/wp\/v2\/categories?post=26504"},{"taxonomy":"post_tag","embeddable":true,"href":"https:\/\/www.elsindical.com.ar\/notas\/wp-json\/wp\/v2\/tags?post=26504"}],"curies":[{"name":"wp","href":"https:\/\/api.w.org\/{rel}","templated":true}]}}