{"id":26458,"date":"2012-08-16T09:09:15","date_gmt":"2012-08-16T12:09:15","guid":{"rendered":"http:\/\/www.elsindical.com.ar\/notas\/?p=26458"},"modified":"2017-05-26T09:49:32","modified_gmt":"2017-05-26T12:49:32","slug":"no-a-las-rejas-en-los-espacios-publicos","status":"publish","type":"post","link":"https:\/\/www.elsindical.com.ar\/notas\/no-a-las-rejas-en-los-espacios-publicos\/","title":{"rendered":"No a las rejas en los espacios p\u00fablicos"},"content":{"rendered":"<p style=\"text-align: justify;\"><em><a href=\"http:\/\/www.elsindical.com.ar\/notas\/var\/www\/html\/notas\/wp-content\/uploads\/2012\/08\/Convocatoria-contra-rejas-plazas.jpg\"><img loading=\"lazy\" decoding=\"async\" class=\"alignleft size-medium wp-image-26459\" title=\"Convocatoria-contra-rejas-plazas\" src=\"http:\/\/www.elsindical.com.ar\/notas\/var\/www\/html\/notas\/wp-content\/uploads\/2012\/08\/Convocatoria-contra-rejas-plazas-300x225.jpg\" alt=\"\" width=\"300\" height=\"225\" srcset=\"https:\/\/www.elsindical.com.ar\/notas\/var\/www\/html\/notas\/wp-content\/uploads\/2012\/08\/Convocatoria-contra-rejas-plazas-300x225.jpg 300w, https:\/\/www.elsindical.com.ar\/notas\/var\/www\/html\/notas\/wp-content\/uploads\/2012\/08\/Convocatoria-contra-rejas-plazas.jpg 413w\" sizes=\"auto, (max-width: 300px) 100vw, 300px\" \/><\/a>El pr\u00f3ximo s\u00e1bado 18 de agosto a partir de las 16:00 hs., se realizar\u00e1 en el Parque Centenario, en el m\u00e1stil de D\u00edaz Velez y Leopoldo Marechal, una actividad contra el enrejamiento del parque que pretende ser enrejado en su totalidad por la administraci\u00f3n macrista. <\/em><\/p>\n<p style=\"text-align: justify;\">NO QUEREMOS REJAS EN NINGUN ESPACIO PUBLICO!!<\/p>\n<p style=\"text-align: justify;\">CONVOCAMOS A TODAS Y TODOS LOS ESPACIOS AUTONOMOS, INDEPENDIENTES, POLITICOS, CULTURALES, SOCIALES, GENTE EN PARTICULAR AUTOCONVOCADA O NO, INTERESADA EN ORGANIZARSE PARA DETENER ESTE ENCARCELAMIENTO DE LA CIUDAD<\/p>\n<p style=\"text-align: justify;\">LOS ESPEREMOS A TODOS SABADO 18 AGOSTO 16:00 Hs MASTIL DEL PARQUE CENTENARIO<\/p>\n<p style=\"text-align: justify;\">DIAZ VELEZ Y LEOPOLDO MARECHAL<\/p>\n<p style=\"text-align: justify;\">ASAMBLEA GENERAL PARA JUNTARNOS Y ORGANIZARNOS<\/p>\n<p style=\"text-align: justify;\">al principio estaremos con la bandera de cine libre, luego no sera necesario de la cantidad de personas que seremos<\/p>\n<p style=\"text-align: justify;\">recontra difundir!!<\/p>\n","protected":false},"excerpt":{"rendered":"<p>El pr\u00f3ximo s\u00e1bado 18 de agosto a partir de las 16:00 hs., se realizar\u00e1 en el Parque Centenario, en el m\u00e1stil de D\u00edaz Velez y Leopoldo Marechal, una actividad contra el enrejamiento del parque que pretende ser enrejado en su totalidad por la administraci\u00f3n macrista. NO QUEREMOS REJAS EN NINGUN ESPACIO PUBLICO!! CONVOCAMOS A TODAS&hellip;<\/p>\n","protected":false},"author":1,"featured_media":0,"comment_status":"open","ping_status":"open","sticky":false,"template":"","format":"standard","meta":{"footnotes":""},"categories":[25],"tags":[884,3148,3146,292,12396],"class_list":["post-26458","post","type-post","status-publish","format-standard","hentry","category-sociedad","tag-macrismo","tag-parque-centenario","tag-plazas","tag-protesta","tag-rejas"],"_links":{"self":[{"href":"https:\/\/www.elsindical.com.ar\/notas\/wp-json\/wp\/v2\/posts\/26458","targetHints":{"allow":["GET"]}}],"collection":[{"href":"https:\/\/www.elsindical.com.ar\/notas\/wp-json\/wp\/v2\/posts"}],"about":[{"href":"https:\/\/www.elsindical.com.ar\/notas\/wp-json\/wp\/v2\/types\/post"}],"author":[{"embeddable":true,"href":"https:\/\/www.elsindical.com.ar\/notas\/wp-json\/wp\/v2\/users\/1"}],"replies":[{"embeddable":true,"href":"https:\/\/www.elsindical.com.ar\/notas\/wp-json\/wp\/v2\/comments?post=26458"}],"version-history":[{"count":2,"href":"https:\/\/www.elsindical.com.ar\/notas\/wp-json\/wp\/v2\/posts\/26458\/revisions"}],"predecessor-version":[{"id":68239,"href":"https:\/\/www.elsindical.com.ar\/notas\/wp-json\/wp\/v2\/posts\/26458\/revisions\/68239"}],"wp:attachment":[{"href":"https:\/\/www.elsindical.com.ar\/notas\/wp-json\/wp\/v2\/media?parent=26458"}],"wp:term":[{"taxonomy":"category","embeddable":true,"href":"https:\/\/www.elsindical.com.ar\/notas\/wp-json\/wp\/v2\/categories?post=26458"},{"taxonomy":"post_tag","embeddable":true,"href":"https:\/\/www.elsindical.com.ar\/notas\/wp-json\/wp\/v2\/tags?post=26458"}],"curies":[{"name":"wp","href":"https:\/\/api.w.org\/{rel}","templated":true}]}}