{"id":26444,"date":"2012-08-16T00:32:04","date_gmt":"2012-08-16T03:32:04","guid":{"rendered":"http:\/\/www.elsindical.com.ar\/notas\/?p=26444"},"modified":"2012-08-16T00:32:04","modified_gmt":"2012-08-16T03:32:04","slug":"paro-por-72-horas-en-la-firma-informatica-sonda","status":"publish","type":"post","link":"https:\/\/www.elsindical.com.ar\/notas\/paro-por-72-horas-en-la-firma-informatica-sonda\/","title":{"rendered":"Paro por 72 horas en la firma inform\u00e1tica Sonda"},"content":{"rendered":"<p><a href=\"http:\/\/www.elsindical.com.ar\/notas\/var\/www\/html\/notas\/wp-content\/uploads\/2012\/08\/protesta-Uni\u00f3n-Inform\u00e1tica-02.jpg\"><img loading=\"lazy\" decoding=\"async\" class=\"alignleft size-medium wp-image-26445\" title=\"protesta-Uni\u00f3n-Inform\u00e1tica-02\" src=\"http:\/\/www.elsindical.com.ar\/notas\/var\/www\/html\/notas\/wp-content\/uploads\/2012\/08\/protesta-Uni\u00f3n-Inform\u00e1tica-02-300x241.jpg\" alt=\"\" width=\"300\" height=\"241\" srcset=\"https:\/\/www.elsindical.com.ar\/notas\/var\/www\/html\/notas\/wp-content\/uploads\/2012\/08\/protesta-Uni\u00f3n-Inform\u00e1tica-02-300x241.jpg 300w, https:\/\/www.elsindical.com.ar\/notas\/var\/www\/html\/notas\/wp-content\/uploads\/2012\/08\/protesta-Uni\u00f3n-Inform\u00e1tica-02.jpg 443w\" sizes=\"auto, (max-width: 300px) 100vw, 300px\" \/><\/a><em>Ante la falta de respuestas a los reclamos y sin soluciones, La Uni\u00f3n Inform\u00e1tica, junto a los trabajadores de la firma inform\u00e1tica de origen chileno, ha comenzado una medida de fuerza por 72 horas, con un paro y protesta en las puertas de la misma.<\/em><\/p>\n<p>Con motivo de las medidas de fuerza, la empresa no ha podido brindar sus servicios t\u00e9cnicos a sus clientes, entre los que se cuentan conocidas empresas privadas, bancos y dependencias p\u00fablicas.<\/p>\n","protected":false},"excerpt":{"rendered":"<p>Ante la falta de respuestas a los reclamos y sin soluciones, La Uni\u00f3n Inform\u00e1tica, junto a los trabajadores de la firma inform\u00e1tica de origen chileno, ha comenzado una medida de fuerza por 72 horas, con un paro y protesta en las puertas de la misma. Con motivo de las medidas de fuerza, la empresa no&hellip;<\/p>\n","protected":false},"author":1,"featured_media":0,"comment_status":"open","ping_status":"open","sticky":false,"template":"","format":"standard","meta":{"footnotes":""},"categories":[16],"tags":[67,12096,125,12097],"class_list":["post-26444","post","type-post","status-publish","format-standard","hentry","category-gremiales","tag-paro","tag-sonda-s-a","tag-trabajadores","tag-union-informatica"],"_links":{"self":[{"href":"https:\/\/www.elsindical.com.ar\/notas\/wp-json\/wp\/v2\/posts\/26444","targetHints":{"allow":["GET"]}}],"collection":[{"href":"https:\/\/www.elsindical.com.ar\/notas\/wp-json\/wp\/v2\/posts"}],"about":[{"href":"https:\/\/www.elsindical.com.ar\/notas\/wp-json\/wp\/v2\/types\/post"}],"author":[{"embeddable":true,"href":"https:\/\/www.elsindical.com.ar\/notas\/wp-json\/wp\/v2\/users\/1"}],"replies":[{"embeddable":true,"href":"https:\/\/www.elsindical.com.ar\/notas\/wp-json\/wp\/v2\/comments?post=26444"}],"version-history":[{"count":1,"href":"https:\/\/www.elsindical.com.ar\/notas\/wp-json\/wp\/v2\/posts\/26444\/revisions"}],"predecessor-version":[{"id":26446,"href":"https:\/\/www.elsindical.com.ar\/notas\/wp-json\/wp\/v2\/posts\/26444\/revisions\/26446"}],"wp:attachment":[{"href":"https:\/\/www.elsindical.com.ar\/notas\/wp-json\/wp\/v2\/media?parent=26444"}],"wp:term":[{"taxonomy":"category","embeddable":true,"href":"https:\/\/www.elsindical.com.ar\/notas\/wp-json\/wp\/v2\/categories?post=26444"},{"taxonomy":"post_tag","embeddable":true,"href":"https:\/\/www.elsindical.com.ar\/notas\/wp-json\/wp\/v2\/tags?post=26444"}],"curies":[{"name":"wp","href":"https:\/\/api.w.org\/{rel}","templated":true}]}}