{"id":26427,"date":"2012-08-15T13:38:57","date_gmt":"2012-08-15T16:38:57","guid":{"rendered":"http:\/\/www.elsindical.com.ar\/notas\/?p=26427"},"modified":"2012-08-15T13:38:57","modified_gmt":"2012-08-15T16:38:57","slug":"chileestudiantes-denuncian-que-carabineros-las-desnudaron","status":"publish","type":"post","link":"https:\/\/www.elsindical.com.ar\/notas\/chileestudiantes-denuncian-que-carabineros-las-desnudaron\/","title":{"rendered":"Chile:Estudiantes denuncian que carabineros las desnudaron"},"content":{"rendered":"<p style=\"text-align: justify;\"><em><a href=\"http:\/\/www.elsindical.com.ar\/notas\/var\/www\/html\/notas\/wp-content\/uploads\/2012\/08\/estudiante-detenida-por-carabineros.jpg\"><img loading=\"lazy\" decoding=\"async\" class=\"alignleft size-medium wp-image-26428\" title=\"estudiante-detenida-por-carabineros\" src=\"http:\/\/www.elsindical.com.ar\/notas\/var\/www\/html\/notas\/wp-content\/uploads\/2012\/08\/estudiante-detenida-por-carabineros-300x225.jpg\" alt=\"\" width=\"300\" height=\"225\" srcset=\"https:\/\/www.elsindical.com.ar\/notas\/var\/www\/html\/notas\/wp-content\/uploads\/2012\/08\/estudiante-detenida-por-carabineros-300x225.jpg 300w, https:\/\/www.elsindical.com.ar\/notas\/var\/www\/html\/notas\/wp-content\/uploads\/2012\/08\/estudiante-detenida-por-carabineros.jpg 413w\" sizes=\"auto, (max-width: 300px) 100vw, 300px\" \/><\/a>Un pol\u00e9mico procedimiento policial tuvo lugar tras el desalojo del Liceo Mar\u00eda Luisa Bombal de Rancagua, donde 10 estudiantes fueron detenidos por \u00abocupaci\u00f3n ilegal\u00bb del establecimiento. \u201cAl llegar a la comisar\u00eda nos desnudaron. Es un poco il\u00f3gico que nos desnuden habiendo menores de edad y no siendo delincuentes\u201d, acus\u00f3 una vocera del grupo estudiantil.<\/em><\/p>\n<p style=\"text-align: justify;\">Los hechos tuvieron lugar el lunes cuando la polic\u00eda uniformada lleg\u00f3 hasta el recinto de calle Chorrillos, para proceder a la desocupaci\u00f3n del recinto. Carabineros detuvo a 7 hombres y 3 mujeres, quienes acusaron a las fuerzas especiales de obligarlos a sacarse la ropa tras la detenci\u00f3n y adem\u00e1s denunciaron que los desalojaron sin darles la oportunidad de retirarse voluntariamente.<\/p>\n<p style=\"text-align: justify;\">\u00abNo dieron la opci\u00f3n de salir voluntariamente. Al llegar a la comisar\u00eda nos desnudaron. Es un poco il\u00f3gico que nos desnuden habiendo menores de edad y no siendo delincuentes, sino estudiantes que est\u00e1bamos en una toma que hab\u00eda sido pac\u00edfica\u00bb, coment\u00f3 Jennifer Olivares, vocera de los estudiantes.<\/p>\n<p style=\"text-align: justify;\">El teniente coronel de Carabineros, Iv\u00e1n Guajardo, aclar\u00f3 que \u00abel protocolo indica que todo detenido que ingrese en nuestro cuartel debe ser revisado minuciosamente. No es que se realice un retiro de las vestimentas completas, pero s\u00ed parcialmente\u00bb.<\/p>\n<p style=\"text-align: justify;\">De acuerdo al parte policial, actuaron por petici\u00f3n del alcalde Eduardo Soto. Asegura adem\u00e1s que una de las detenidas \u00abal oponerse al procedimiento policial, result\u00f3 con lesiones leves\u00bb.<\/p>\n<p style=\"text-align: justify;\"><strong>MOLESTIA PARLAMENTARIA <\/strong><\/p>\n<p style=\"text-align: justify;\">Tras conocer la acusaci\u00f3n de los escolares, el diputado por Rancagua Juan Luis Castro (PS) declar\u00f3 que pedir\u00e1 una investigaci\u00f3n a Carabineros y expres\u00f3 que lo sucedido era muy grave, puesto que atenta contra los Derechos Humanos.<\/p>\n<p style=\"text-align: justify;\">\u00abEste hecho transgrede todas las normas de derechos humanos y adolescentes. Es un acto abusivo, vejatorio, un exceso que amerita una investigaci\u00f3n exhaustiva, muy profunda, por parte de Carabineros\u00bb, dijo el parlamentario.<\/p>\n<p style=\"text-align: justify;\">Los estudiantes del Liceo Mar\u00eda Luisa Bombal exigen la reconstrucci\u00f3n del recinto por los da\u00f1os estructurales que sufri\u00f3 tras el terremoto de 2010.<\/p>\n<p style=\"text-align: justify;\">De acuerdo a Carabineros, \u00abse constat\u00f3 que desde una bodega se sustrajeron diversos tipos de alimentos, lo que ser\u00e1n evaluados ante la Fiscal\u00eda Local\u00bb, que qued\u00f3 a cargo del caso.<\/p>\n","protected":false},"excerpt":{"rendered":"<p>Un pol\u00e9mico procedimiento policial tuvo lugar tras el desalojo del Liceo Mar\u00eda Luisa Bombal de Rancagua, donde 10 estudiantes fueron detenidos por \u00abocupaci\u00f3n ilegal\u00bb del establecimiento. \u201cAl llegar a la comisar\u00eda nos desnudaron. Es un poco il\u00f3gico que nos desnuden habiendo menores de edad y no siendo delincuentes\u201d, acus\u00f3 una vocera del grupo estudiantil. Los&hellip;<\/p>\n","protected":false},"author":1,"featured_media":0,"comment_status":"open","ping_status":"open","sticky":false,"template":"","format":"standard","meta":{"footnotes":""},"categories":[18],"tags":[4566,12387,102,12386],"class_list":["post-26427","post","type-post","status-publish","format-standard","hentry","category-internacionales","tag-carabineros","tag-chorrillos","tag-estudiantes","tag-liceo-maria-luisa-bombal-de-rancagua"],"_links":{"self":[{"href":"https:\/\/www.elsindical.com.ar\/notas\/wp-json\/wp\/v2\/posts\/26427","targetHints":{"allow":["GET"]}}],"collection":[{"href":"https:\/\/www.elsindical.com.ar\/notas\/wp-json\/wp\/v2\/posts"}],"about":[{"href":"https:\/\/www.elsindical.com.ar\/notas\/wp-json\/wp\/v2\/types\/post"}],"author":[{"embeddable":true,"href":"https:\/\/www.elsindical.com.ar\/notas\/wp-json\/wp\/v2\/users\/1"}],"replies":[{"embeddable":true,"href":"https:\/\/www.elsindical.com.ar\/notas\/wp-json\/wp\/v2\/comments?post=26427"}],"version-history":[{"count":1,"href":"https:\/\/www.elsindical.com.ar\/notas\/wp-json\/wp\/v2\/posts\/26427\/revisions"}],"predecessor-version":[{"id":26429,"href":"https:\/\/www.elsindical.com.ar\/notas\/wp-json\/wp\/v2\/posts\/26427\/revisions\/26429"}],"wp:attachment":[{"href":"https:\/\/www.elsindical.com.ar\/notas\/wp-json\/wp\/v2\/media?parent=26427"}],"wp:term":[{"taxonomy":"category","embeddable":true,"href":"https:\/\/www.elsindical.com.ar\/notas\/wp-json\/wp\/v2\/categories?post=26427"},{"taxonomy":"post_tag","embeddable":true,"href":"https:\/\/www.elsindical.com.ar\/notas\/wp-json\/wp\/v2\/tags?post=26427"}],"curies":[{"name":"wp","href":"https:\/\/api.w.org\/{rel}","templated":true}]}}