{"id":26419,"date":"2012-08-15T13:14:06","date_gmt":"2012-08-15T16:14:06","guid":{"rendered":"http:\/\/www.elsindical.com.ar\/notas\/?p=26419"},"modified":"2012-08-15T13:14:06","modified_gmt":"2012-08-15T16:14:06","slug":"caballitojoven-resulto-herida-al-caer-un-arbol-arriba-de-su-auto","status":"publish","type":"post","link":"https:\/\/www.elsindical.com.ar\/notas\/caballitojoven-resulto-herida-al-caer-un-arbol-arriba-de-su-auto\/","title":{"rendered":"Caballito:Joven result\u00f3 herida al caer un \u00e1rbol arriba de su auto"},"content":{"rendered":"<p style=\"text-align: justify;\"><em><a href=\"http:\/\/www.elsindical.com.ar\/notas\/var\/www\/html\/notas\/wp-content\/uploads\/2012\/08\/accidente-caida-\u00e1rbol-Caballito.jpg\"><img loading=\"lazy\" decoding=\"async\" class=\"alignleft size-medium wp-image-26420\" title=\"accidente-caida-\u00e1rbol-Caballito\" src=\"http:\/\/www.elsindical.com.ar\/notas\/var\/www\/html\/notas\/wp-content\/uploads\/2012\/08\/accidente-caida-\u00e1rbol-Caballito-300x224.jpg\" alt=\"\" width=\"300\" height=\"224\" srcset=\"https:\/\/www.elsindical.com.ar\/notas\/var\/www\/html\/notas\/wp-content\/uploads\/2012\/08\/accidente-caida-\u00e1rbol-Caballito-300x224.jpg 300w, https:\/\/www.elsindical.com.ar\/notas\/var\/www\/html\/notas\/wp-content\/uploads\/2012\/08\/accidente-caida-\u00e1rbol-Caballito.jpg 443w\" sizes=\"auto, (max-width: 300px) 100vw, 300px\" \/><\/a>El hecho se produjo esta ma\u00f1ana en la esquina de las calles Puan y Bonifacio, jurisdicci\u00f3n de la comisar\u00eda 12. En el lugar, un \u00e1rbol cay\u00f3 arriba del veh\u00edculo y le provoc\u00f3 lesiones a la conductora, quien fue trasladada al Hospital Pi\u00f1ero.<\/em><\/p>\n<p style=\"text-align: justify;\">Una joven sufri\u00f3 hoy politraumatismos al caer un \u00e1rbol sobre el veh\u00edculo que conduc\u00eda por el barrio porte\u00f1o de Parque Chacabuco.<\/p>\n<p style=\"text-align: justify;\">El titular del Same, Alberto Crescenti, inform\u00f3 que la ca\u00edda del \u00e1rbol sobre el veh\u00edculo caus\u00f3 \u00abpolitraumatismos a una joven de 20 a\u00f1os, que fue trasladada al hospital Pi\u00f1ero\u00bb.<\/p>\n<p style=\"text-align: justify;\">El accidente se registr\u00f3 en Puan y Bonifacio, en una jornada de intensas lluvias en la Ciudad de Buenos Aires.<\/p>\n","protected":false},"excerpt":{"rendered":"<p>El hecho se produjo esta ma\u00f1ana en la esquina de las calles Puan y Bonifacio, jurisdicci\u00f3n de la comisar\u00eda 12. En el lugar, un \u00e1rbol cay\u00f3 arriba del veh\u00edculo y le provoc\u00f3 lesiones a la conductora, quien fue trasladada al Hospital Pi\u00f1ero. Una joven sufri\u00f3 hoy politraumatismos al caer un \u00e1rbol sobre el veh\u00edculo que&hellip;<\/p>\n","protected":false},"author":1,"featured_media":0,"comment_status":"open","ping_status":"open","sticky":false,"template":"","format":"standard","meta":{"footnotes":""},"categories":[25],"tags":[990,1105,1050,400,3316,378,2499],"class_list":["post-26419","post","type-post","status-publish","format-standard","hentry","category-sociedad","tag-accidente","tag-arbol","tag-auto","tag-caballito","tag-hospital-pinero","tag-jovenes","tag-same"],"_links":{"self":[{"href":"https:\/\/www.elsindical.com.ar\/notas\/wp-json\/wp\/v2\/posts\/26419","targetHints":{"allow":["GET"]}}],"collection":[{"href":"https:\/\/www.elsindical.com.ar\/notas\/wp-json\/wp\/v2\/posts"}],"about":[{"href":"https:\/\/www.elsindical.com.ar\/notas\/wp-json\/wp\/v2\/types\/post"}],"author":[{"embeddable":true,"href":"https:\/\/www.elsindical.com.ar\/notas\/wp-json\/wp\/v2\/users\/1"}],"replies":[{"embeddable":true,"href":"https:\/\/www.elsindical.com.ar\/notas\/wp-json\/wp\/v2\/comments?post=26419"}],"version-history":[{"count":2,"href":"https:\/\/www.elsindical.com.ar\/notas\/wp-json\/wp\/v2\/posts\/26419\/revisions"}],"predecessor-version":[{"id":26422,"href":"https:\/\/www.elsindical.com.ar\/notas\/wp-json\/wp\/v2\/posts\/26419\/revisions\/26422"}],"wp:attachment":[{"href":"https:\/\/www.elsindical.com.ar\/notas\/wp-json\/wp\/v2\/media?parent=26419"}],"wp:term":[{"taxonomy":"category","embeddable":true,"href":"https:\/\/www.elsindical.com.ar\/notas\/wp-json\/wp\/v2\/categories?post=26419"},{"taxonomy":"post_tag","embeddable":true,"href":"https:\/\/www.elsindical.com.ar\/notas\/wp-json\/wp\/v2\/tags?post=26419"}],"curies":[{"name":"wp","href":"https:\/\/api.w.org\/{rel}","templated":true}]}}