{"id":26406,"date":"2012-08-15T12:29:08","date_gmt":"2012-08-15T15:29:08","guid":{"rendered":"http:\/\/www.elsindical.com.ar\/notas\/?p=26406"},"modified":"2012-08-15T12:30:30","modified_gmt":"2012-08-15T15:30:30","slug":"garre-ordeno-la-exoneracion-de-un-policia-federal-acusado-de-matar-jon-carlos-camafreita","status":"publish","type":"post","link":"https:\/\/www.elsindical.com.ar\/notas\/garre-ordeno-la-exoneracion-de-un-policia-federal-acusado-de-matar-jon-carlos-camafreita\/","title":{"rendered":"Garr\u00e9 orden\u00f3 la exoneraci\u00f3n de un Polic\u00eda Federal acusado de matar Jon Carlos Camafreita"},"content":{"rendered":"<p style=\"text-align: justify;\"><em><a href=\"http:\/\/www.elsindical.com.ar\/notas\/var\/www\/html\/notas\/wp-content\/uploads\/2012\/08\/Jon-Carlos-Camafreita.jpg\"><img loading=\"lazy\" decoding=\"async\" class=\"alignleft size-medium wp-image-26407\" title=\"Jon-Carlos-Camafreita\" src=\"http:\/\/www.elsindical.com.ar\/notas\/var\/www\/html\/notas\/wp-content\/uploads\/2012\/08\/Jon-Carlos-Camafreita-300x205.jpg\" alt=\"\" width=\"300\" height=\"205\" srcset=\"https:\/\/www.elsindical.com.ar\/notas\/var\/www\/html\/notas\/wp-content\/uploads\/2012\/08\/Jon-Carlos-Camafreita-300x205.jpg 300w, https:\/\/www.elsindical.com.ar\/notas\/var\/www\/html\/notas\/wp-content\/uploads\/2012\/08\/Jon-Carlos-Camafreita.jpg 443w\" sizes=\"auto, (max-width: 300px) 100vw, 300px\" \/><\/a>La Ministra de Seguridad de la Naci\u00f3n dispuso hoy la exoneraci\u00f3n de un cabo de la Polic\u00eda Federal, actualmente detenido, acusado de haber matado a un joven el 21 de enero, en el barrio porte\u00f1o de Boedo. Se trata del polic\u00eda Mart\u00edn Alexis Naredo, quien est\u00e1 imputado por el homicidio de Jon Carlos Camafreita (18), ocurrido durante una intervenci\u00f3n policial tras una pelea en una plaza.<\/em><\/p>\n<p style=\"text-align: justify;\">La ministra de Seguridad de la Naci\u00f3n, Nilda Garr\u00e9, orden\u00f3 la exoneraci\u00f3n de un cabo de la Polic\u00eda Federal, acusado de haber matado a un joven el 21 en el barrio porte\u00f1o de Boedo.<\/p>\n<p style=\"text-align: justify;\">Seg\u00fan se inform\u00f3 hoy oficialmente, se trata del polic\u00eda Mart\u00edn Alexis Naredo, quien est\u00e1 imputado por el homicidio de Jon Carlos Camafreita (18) durante una intervenci\u00f3n policial tras una pelea en una plaza.<\/p>\n<p style=\"text-align: justify;\">En el marco de la misma investigaci\u00f3n interna, Garr\u00e9 tambi\u00e9n dispuso la aplicaci\u00f3n de sanciones disciplinarias graves para otro polic\u00eda, el ayudante Juan Carlos Moreyra, indic\u00f3 la cartera de Seguridad.<\/p>\n","protected":false},"excerpt":{"rendered":"<p>La Ministra de Seguridad de la Naci\u00f3n dispuso hoy la exoneraci\u00f3n de un cabo de la Polic\u00eda Federal, actualmente detenido, acusado de haber matado a un joven el 21 de enero, en el barrio porte\u00f1o de Boedo. Se trata del polic\u00eda Mart\u00edn Alexis Naredo, quien est\u00e1 imputado por el homicidio de Jon Carlos Camafreita (18),&hellip;<\/p>\n","protected":false},"author":1,"featured_media":0,"comment_status":"open","ping_status":"open","sticky":false,"template":"","format":"standard","meta":{"footnotes":""},"categories":[13],"tags":[363,12382,10106,12381,5365],"class_list":["post-26406","post","type-post","status-publish","format-standard","hentry","category-politica","tag-asesinato","tag-exoneracion","tag-jon-carlos-camafreita","tag-martin-alexis-naredo","tag-ministerio-de-seguridad-nacional"],"_links":{"self":[{"href":"https:\/\/www.elsindical.com.ar\/notas\/wp-json\/wp\/v2\/posts\/26406","targetHints":{"allow":["GET"]}}],"collection":[{"href":"https:\/\/www.elsindical.com.ar\/notas\/wp-json\/wp\/v2\/posts"}],"about":[{"href":"https:\/\/www.elsindical.com.ar\/notas\/wp-json\/wp\/v2\/types\/post"}],"author":[{"embeddable":true,"href":"https:\/\/www.elsindical.com.ar\/notas\/wp-json\/wp\/v2\/users\/1"}],"replies":[{"embeddable":true,"href":"https:\/\/www.elsindical.com.ar\/notas\/wp-json\/wp\/v2\/comments?post=26406"}],"version-history":[{"count":3,"href":"https:\/\/www.elsindical.com.ar\/notas\/wp-json\/wp\/v2\/posts\/26406\/revisions"}],"predecessor-version":[{"id":26410,"href":"https:\/\/www.elsindical.com.ar\/notas\/wp-json\/wp\/v2\/posts\/26406\/revisions\/26410"}],"wp:attachment":[{"href":"https:\/\/www.elsindical.com.ar\/notas\/wp-json\/wp\/v2\/media?parent=26406"}],"wp:term":[{"taxonomy":"category","embeddable":true,"href":"https:\/\/www.elsindical.com.ar\/notas\/wp-json\/wp\/v2\/categories?post=26406"},{"taxonomy":"post_tag","embeddable":true,"href":"https:\/\/www.elsindical.com.ar\/notas\/wp-json\/wp\/v2\/tags?post=26406"}],"curies":[{"name":"wp","href":"https:\/\/api.w.org\/{rel}","templated":true}]}}