{"id":26361,"date":"2012-08-13T21:27:34","date_gmt":"2012-08-14T00:27:34","guid":{"rendered":"http:\/\/www.elsindical.com.ar\/notas\/?p=26361"},"modified":"2012-08-13T21:27:34","modified_gmt":"2012-08-14T00:27:34","slug":"para-el-indec-un-argentino-se-puede-alimentar-con-menos-de-6-por-dia","status":"publish","type":"post","link":"https:\/\/www.elsindical.com.ar\/notas\/para-el-indec-un-argentino-se-puede-alimentar-con-menos-de-6-por-dia\/","title":{"rendered":"Para el INDEC, un argentino se puede alimentar con menos de $ 6 por d\u00eda"},"content":{"rendered":"<p style=\"text-align: justify;\"><em><a href=\"http:\/\/www.elsindical.com.ar\/notas\/var\/www\/html\/notas\/wp-content\/uploads\/2012\/08\/Guillermo-Moreno-pancho.jpg\"><img loading=\"lazy\" decoding=\"async\" class=\"alignleft size-medium wp-image-26362\" title=\"Guillermo-Moreno-pancho\" src=\"http:\/\/www.elsindical.com.ar\/notas\/var\/www\/html\/notas\/wp-content\/uploads\/2012\/08\/Guillermo-Moreno-pancho-300x178.jpg\" alt=\"\" width=\"300\" height=\"178\" srcset=\"https:\/\/www.elsindical.com.ar\/notas\/var\/www\/html\/notas\/wp-content\/uploads\/2012\/08\/Guillermo-Moreno-pancho-300x178.jpg 300w, https:\/\/www.elsindical.com.ar\/notas\/var\/www\/html\/notas\/wp-content\/uploads\/2012\/08\/Guillermo-Moreno-pancho.jpg 443w\" sizes=\"auto, (max-width: 300px) 100vw, 300px\" \/><\/a>Seg\u00fan el organismo oficial, un matrimonio y dos hijos pueden hacer las cuatro comidas con $ 23. Si tienen ese ingreso diario, no son indigentes. Qu\u00e9 incluye la canasta alimentaria.<\/em><\/p>\n<p style=\"text-align: justify;\">Aunque parezca incre\u00edble, las recientes cifras que difundi\u00f3 el INDEC dan a entender que un argentino puede alimentarse (no aclara si desayunar, almorzar, merendar y cenar) con casi $ 6 por d\u00eda. Esa cifra, paup\u00e9rrima, sirve para comprar apenas medio paquete de yerba de 1\/2 kilo, o una pancho y una Coca-Cola, con suerte y en oferta.<\/p>\n<p style=\"text-align: justify;\">La medici\u00f3n ofical estima que la canasta b\u00e1sica alimentaria para una familia tipo cuesta $ 688,37 al mes o $ 23 por d\u00eda: eso significa menos de $ 6 por integrante para cubrir sus necesidades prote\u00edcas, cal\u00f3ricas, vitam\u00ednicas de subsistencia.<\/p>\n<p style=\"text-align: justify;\">Seg\u00fan el organismo, la canasta alimentaria para un matrimonio con dos hijos a ese precio incluye pan, galletitas, carne, pollo, leche, caf\u00e9, te, quesos, huevos, dulces, hortalizas, frutas, verduras y bebidas en las cantidades suficientes para satisfacer los requerimientos normativos kilocal\u00f3ricos y proteicos imprescindibles seg\u00fan el sexo y la edad de los integrantes de la familia.<\/p>\n<p style=\"text-align: justify;\">Esto, aunque dudoso en los hechos, por los valores reales de los supermercados, almacenes de barrios e incluso en las ferias itinerantes que el propio Gobierno nacional promueve, implica que con esos $ 668 y monedas una familia no es indigente. Si no llega a esa cifra, su indigencia es certificada por el INDEC.<\/p>\n<p style=\"text-align: justify;\">Desde ese dato de canasta b\u00e1sica alimentaria se elabora la canasta b\u00e1sica total, que establece el umbral de la pobreza.<\/p>\n<p style=\"text-align: justify;\">Este tipo de distorsiones entre una medici\u00f3n y la realidad, demuestra porque el INDEC pudo presentar una inflaci\u00f3n para julio del 0,8% y c\u00f3mo es que el Gobierno reconoce una baja de la pobreza y la indigencia.<\/p>\n<p style=\"text-align: justify;\">La semana pasada, cuando se conoci\u00f3 el IPC oficial, se aclaraba que el alza del \u00edndice oficial fue liderada por los alimentos y bebidas (0,6%), sector con mayor incidencia en la canasta, con subas del 2,9% en verduras, 2,7% en frutas y 0,6% en l\u00e1cteos y huevos. Por su lado, el \u00edndice de las consultoras privadas que presentan diputados opositores en el Congreso dio 1,7%, m\u00e1s del doble que la del INDEC. Pero m\u00e1s all\u00e1 de las mediciones, el bolsillo de los consumidores es el que tiene la \u00faltima palabra y la verdad revelada.<\/p>\n","protected":false},"excerpt":{"rendered":"<p>Seg\u00fan el organismo oficial, un matrimonio y dos hijos pueden hacer las cuatro comidas con $ 23. Si tienen ese ingreso diario, no son indigentes. Qu\u00e9 incluye la canasta alimentaria. Aunque parezca incre\u00edble, las recientes cifras que difundi\u00f3 el INDEC dan a entender que un argentino puede alimentarse (no aclara si desayunar, almorzar, merendar y&hellip;<\/p>\n","protected":false},"author":1,"featured_media":0,"comment_status":"open","ping_status":"open","sticky":false,"template":"","format":"standard","meta":{"footnotes":""},"categories":[9],"tags":[1118,5358,1762,147,3397,486,2200,8280,12356],"class_list":["post-26361","post","type-post","status-publish","format-standard","hentry","category-economia","tag-alimentos","tag-canasta-basica","tag-comidas","tag-familia","tag-guillermo-moreno","tag-hijos","tag-indec","tag-indigencia","tag-pobreza"],"_links":{"self":[{"href":"https:\/\/www.elsindical.com.ar\/notas\/wp-json\/wp\/v2\/posts\/26361","targetHints":{"allow":["GET"]}}],"collection":[{"href":"https:\/\/www.elsindical.com.ar\/notas\/wp-json\/wp\/v2\/posts"}],"about":[{"href":"https:\/\/www.elsindical.com.ar\/notas\/wp-json\/wp\/v2\/types\/post"}],"author":[{"embeddable":true,"href":"https:\/\/www.elsindical.com.ar\/notas\/wp-json\/wp\/v2\/users\/1"}],"replies":[{"embeddable":true,"href":"https:\/\/www.elsindical.com.ar\/notas\/wp-json\/wp\/v2\/comments?post=26361"}],"version-history":[{"count":2,"href":"https:\/\/www.elsindical.com.ar\/notas\/wp-json\/wp\/v2\/posts\/26361\/revisions"}],"predecessor-version":[{"id":26364,"href":"https:\/\/www.elsindical.com.ar\/notas\/wp-json\/wp\/v2\/posts\/26361\/revisions\/26364"}],"wp:attachment":[{"href":"https:\/\/www.elsindical.com.ar\/notas\/wp-json\/wp\/v2\/media?parent=26361"}],"wp:term":[{"taxonomy":"category","embeddable":true,"href":"https:\/\/www.elsindical.com.ar\/notas\/wp-json\/wp\/v2\/categories?post=26361"},{"taxonomy":"post_tag","embeddable":true,"href":"https:\/\/www.elsindical.com.ar\/notas\/wp-json\/wp\/v2\/tags?post=26361"}],"curies":[{"name":"wp","href":"https:\/\/api.w.org\/{rel}","templated":true}]}}