{"id":26357,"date":"2012-08-13T21:18:36","date_gmt":"2012-08-14T00:18:36","guid":{"rendered":"http:\/\/www.elsindical.com.ar\/notas\/?p=26357"},"modified":"2012-08-13T21:18:36","modified_gmt":"2012-08-14T00:18:36","slug":"el-ministerio-de-seguridad-de-la-nacion-se-reunio-con-representantes-de-la-onu","status":"publish","type":"post","link":"https:\/\/www.elsindical.com.ar\/notas\/el-ministerio-de-seguridad-de-la-nacion-se-reunio-con-representantes-de-la-onu\/","title":{"rendered":"El Ministerio de Seguridad de la Naci\u00f3n se reuni\u00f3 con representantes de la ONU"},"content":{"rendered":"<div style=\"text-align: justify;\"><em><a href=\"http:\/\/www.elsindical.com.ar\/notas\/var\/www\/html\/notas\/wp-content\/uploads\/2012\/08\/Ra\u00fal-Garr\u00e9-reuni\u00f3n-ONU.jpg\"><img loading=\"lazy\" decoding=\"async\" class=\"alignleft size-medium wp-image-26358\" title=\"Ra\u00fal-Garr\u00e9-reuni\u00f3n-ONU\" src=\"http:\/\/www.elsindical.com.ar\/notas\/var\/www\/html\/notas\/wp-content\/uploads\/2012\/08\/Ra\u00fal-Garr\u00e9-reuni\u00f3n-ONU-300x178.jpg\" alt=\"\" width=\"300\" height=\"178\" srcset=\"https:\/\/www.elsindical.com.ar\/notas\/var\/www\/html\/notas\/wp-content\/uploads\/2012\/08\/Ra\u00fal-Garr\u00e9-reuni\u00f3n-ONU-300x178.jpg 300w, https:\/\/www.elsindical.com.ar\/notas\/var\/www\/html\/notas\/wp-content\/uploads\/2012\/08\/Ra\u00fal-Garr\u00e9-reuni\u00f3n-ONU.jpg 502w\" sizes=\"auto, (max-width: 300px) 100vw, 300px\" \/><\/a>El Ministerio de Seguridad puso en marcha hoy la capacitaci\u00f3n de funcionarios para la gesti\u00f3n eficiente de los arsenales policiales, mediante una colaboraci\u00f3n con las Naciones Unidas.<\/em><\/div>\n<div style=\"text-align: justify;\"><\/div>\n<div style=\"text-align: justify;\">El taller iniciado hoy forma parte del convenio de cooperaci\u00f3n entre la cartera que conduce Nilda Garr\u00e9 y el Centro Regional de la ONU para la Paz, el Desarme y el Desarrollo en Am\u00e9rica Latina (UNLIREC).<\/div>\n<div style=\"text-align: justify;\"><\/div>\n<div style=\"text-align: justify;\">El objetivo del programa es generar un diagn\u00f3stico integral del estado de los arsenales de la Polic\u00eda Federal, la Prefectura Naval, la Gendarmer\u00eda Nacional y la Polic\u00eda de Seguridad Aeroportuaria. El proyecto incluye la capacitaci\u00f3n a los cuadros t\u00e9cnicos y gerenciales de las fuerzas federales para la gesti\u00f3n de las armas propias y de aquellas que se encuentran en guarda en predios policiales por orden judicial. Finalmente los especialistas de la ONU asistir\u00e1n en la elaboraci\u00f3n de planes de mejoras.<\/div>\n<div style=\"text-align: justify;\"><\/div>\n<div style=\"text-align: justify;\">\u201cVisitaremos los arsenales y comisar\u00edas para ver el nivel de cumplimiento con los est\u00e1ndares internacionales. Elaboraremos un diagn\u00f3stico con recomendaciones, estudiando los avances en la gesti\u00f3n de los riesgos\u201d, se\u00f1al\u00f3 William Godnick, coordinador del Programa de Seguridad P\u00fablica de UNLIREC.<\/div>\n<div style=\"text-align: justify;\"><\/div>\n<div style=\"text-align: justify;\">\u201cEl objetivo es lograr una auditor\u00eda y recabar informaci\u00f3n para que los arsenales est\u00e9n en condiciones. Hay que trabajar sobre el registro de armar incautadas con oficios judiciales, ver cu\u00e1les son las posibilidades de que no sean un riesgo y que aparezcan en un mercado ilegal\u201d, manifest\u00f3 Mat\u00cdas Molle, director nacional de Registro Nacional de Armas (RENARD).<\/div>\n<div style=\"text-align: justify;\"><\/div>\n<div style=\"text-align: justify;\">La Ministra de Seguridad, Nilda Garr\u00e9 destac\u00f3 el plan puesto en marcha pues \u201cresulta necesario sistematizar y racionalizar la gesti\u00f3n de las armas, para evitar cualquier tipo de maniobras delictivas\u201d.<\/div>\n<div style=\"text-align: justify;\"><\/div>\n<div style=\"text-align: justify;\">El jefe del Gabinete de Asesores del ministerio, Ra\u00fal Garr\u00e9, particip\u00f3 de la reuni\u00f3n junto a los subsecretarios de Investigaci\u00f3n del Delito Organizado y Complejo, Miguel Robles; de Articulaci\u00f3n Legislativa,\u00a0 Gustavo Sibilla; y de Articulaci\u00f3n con los Poderes Judiciales y los Ministerios P\u00fablicos, Ileana Arduino.<\/div>\n","protected":false},"excerpt":{"rendered":"<p>El Ministerio de Seguridad puso en marcha hoy la capacitaci\u00f3n de funcionarios para la gesti\u00f3n eficiente de los arsenales policiales, mediante una colaboraci\u00f3n con las Naciones Unidas. El taller iniciado hoy forma parte del convenio de cooperaci\u00f3n entre la cartera que conduce Nilda Garr\u00e9 y el Centro Regional de la ONU para la Paz, el&hellip;<\/p>\n","protected":false},"author":1,"featured_media":0,"comment_status":"open","ping_status":"open","sticky":false,"template":"","format":"standard","meta":{"footnotes":""},"categories":[13],"tags":[12354,12355,5365,2338,10699],"class_list":["post-26357","post","type-post","status-publish","format-standard","hentry","category-politica","tag-armamento-policial","tag-cooperacion","tag-ministerio-de-seguridad-nacional","tag-onu","tag-raul-garre"],"_links":{"self":[{"href":"https:\/\/www.elsindical.com.ar\/notas\/wp-json\/wp\/v2\/posts\/26357","targetHints":{"allow":["GET"]}}],"collection":[{"href":"https:\/\/www.elsindical.com.ar\/notas\/wp-json\/wp\/v2\/posts"}],"about":[{"href":"https:\/\/www.elsindical.com.ar\/notas\/wp-json\/wp\/v2\/types\/post"}],"author":[{"embeddable":true,"href":"https:\/\/www.elsindical.com.ar\/notas\/wp-json\/wp\/v2\/users\/1"}],"replies":[{"embeddable":true,"href":"https:\/\/www.elsindical.com.ar\/notas\/wp-json\/wp\/v2\/comments?post=26357"}],"version-history":[{"count":2,"href":"https:\/\/www.elsindical.com.ar\/notas\/wp-json\/wp\/v2\/posts\/26357\/revisions"}],"predecessor-version":[{"id":26360,"href":"https:\/\/www.elsindical.com.ar\/notas\/wp-json\/wp\/v2\/posts\/26357\/revisions\/26360"}],"wp:attachment":[{"href":"https:\/\/www.elsindical.com.ar\/notas\/wp-json\/wp\/v2\/media?parent=26357"}],"wp:term":[{"taxonomy":"category","embeddable":true,"href":"https:\/\/www.elsindical.com.ar\/notas\/wp-json\/wp\/v2\/categories?post=26357"},{"taxonomy":"post_tag","embeddable":true,"href":"https:\/\/www.elsindical.com.ar\/notas\/wp-json\/wp\/v2\/tags?post=26357"}],"curies":[{"name":"wp","href":"https:\/\/api.w.org\/{rel}","templated":true}]}}