{"id":26248,"date":"2012-08-09T15:33:08","date_gmt":"2012-08-09T18:33:08","guid":{"rendered":"http:\/\/www.elsindical.com.ar\/notas\/?p=26248"},"modified":"2012-08-09T15:33:08","modified_gmt":"2012-08-09T18:33:08","slug":"amenaza-de-bomba-en-la-sede-de-los-metrodelegados","status":"publish","type":"post","link":"https:\/\/www.elsindical.com.ar\/notas\/amenaza-de-bomba-en-la-sede-de-los-metrodelegados\/","title":{"rendered":"Amenaza de bomba en la sede de los metrodelegados"},"content":{"rendered":"<p style=\"text-align: justify;\"><em><a href=\"http:\/\/www.elsindical.com.ar\/notas\/var\/www\/html\/notas\/wp-content\/uploads\/2012\/08\/secretario-Enrique-Rositto.jpg\"><img loading=\"lazy\" decoding=\"async\" class=\"alignleft size-full wp-image-26249\" title=\"secretario-Enrique-Rositto\" src=\"http:\/\/www.elsindical.com.ar\/notas\/var\/www\/html\/notas\/wp-content\/uploads\/2012\/08\/secretario-Enrique-Rositto.jpg\" alt=\"\" width=\"207\" height=\"288\" \/><\/a>\u201cD\u00e9jense de joder porque en media hora vuela todo\u201d, fueron las palabras que recibieron por tel\u00e9fono los delegados de subte, seg\u00fan relat\u00f3\u00a0el secretario de prensa del sindicato AGTSyP, Enrique Rositto.<\/em><\/p>\n<p style=\"text-align: justify;\">Mientras se lleva a cabo la reuni\u00f3n entre la Ciudad, Metrov\u00edas y los metrodelegados, estos recibieron una amenaza de bomba: \u201cD\u00e9jense de joder porque en media hora vuela todo. Busquen la caja\u201d dijo una voz al tel\u00e9fono, inform\u00f3 el secretario de prensa de la Asociaci\u00f3n Gremial de Trabajadores del Subte y el Premetro (AGTSyP), Enrique Rositto.<\/p>\n<p style=\"text-align: justify;\">A las 13:40 hs., los bomberos y el personal especializado en explosivos se acerc\u00f3 a la sede de los delegados y\u00a0 trabajaron en la b\u00fasqueda de cualquier material peligroso.<\/p>\n<p style=\"text-align: justify;\">\u201cCuando el conflicto entra en la recta final y esperamos encontrar una respuesta, tenemos que estar aqu\u00ed. Esto no ayuda a la resoluci\u00f3n\u201d, agreg\u00f3.<\/p>\n<p style=\"text-align: justify;\">A partir de una medida cautelar dictada por la Jueza Patricia L\u00f3pez Vergara, Metrov\u00edas, los trabajadores del subte, la Procuradur\u00eda General Porte\u00f1a, Metrov\u00edas, la Uni\u00f3n Tranviarios Automotor (UTA) y Subterr\u00e1neos de Buenos Aires (SBASE) se encuentran reunidos en la Secretar\u00eda de Trabajo de la Ciudad.<\/p>\n<p style=\"text-align: justify;\">\u201cNo sabemos si otros sindicatos o Metrov\u00edas est\u00e1n ah\u00ed. Pero nuestros representantes ya est\u00e1n en la Secretar\u00eda de Trabajo. Veremos qu\u00e9 es lo que sucede en ese \u00e1mbito\u201d, afirm\u00f3 Rositto, tras asegurar que el encuentro \u201ctendr\u00e1 el valor de una paritaria\u201d.<\/p>\n<p style=\"text-align: justify;\">El vocero pidi\u00f3 que la Subsecretar\u00eda de transporte \u201ctome cartas en el conflicto\u201d. \u201cSi despu\u00e9s Macri tiene que resolver deudas con la Presidenta, eso puede esperar. Pero esto no puede esperar, hay millones de personas afectadas\u201d, a\u00f1adi\u00f3.<\/p>\n<p style=\"text-align: justify;\">\u201cSeis d\u00edas de paro no hab\u00eda sucedido nunca, y menos por una paritaria\u201d, sostuvo Rositto. \u201cNos sorprende mucho que el paro hab\u00eda sido lanzado el viernes a la noche, el lunes la ciudad fue un caos y nadie en la Ciudad movi\u00f3 un dedo\u201d, concluy\u00f3.<\/p>\n","protected":false},"excerpt":{"rendered":"<p>\u201cD\u00e9jense de joder porque en media hora vuela todo\u201d, fueron las palabras que recibieron por tel\u00e9fono los delegados de subte, seg\u00fan relat\u00f3\u00a0el secretario de prensa del sindicato AGTSyP, Enrique Rositto. Mientras se lleva a cabo la reuni\u00f3n entre la Ciudad, Metrov\u00edas y los metrodelegados, estos recibieron una amenaza de bomba: \u201cD\u00e9jense de joder porque en&hellip;<\/p>\n","protected":false},"author":1,"featured_media":0,"comment_status":"open","ping_status":"open","sticky":false,"template":"","format":"standard","meta":{"footnotes":""},"categories":[6],"tags":[7721,7716,3490,12314,4711,350,958,12315,474],"class_list":["post-26248","post","type-post","status-publish","format-standard","hentry","category-denuncias","tag-agtsyp","tag-amenaza","tag-bomba","tag-enrique-rositto","tag-metrodelegados","tag-metrovias","tag-policia-federal","tag-secretario-de-prensa","tag-telefono"],"_links":{"self":[{"href":"https:\/\/www.elsindical.com.ar\/notas\/wp-json\/wp\/v2\/posts\/26248","targetHints":{"allow":["GET"]}}],"collection":[{"href":"https:\/\/www.elsindical.com.ar\/notas\/wp-json\/wp\/v2\/posts"}],"about":[{"href":"https:\/\/www.elsindical.com.ar\/notas\/wp-json\/wp\/v2\/types\/post"}],"author":[{"embeddable":true,"href":"https:\/\/www.elsindical.com.ar\/notas\/wp-json\/wp\/v2\/users\/1"}],"replies":[{"embeddable":true,"href":"https:\/\/www.elsindical.com.ar\/notas\/wp-json\/wp\/v2\/comments?post=26248"}],"version-history":[{"count":1,"href":"https:\/\/www.elsindical.com.ar\/notas\/wp-json\/wp\/v2\/posts\/26248\/revisions"}],"predecessor-version":[{"id":26250,"href":"https:\/\/www.elsindical.com.ar\/notas\/wp-json\/wp\/v2\/posts\/26248\/revisions\/26250"}],"wp:attachment":[{"href":"https:\/\/www.elsindical.com.ar\/notas\/wp-json\/wp\/v2\/media?parent=26248"}],"wp:term":[{"taxonomy":"category","embeddable":true,"href":"https:\/\/www.elsindical.com.ar\/notas\/wp-json\/wp\/v2\/categories?post=26248"},{"taxonomy":"post_tag","embeddable":true,"href":"https:\/\/www.elsindical.com.ar\/notas\/wp-json\/wp\/v2\/tags?post=26248"}],"curies":[{"name":"wp","href":"https:\/\/api.w.org\/{rel}","templated":true}]}}