{"id":26196,"date":"2012-08-08T01:12:04","date_gmt":"2012-08-08T04:12:04","guid":{"rendered":"http:\/\/www.elsindical.com.ar\/notas\/?p=26196"},"modified":"2012-08-08T01:12:04","modified_gmt":"2012-08-08T04:12:04","slug":"caso-candelael-fiscal-separo-a-la-bonaerense-de-la-investigacion","status":"publish","type":"post","link":"https:\/\/www.elsindical.com.ar\/notas\/caso-candelael-fiscal-separo-a-la-bonaerense-de-la-investigacion\/","title":{"rendered":"Caso Candela:El Fiscal separ\u00f3 a la Bonaerense de la investigaci\u00f3n"},"content":{"rendered":"<p style=\"text-align: justify;\"><em><a href=\"http:\/\/www.elsindical.com.ar\/notas\/var\/www\/html\/notas\/wp-content\/uploads\/2011\/09\/Candela-Sol-Rodr\u00edguez-mueca.jpg\"><img loading=\"lazy\" decoding=\"async\" class=\"alignleft size-medium wp-image-16833\" title=\"Candela-Sol-Rodr\u00edguez-mueca\" src=\"http:\/\/www.elsindical.com.ar\/notas\/var\/www\/html\/notas\/wp-content\/uploads\/2011\/09\/Candela-Sol-Rodr\u00edguez-mueca-300x225.jpg\" alt=\"\" width=\"300\" height=\"225\" srcset=\"https:\/\/www.elsindical.com.ar\/notas\/var\/www\/html\/notas\/wp-content\/uploads\/2011\/09\/Candela-Sol-Rodr\u00edguez-mueca-300x225.jpg 300w, https:\/\/www.elsindical.com.ar\/notas\/var\/www\/html\/notas\/wp-content\/uploads\/2011\/09\/Candela-Sol-Rodr\u00edguez-mueca.jpg 413w\" sizes=\"auto, (max-width: 300px) 100vw, 300px\" \/><\/a>El abogado Marcelo Mazzeo inform\u00f3 que el instructor judicial tom\u00f3 esa\u00a0 determinaci\u00f3n a pedido suyo y bas\u00e1ndose en una norma de la\u00a0 Suprema Corte de Justicia bonaerense.<\/em><\/p>\n<p style=\"text-align: justify;\"><strong>El Fiscal de Mor\u00f3n Mario Alberto Ferrario separ\u00f3 a la Polic\u00eda bonaerense de la investigaci\u00f3n del crimen de Candela Sol Rodr\u00edguez,<\/strong> secuestrada y asesinada en agosto de 2011, inform\u00f3 el defensor de una imputada en la causa.<\/p>\n<p style=\"text-align: justify;\"><strong>El abogado Marcelo Mazzeo inform\u00f3 que el instructor judicial tom\u00f3 esa determinaci\u00f3n a pedido suyo <\/strong>y bas\u00e1ndose en una norma de la Procuraci\u00f3n General de la Suprema Corte de Justicia bonaerense.<\/p>\n<p style=\"text-align: justify;\"><strong>El letrado precis\u00f3 que se trata de la resoluci\u00f3n 1390 de la Procuraci\u00f3n<\/strong> \u201cen la que se especifica que cuando hay efectivos de una fuerza sospechosos de haber participado en un hecho, esa fuerza debe ser apartada de la investigaci\u00f3n de ese il\u00edcito\u201d.<\/p>\n<p style=\"text-align: justify;\">El Fiscal Ferrario qued\u00f3 a cargo de la causa al reemplazar a su colega Marcelo Tavolaro en abril \u00faltimo, un d\u00eda despu\u00e9s de que la Sala III de la C\u00e1mara de Apelaciones y Garant\u00edas de Mor\u00f3n decret\u00f3 la nulidad parcial del proceso.<\/p>\n<p style=\"text-align: justify;\"><strong>De esta manera, el tribunal de alzada orden\u00f3 liberar a los imputados por el caso, H\u00e9ctor \u201cTopo\u201d Moreyra (44), Hugo Berm\u00fadez (53), Leonardo Jara (34), Guillermo L\u00f3pez (31), Fabi\u00e1n G\u00f3mez (42) y Alberto Esp\u00ednola (31). <\/strong><\/p>\n<p style=\"text-align: justify;\">A Moreyra se lo acusaba de haber contratado al resto de la banda para vengarse del padre de Candela, a Berm\u00fadez de haber matado a la chica mediante asfixia, a Jara de haberla capturado haci\u00e9ndose \u201cel novio\u201d y al resto de dar \u201capoyo log\u00edstico\u201d.<\/p>\n<p style=\"text-align: justify;\"><strong>Otros imputados que ya estaban libres con anterioridad son Gladys Cabrera, a quien defiende el abogado Mazzeo, y el carpintero N\u00e9stor Altamirano (55),<\/strong> a quienes atribu\u00edan haber tenido en su casa a la ni\u00f1a mientras estuvo desaparecida.<\/p>\n<p style=\"text-align: justify;\"><strong>Candela (11) fue vista con vida por \u00faltima vez el lunes 22 de agosto de 2011,<\/strong> cuando esperaba a unas amigas para ir a la reuni\u00f3n del grupo de boy scouts al que pertenec\u00eda, y el 31 de agosto apareci\u00f3 asfixiada dentro de una bolsa, a 30 cuadras de su domicilio.<\/p>\n<p style=\"text-align: justify;\">En tanto, el actual jefe de la Polic\u00eda bonaerense, <strong>Hugo Matzkin, declar\u00f3\u00a0 ante los senadores que integran la Comisi\u00f3n Especial creada en la C\u00e1mara alta bonaerense para analizar c\u00f3mo se desarroll\u00f3 la investigaci\u00f3n del crimen de Candela. <\/strong><\/p>\n<p style=\"text-align: justify;\">Matzkin, que al momento del hecho era Superintendente de Coordinaci\u00f3n Operativa de la polic\u00eda provincial, se retir\u00f3 del Senado sin efectuar declaraciones.<\/p>\n<p style=\"text-align: justify;\">El testimonio de Matzkin fue uno de los \u00faltimos que escucharon los nueve senadores que integran el cuerpo creado por iniciativa del oficialismo y con el aval del vicegobernador Gabriel Mariotto.<\/p>\n<p style=\"text-align: justify;\">En ese sentido, <strong>el presidente de la Comisi\u00f3n, Jorge Ruesga, no descart\u00f3 que en las pr\u00f3ximas semanas se convoque a declarar al ministro de Justicia y Seguridad provincial, Ricardo Casal. <\/strong><\/p>\n<p style=\"text-align: justify;\">\u2018Las audiencias no se dan por concluidas\u201d, declar\u00f3 Ruesga ante la prensa y, destac\u00f3 que \u201cest\u00e1 la posibilidad de citar a Casal, pero a\u00fan no est\u00e1 decidido nada al respecto\u201d.<\/p>\n<p style=\"text-align: justify;\">El senador explic\u00f3 que \u201cMatzkin hoy estuvo un tiempo prudencial y contest\u00f3 todas las preguntas de los senadores que integran la Comisi\u00f3n\u201d y agreg\u00f3 que \u201cpor una cuesti\u00f3n de respeto y de confidencialidad\u201d, no pod\u00eda explayarse m\u00e1s.<\/p>\n<p style=\"text-align: justify;\">Detall\u00f3 que el Jefe de la Polic\u00eda \u201cdio su parecer y respondi\u00f3 todas las preguntas que se le efectuaron\u201d, y afirm\u00f3 que \u2018seguramente sus respuestas conformar\u00e1n parte del informe que esta Comisi\u00f3n va a realizar\u201d.<\/p>\n<p style=\"text-align: justify;\">Se espera que en las pr\u00f3ximas semanas la Comisi\u00f3n haga la presentaci\u00f3n de un documento final sobre la investigaci\u00f3n, confiaron\u00a0 fuentes del senado bonaerense.<\/p>\n<p style=\"text-align: justify;\">El informe analiza, entre otras cosas, la actuaci\u00f3n del Fiscal general de Mor\u00f3n Federico Nieva Woodgate, del Fiscal Tavolaro y del Juez Alfredo Meade, todos ellos con pedidos de juicio pol\u00edtico, por sus actuaciones durante la investigaci\u00f3n.<\/p>\n","protected":false},"excerpt":{"rendered":"<p>El abogado Marcelo Mazzeo inform\u00f3 que el instructor judicial tom\u00f3 esa\u00a0 determinaci\u00f3n a pedido suyo y bas\u00e1ndose en una norma de la\u00a0 Suprema Corte de Justicia bonaerense. El Fiscal de Mor\u00f3n Mario Alberto Ferrario separ\u00f3 a la Polic\u00eda bonaerense de la investigaci\u00f3n del crimen de Candela Sol Rodr\u00edguez, secuestrada y asesinada en agosto de 2011,&hellip;<\/p>\n","protected":false},"author":1,"featured_media":0,"comment_status":"open","ping_status":"open","sticky":false,"template":"","format":"standard","meta":{"footnotes":""},"categories":[20],"tags":[12290,22024,12291,749,11347],"class_list":["post-26196","post","type-post","status-publish","format-standard","hentry","category-judiciales","tag-fiscal-mario-alberto-ferrario","tag-investigacion","tag-marcelo-mazzeo","tag-policia-bonaerense","tag-suprema-corte-de-justicia-bonaerense"],"_links":{"self":[{"href":"https:\/\/www.elsindical.com.ar\/notas\/wp-json\/wp\/v2\/posts\/26196","targetHints":{"allow":["GET"]}}],"collection":[{"href":"https:\/\/www.elsindical.com.ar\/notas\/wp-json\/wp\/v2\/posts"}],"about":[{"href":"https:\/\/www.elsindical.com.ar\/notas\/wp-json\/wp\/v2\/types\/post"}],"author":[{"embeddable":true,"href":"https:\/\/www.elsindical.com.ar\/notas\/wp-json\/wp\/v2\/users\/1"}],"replies":[{"embeddable":true,"href":"https:\/\/www.elsindical.com.ar\/notas\/wp-json\/wp\/v2\/comments?post=26196"}],"version-history":[{"count":2,"href":"https:\/\/www.elsindical.com.ar\/notas\/wp-json\/wp\/v2\/posts\/26196\/revisions"}],"predecessor-version":[{"id":26198,"href":"https:\/\/www.elsindical.com.ar\/notas\/wp-json\/wp\/v2\/posts\/26196\/revisions\/26198"}],"wp:attachment":[{"href":"https:\/\/www.elsindical.com.ar\/notas\/wp-json\/wp\/v2\/media?parent=26196"}],"wp:term":[{"taxonomy":"category","embeddable":true,"href":"https:\/\/www.elsindical.com.ar\/notas\/wp-json\/wp\/v2\/categories?post=26196"},{"taxonomy":"post_tag","embeddable":true,"href":"https:\/\/www.elsindical.com.ar\/notas\/wp-json\/wp\/v2\/tags?post=26196"}],"curies":[{"name":"wp","href":"https:\/\/api.w.org\/{rel}","templated":true}]}}