{"id":26134,"date":"2012-08-06T21:40:43","date_gmt":"2012-08-07T00:40:43","guid":{"rendered":"http:\/\/www.elsindical.com.ar\/notas\/?p=26134"},"modified":"2012-08-06T21:40:43","modified_gmt":"2012-08-07T00:40:43","slug":"esteban-echeverriapacientes-y-trabajadores-deben-acarrear-agua-en-baldes","status":"publish","type":"post","link":"https:\/\/www.elsindical.com.ar\/notas\/esteban-echeverriapacientes-y-trabajadores-deben-acarrear-agua-en-baldes\/","title":{"rendered":"Esteban Echeverr\u00eda:Pacientes y trabajadores deben acarrear agua en baldes"},"content":{"rendered":"<p style=\"text-align: justify;\"><em><a href=\"http:\/\/www.elsindical.com.ar\/notas\/var\/www\/html\/notas\/wp-content\/uploads\/2011\/07\/Hospital-municipal-Santamar.jpg\"><img loading=\"lazy\" decoding=\"async\" class=\"alignleft size-medium wp-image-15203\" title=\"Hospital-municipal-Santamar\" src=\"http:\/\/www.elsindical.com.ar\/notas\/var\/www\/html\/notas\/wp-content\/uploads\/2011\/07\/Hospital-municipal-Santamar-300x225.jpg\" alt=\"\" width=\"300\" height=\"225\" srcset=\"https:\/\/www.elsindical.com.ar\/notas\/var\/www\/html\/notas\/wp-content\/uploads\/2011\/07\/Hospital-municipal-Santamar-300x225.jpg 300w, https:\/\/www.elsindical.com.ar\/notas\/var\/www\/html\/notas\/wp-content\/uploads\/2011\/07\/Hospital-municipal-Santamar.jpg 413w\" sizes=\"auto, (max-width: 300px) 100vw, 300px\" \/><\/a>El Consejo Directivo Provincial (CDP) de la Asociaci\u00f3n Sindical de\u00a0 Profesionales de la Salud de la Provincia de Buenos Aires (CICOP)\u00a0 manifest\u00f3 hoy \u00abgran preocupaci\u00f3n por la grav\u00edsima situaci\u00f3n por la que\u00a0 est\u00e1n atravesando los trabajadores y los pacientes del Hospital\u00a0 Santamarina, de Esteban Etcheverr\u00eda\u00bb ya que \u00abdesde el d\u00eda s\u00e1bado 4 de\u00a0 Agosto a la noche hasta el momento (mas de 36 hs.) el Hospital no tiene\u00a0 agua debido a la ruptura de un ca\u00f1o que impide el abastecimiento, y como\u00a0 soluci\u00f3n, el Director del nosocomio, Dr. Ricardo Saslavsky, propuso que\u00a0 tanto los trabajadores como los familiares de los pacientes internados\u00a0 acarreen los baldes de 5 litros de agua que extraen de un tanque\u00a0 provisorio provisto por la municipalidad\u00bb, precisaron.<\/em><\/p>\n<p style=\"text-align: justify;\">En este sentido, sobre el\u00a0 desempe\u00f1o del ejecutivo municipal ante esta problem\u00e1tica, CICOP indic\u00f3\u00a0 que \u00abhasta el momento, ni el Intendente Fernando Gray ni el subsecretario de Salud Mariano Athabe se han hecho presentes en el hospital ni han\u00a0 dado una respuesta a esta grave situaci\u00f3n\u00bb.<\/p>\n<p style=\"text-align: justify;\">\u00abResulta a\u00fan mas\u00a0 preocupante que, seg\u00fan nos informa la seccional de CICOP de dicho\u00a0 hospital, el \u00fanico llamado realizado a la empresa AySA fue el que realizamos los trabajadores en el d\u00eda de hoy, donde reci\u00e9n se tom\u00f3 registro de la\u00a0 denuncia\u00bb, finalizaron.<\/p>\n<p style=\"text-align: justify;\">Contacto: JULIA CRESTA, SECCIONAL CICOP HOSPITAL SANTAMARINA 011-1557237479<\/p>\n","protected":false},"excerpt":{"rendered":"<p>El Consejo Directivo Provincial (CDP) de la Asociaci\u00f3n Sindical de\u00a0 Profesionales de la Salud de la Provincia de Buenos Aires (CICOP)\u00a0 manifest\u00f3 hoy \u00abgran preocupaci\u00f3n por la grav\u00edsima situaci\u00f3n por la que\u00a0 est\u00e1n atravesando los trabajadores y los pacientes del Hospital\u00a0 Santamarina, de Esteban Etcheverr\u00eda\u00bb ya que \u00abdesde el d\u00eda s\u00e1bado 4 de\u00a0 Agosto a&hellip;<\/p>\n","protected":false},"author":1,"featured_media":0,"comment_status":"open","ping_status":"open","sticky":false,"template":"","format":"standard","meta":{"footnotes":""},"categories":[6],"tags":[1923,12267,291,175,9430,12265,1833,553,12266,125],"class_list":["post-26134","post","type-post","status-publish","format-standard","hentry","category-denuncias","tag-agua","tag-baldes","tag-cicop","tag-denuncia","tag-fernando-gray","tag-hospital-santa-marina","tag-intendente","tag-pacientes","tag-subsecretario-mariano-athabe","tag-trabajadores"],"_links":{"self":[{"href":"https:\/\/www.elsindical.com.ar\/notas\/wp-json\/wp\/v2\/posts\/26134","targetHints":{"allow":["GET"]}}],"collection":[{"href":"https:\/\/www.elsindical.com.ar\/notas\/wp-json\/wp\/v2\/posts"}],"about":[{"href":"https:\/\/www.elsindical.com.ar\/notas\/wp-json\/wp\/v2\/types\/post"}],"author":[{"embeddable":true,"href":"https:\/\/www.elsindical.com.ar\/notas\/wp-json\/wp\/v2\/users\/1"}],"replies":[{"embeddable":true,"href":"https:\/\/www.elsindical.com.ar\/notas\/wp-json\/wp\/v2\/comments?post=26134"}],"version-history":[{"count":2,"href":"https:\/\/www.elsindical.com.ar\/notas\/wp-json\/wp\/v2\/posts\/26134\/revisions"}],"predecessor-version":[{"id":26136,"href":"https:\/\/www.elsindical.com.ar\/notas\/wp-json\/wp\/v2\/posts\/26134\/revisions\/26136"}],"wp:attachment":[{"href":"https:\/\/www.elsindical.com.ar\/notas\/wp-json\/wp\/v2\/media?parent=26134"}],"wp:term":[{"taxonomy":"category","embeddable":true,"href":"https:\/\/www.elsindical.com.ar\/notas\/wp-json\/wp\/v2\/categories?post=26134"},{"taxonomy":"post_tag","embeddable":true,"href":"https:\/\/www.elsindical.com.ar\/notas\/wp-json\/wp\/v2\/tags?post=26134"}],"curies":[{"name":"wp","href":"https:\/\/api.w.org\/{rel}","templated":true}]}}