{"id":26045,"date":"2012-08-02T22:00:40","date_gmt":"2012-08-03T01:00:40","guid":{"rendered":"http:\/\/www.elsindical.com.ar\/notas\/?p=26045"},"modified":"2012-08-02T22:00:40","modified_gmt":"2012-08-03T01:00:40","slug":"fallecio-el-chofer-y-secretario-de-marcelo-tinelli-carlos-carminatti","status":"publish","type":"post","link":"https:\/\/www.elsindical.com.ar\/notas\/fallecio-el-chofer-y-secretario-de-marcelo-tinelli-carlos-carminatti\/","title":{"rendered":"Falleci\u00f3 el chofer y secretario de Marcelo Tinelli, Carlos Carminatti"},"content":{"rendered":"<p style=\"text-align: justify;\"><em><a href=\"http:\/\/www.elsindical.com.ar\/notas\/var\/www\/html\/notas\/wp-content\/uploads\/2012\/08\/Carlos-Carminatti.jpg\"><img loading=\"lazy\" decoding=\"async\" class=\"alignleft size-medium wp-image-26046\" title=\"Carlos-Carminatti\" src=\"http:\/\/www.elsindical.com.ar\/notas\/var\/www\/html\/notas\/wp-content\/uploads\/2012\/08\/Carlos-Carminatti-300x208.jpg\" alt=\"\" width=\"300\" height=\"208\" srcset=\"https:\/\/www.elsindical.com.ar\/notas\/var\/www\/html\/notas\/wp-content\/uploads\/2012\/08\/Carlos-Carminatti-300x208.jpg 300w, https:\/\/www.elsindical.com.ar\/notas\/var\/www\/html\/notas\/wp-content\/uploads\/2012\/08\/Carlos-Carminatti.jpg 413w\" sizes=\"auto, (max-width: 300px) 100vw, 300px\" \/><\/a>Padec\u00eda de diabetes, se descompens\u00f3 y fue encontrado muerto en su departamento.<\/em><\/p>\n<p style=\"text-align: justify;\"><strong>Carlos Carminatti<\/strong>, quien era el chofer y secretario privado de <strong>Marcelo Tinelli<\/strong>, y una de las figuras hist\u00f3ricas del programa, falleci\u00f3 en horas de la ma\u00f1ana.<\/p>\n<p style=\"text-align: justify;\">Fue encontrado muerto en su departamento, hab\u00eda sufrido una descompensaci\u00f3n. Padec\u00eda de diabetes y pese a las dificultades en su salud estuvo en las \u00faltimas grabaciones de <em><strong>Showmatch.<\/strong><\/em><\/p>\n<p style=\"text-align: justify;\"><strong>\u00abQuerido Carmi, cuantos a\u00f1os y risas compartidas. Te vamos a extra\u00f1ar y mucho. Eterno compinche de tantas noche. QEPD\u00bb<\/strong>, expres\u00f3 por su parte <strong>Marcela Feudale<\/strong>.<\/p>\n<p style=\"text-align: justify;\">Sus restos ser\u00e1n velados ma\u00f1ana, a las 10 am, en Lomas Del Mirador, en Avenida Per\u00f3n 250.<\/p>\n","protected":false},"excerpt":{"rendered":"<p>Padec\u00eda de diabetes, se descompens\u00f3 y fue encontrado muerto en su departamento. Carlos Carminatti, quien era el chofer y secretario privado de Marcelo Tinelli, y una de las figuras hist\u00f3ricas del programa, falleci\u00f3 en horas de la ma\u00f1ana. Fue encontrado muerto en su departamento, hab\u00eda sufrido una descompensaci\u00f3n. Padec\u00eda de diabetes y pese a las&hellip;<\/p>\n","protected":false},"author":1,"featured_media":0,"comment_status":"open","ping_status":"open","sticky":false,"template":"","format":"standard","meta":{"footnotes":""},"categories":[15],"tags":[12243,1179,939,1360,1863,12244],"class_list":["post-26045","post","type-post","status-publish","format-standard","hentry","category-espectaculos","tag-carlos-carminatti","tag-chofer","tag-diabetes","tag-marcelo-tinelli","tag-programa","tag-sercretario"],"_links":{"self":[{"href":"https:\/\/www.elsindical.com.ar\/notas\/wp-json\/wp\/v2\/posts\/26045","targetHints":{"allow":["GET"]}}],"collection":[{"href":"https:\/\/www.elsindical.com.ar\/notas\/wp-json\/wp\/v2\/posts"}],"about":[{"href":"https:\/\/www.elsindical.com.ar\/notas\/wp-json\/wp\/v2\/types\/post"}],"author":[{"embeddable":true,"href":"https:\/\/www.elsindical.com.ar\/notas\/wp-json\/wp\/v2\/users\/1"}],"replies":[{"embeddable":true,"href":"https:\/\/www.elsindical.com.ar\/notas\/wp-json\/wp\/v2\/comments?post=26045"}],"version-history":[{"count":2,"href":"https:\/\/www.elsindical.com.ar\/notas\/wp-json\/wp\/v2\/posts\/26045\/revisions"}],"predecessor-version":[{"id":26048,"href":"https:\/\/www.elsindical.com.ar\/notas\/wp-json\/wp\/v2\/posts\/26045\/revisions\/26048"}],"wp:attachment":[{"href":"https:\/\/www.elsindical.com.ar\/notas\/wp-json\/wp\/v2\/media?parent=26045"}],"wp:term":[{"taxonomy":"category","embeddable":true,"href":"https:\/\/www.elsindical.com.ar\/notas\/wp-json\/wp\/v2\/categories?post=26045"},{"taxonomy":"post_tag","embeddable":true,"href":"https:\/\/www.elsindical.com.ar\/notas\/wp-json\/wp\/v2\/tags?post=26045"}],"curies":[{"name":"wp","href":"https:\/\/api.w.org\/{rel}","templated":true}]}}