{"id":25964,"date":"2012-08-01T00:33:58","date_gmt":"2012-08-01T03:33:58","guid":{"rendered":"http:\/\/www.elsindical.com.ar\/notas\/?p=25964"},"modified":"2012-08-01T00:33:58","modified_gmt":"2012-08-01T03:33:58","slug":"corte-suprema-confirmo-prescripcion-de-un-atentado-de-montoneros","status":"publish","type":"post","link":"https:\/\/www.elsindical.com.ar\/notas\/corte-suprema-confirmo-prescripcion-de-un-atentado-de-montoneros\/","title":{"rendered":"Corte Suprema confirm\u00f3 prescripci\u00f3n de un atentado de Montoneros"},"content":{"rendered":"<p style=\"text-align: justify;\"><em><a href=\"http:\/\/www.elsindical.com.ar\/notas\/var\/www\/html\/notas\/wp-content\/uploads\/2012\/08\/atentado-Montoneros.jpg\"><img loading=\"lazy\" decoding=\"async\" class=\"alignleft size-medium wp-image-25965\" title=\"atentado-Montoneros\" src=\"http:\/\/www.elsindical.com.ar\/notas\/var\/www\/html\/notas\/wp-content\/uploads\/2012\/08\/atentado-Montoneros-300x205.jpg\" alt=\"\" width=\"300\" height=\"205\" srcset=\"https:\/\/www.elsindical.com.ar\/notas\/var\/www\/html\/notas\/wp-content\/uploads\/2012\/08\/atentado-Montoneros-300x205.jpg 300w, https:\/\/www.elsindical.com.ar\/notas\/var\/www\/html\/notas\/wp-content\/uploads\/2012\/08\/atentado-Montoneros.jpg 443w\" sizes=\"auto, (max-width: 300px) 100vw, 300px\" \/><\/a>Era por una bomba que mat\u00f3 a 23 personas en el 76. Hab\u00edan sido acusados <strong>Mario <\/strong><strong>Firmenich y Horacio Verbitsky, <\/strong>y hasta Rodolfo Walsh. Fue la \u00faltima instancia a la que pod\u00edan llegar familiares de las v\u00edctimas.<\/em><\/p>\n<p style=\"text-align: justify;\">La Corte Suprema de Justicia <strong>ratific\u00f3 que prescribi\u00f3 la causa <\/strong>en la que se investigaba el atentado en el que estaban acusados el periodista Horacio Verbitsky y el fundador de Montoneros Mario Firmenich por un atentado ocurrido en 1976 en el que murieron 23 personas.<\/p>\n<p style=\"text-align: justify;\">La medida no s\u00f3lo beneficia a Firmenich y a Verbitsky, sino tambi\u00e9n a <strong>Laura Silvia Sofovich, Marcelo Kurlat, Miguel \u00c1ngel Lauletta, Norberto Habegger y Lila Victoria Pastoriza<\/strong>, acusados por el ataque contra el edificio de Coordinaci\u00f3n Federal de la Polic\u00eda en julio de 1976, y asistidos en esta instancia por la defensora oficial Eleonora Devoto, inform\u00f3 <em>DyN<\/em>.<\/p>\n<p style=\"text-align: justify;\">El m\u00e1ximo tribunal, con las firmas de los jueces Ricardo Lorenzetti, Elena Highton de Nolasco, Juan Carlos Maqueda y Ra\u00fal Zaffaroni, declar\u00f3 \u00ab<strong>inadmisible\u00bb y, por lo tanto, \u00abimprocedente\u00bb<\/strong>, un \u00faltimo recurso intentado por las familias de las v\u00edctimas de aquel hecho.<\/p>\n<p style=\"text-align: justify;\">Se trata de un \u00abrecurso extraordinario\u00bb presentado por Antonio, Mar\u00eda Alejandra, Gabriel y Mar\u00eda Carolina Cepeda, <strong>viudo e hijos de Josefina Melucci de Cepeda<\/strong>, uno de los 23 muertos que caus\u00f3 aquellos episodios.<\/p>\n<p style=\"text-align: justify;\">Por aquel atentado tambi\u00e9n fueron acusados el periodista y <strong>escritor Rodolfo Walsh<\/strong>, desaparecido por la Dictadura, y <strong>Jos\u00e9 Mar\u00eda Salgado<\/strong>, un ex agente de la polic\u00eda sospechado de haber sido quien coloc\u00f3 el explosivo, y asesinado por el r\u00e9gimen un a\u00f1o m\u00e1s tarde.<\/p>\n<p style=\"text-align: justify;\">La bomba que estall\u00f3 en el edificio policial situado en Moreno 1417, del barrio porte\u00f1o de Balvanera, estall\u00f3 a las 13.20 en el comedor del edificio, donde hab\u00eda alrededor de 100 personas almorzando.<\/p>\n<p style=\"text-align: justify;\">La causa fue declarada \u00abprescripta\u00bb en primera instancia por la jueza federal Mar\u00eda Servini de Cubr\u00eda; la medida fue confirmada por la Sala Primera de la C\u00e1mara Federal y el 22 de marzo de 2011 ratificada por la Sala Primera de la C\u00e1mara Nacional de Casaci\u00f3n Penal, con las firmas de los jueces Ra\u00fal Madue\u00f1o, Juan F\u00e9goli y Mariano Gonz\u00e1lez Palazzo.<\/p>\n<p style=\"text-align: justify;\">Todas las instancias rechazaron declarar \u00abimprescriptible\u00bb, pese a que los querellantes argumentaban que \u00abun crimen de lesa humanidad es un ataque sistem\u00e1tico y organizado contra una poblaci\u00f3n civil\u00bb y que en el Estatuto de Roma, que consagr\u00f3 internacionalmente el concepto, \u00abno hay nada que exija que s\u00f3lo el Estado puede cometer tales cr\u00edmenes\u00bb.<\/p>\n<p style=\"text-align: justify;\">El abogado Jos\u00e9 Mar\u00eda Sacheri, en representaci\u00f3n de los deudos de Melucci de Cepeda, lleg\u00f3 hasta la Corte Suprema, que en su \u00faltimo acuerdo rechaz\u00f3 el planteo y cerr\u00f3 el caso con fuerza de \u00abcosa juzgada\u00bb.<\/p>\n","protected":false},"excerpt":{"rendered":"<p>Era por una bomba que mat\u00f3 a 23 personas en el 76. Hab\u00edan sido acusados Mario Firmenich y Horacio Verbitsky, y hasta Rodolfo Walsh. Fue la \u00faltima instancia a la que pod\u00edan llegar familiares de las v\u00edctimas. La Corte Suprema de Justicia ratific\u00f3 que prescribi\u00f3 la causa en la que se investigaba el atentado en&hellip;<\/p>\n","protected":false},"author":1,"featured_media":0,"comment_status":"open","ping_status":"open","sticky":false,"template":"","format":"standard","meta":{"footnotes":""},"categories":[20],"tags":[957,133,733,6157,6281,6282,12211],"class_list":["post-25964","post","type-post","status-publish","format-standard","hentry","category-judiciales","tag-atentado","tag-causa","tag-corte-suprema","tag-horacio-verbitsky","tag-mario-firmenich","tag-montoneros","tag-rodolfo-walsh"],"_links":{"self":[{"href":"https:\/\/www.elsindical.com.ar\/notas\/wp-json\/wp\/v2\/posts\/25964","targetHints":{"allow":["GET"]}}],"collection":[{"href":"https:\/\/www.elsindical.com.ar\/notas\/wp-json\/wp\/v2\/posts"}],"about":[{"href":"https:\/\/www.elsindical.com.ar\/notas\/wp-json\/wp\/v2\/types\/post"}],"author":[{"embeddable":true,"href":"https:\/\/www.elsindical.com.ar\/notas\/wp-json\/wp\/v2\/users\/1"}],"replies":[{"embeddable":true,"href":"https:\/\/www.elsindical.com.ar\/notas\/wp-json\/wp\/v2\/comments?post=25964"}],"version-history":[{"count":1,"href":"https:\/\/www.elsindical.com.ar\/notas\/wp-json\/wp\/v2\/posts\/25964\/revisions"}],"predecessor-version":[{"id":25966,"href":"https:\/\/www.elsindical.com.ar\/notas\/wp-json\/wp\/v2\/posts\/25964\/revisions\/25966"}],"wp:attachment":[{"href":"https:\/\/www.elsindical.com.ar\/notas\/wp-json\/wp\/v2\/media?parent=25964"}],"wp:term":[{"taxonomy":"category","embeddable":true,"href":"https:\/\/www.elsindical.com.ar\/notas\/wp-json\/wp\/v2\/categories?post=25964"},{"taxonomy":"post_tag","embeddable":true,"href":"https:\/\/www.elsindical.com.ar\/notas\/wp-json\/wp\/v2\/tags?post=25964"}],"curies":[{"name":"wp","href":"https:\/\/api.w.org\/{rel}","templated":true}]}}