{"id":25952,"date":"2012-07-31T20:13:39","date_gmt":"2012-07-31T23:13:39","guid":{"rendered":"http:\/\/www.elsindical.com.ar\/notas\/?p=25952"},"modified":"2012-07-31T20:13:39","modified_gmt":"2012-07-31T23:13:39","slug":"el-sindical-radio-30-de-julio-del-2012","status":"publish","type":"post","link":"https:\/\/www.elsindical.com.ar\/notas\/el-sindical-radio-30-de-julio-del-2012\/","title":{"rendered":"El Sindical radio 30 de julio del 2012"},"content":{"rendered":"<p style=\"text-align: justify;\"><em><a href=\"http:\/\/www.elsindical.com.ar\/notas\/var\/www\/html\/notas\/wp-content\/uploads\/2012\/06\/RadiosOnlineFM.jpg\"><img loading=\"lazy\" decoding=\"async\" class=\"alignleft size-medium wp-image-25011\" title=\"RadiosOnlineFM\" src=\"http:\/\/www.elsindical.com.ar\/notas\/var\/www\/html\/notas\/wp-content\/uploads\/2012\/06\/RadiosOnlineFM-300x250.jpg\" alt=\"\" width=\"300\" height=\"250\" srcset=\"https:\/\/www.elsindical.com.ar\/notas\/var\/www\/html\/notas\/wp-content\/uploads\/2012\/06\/RadiosOnlineFM-300x250.jpg 300w, https:\/\/www.elsindical.com.ar\/notas\/var\/www\/html\/notas\/wp-content\/uploads\/2012\/06\/RadiosOnlineFM.jpg 500w\" sizes=\"auto, (max-width: 300px) 100vw, 300px\" \/><\/a>Programa del d\u00eda lunes 30 de julio del programa El Sindical radio, por FMBoedo 88.1, con la presencia de Marcelo Ricardo Hawrylciw, Armando Mart\u00edn Sabadini y Valeria Carreras. Desde Twitter Mar\u00eda Laura Lastres, siguiendo el programa.<\/em><\/p>\n<p style=\"text-align: justify;\">Durante el programa Marcelo Ricardo Hawrylciw, se refiri\u00f3 a la pol\u00e9mica por las salias especiales de detenidos alojados en el Servicio Penitenciario Federal y a la actuaci\u00f3n de los jueces. Tambi\u00e9n al caso del Juez Sal Lari de San Isidro repuesto en su cargo y la pol\u00e9mica por la decisi\u00f3n. Criticas a los Consejos de la Magistratura de Naci\u00f3n y bonaerense.<\/p>\n<p style=\"text-align: justify;\">Mart\u00edn Sabadini expuso un interesante fallo de la Sala IX laboral, respecto a la reinstalaci\u00f3n de una trabajadora despedida que fund\u00f3 su reclamo en la miltancia sindical y en un acto de discriminaci\u00f3n los motivos de su despido.<\/p>\n<p style=\"text-align: justify;\">Valeria Carreras, entrevist\u00f3 telef\u00f3nicamente a Juan Alberto Mateo, presidente de FAM (Federaci\u00f3n Argentina de Municipios), su organizaci\u00f3n, proyectos, propuestas, integraci\u00f3n, recomendaciones. La integraci\u00f3n de Venezuela al Mercosur.<\/p>\n<p style=\"text-align: justify;\"><a href=\"http:\/\/www.elsindical.com.ar\/notas\/var\/www\/html\/notas\/wp-content\/uploads\/2012\/07\/DSC_0004.jpg\"><img loading=\"lazy\" decoding=\"async\" class=\"alignleft size-medium wp-image-25953\" title=\"DSC_0004\" src=\"http:\/\/www.elsindical.com.ar\/notas\/var\/www\/html\/notas\/wp-content\/uploads\/2012\/07\/DSC_0004-300x200.jpg\" alt=\"\" width=\"300\" height=\"200\" srcset=\"https:\/\/www.elsindical.com.ar\/notas\/var\/www\/html\/notas\/wp-content\/uploads\/2012\/07\/DSC_0004-300x200.jpg 300w, https:\/\/www.elsindical.com.ar\/notas\/var\/www\/html\/notas\/wp-content\/uploads\/2012\/07\/DSC_0004.jpg 443w\" sizes=\"auto, (max-width: 300px) 100vw, 300px\" \/><\/a>\u00a0<a href=\"http:\/\/www.elsindical.com.ar\/notas\/var\/www\/html\/notas\/wp-content\/uploads\/2012\/07\/DSC_0005.jpg\"><img loading=\"lazy\" decoding=\"async\" class=\"alignleft size-medium wp-image-25954\" title=\"DSC_0005\" src=\"http:\/\/www.elsindical.com.ar\/notas\/var\/www\/html\/notas\/wp-content\/uploads\/2012\/07\/DSC_0005-300x200.jpg\" alt=\"\" width=\"300\" height=\"200\" srcset=\"https:\/\/www.elsindical.com.ar\/notas\/var\/www\/html\/notas\/wp-content\/uploads\/2012\/07\/DSC_0005-300x200.jpg 300w, https:\/\/www.elsindical.com.ar\/notas\/var\/www\/html\/notas\/wp-content\/uploads\/2012\/07\/DSC_0005.jpg 443w\" sizes=\"auto, (max-width: 300px) 100vw, 300px\" \/><\/a><\/p>\n<p><object width=\"353\" height=\"132\" classid=\"clsid:d27cdb6e-ae6d-11cf-96b8-444553540000\" codebase=\"http:\/\/download.macromedia.com\/pub\/shockwave\/cabs\/flash\/swflash.cab#version=6,0,40,0\"><param name=\"src\" value=\"http:\/\/www.goear.com\/files\/external.swf?file=e86eea0\" \/><param name=\"wmode\" value=\"transparent\" \/><param name=\"quality\" value=\"high\" \/><embed width=\"353\" height=\"132\" type=\"application\/x-shockwave-flash\" src=\"http:\/\/www.goear.com\/files\/external.swf?file=e86eea0\" wmode=\"transparent\" quality=\"high\" \/><\/object><iframe loading=\"lazy\" style=\"border: 0px transparent;\" src=\"http:\/\/www.ustream.tv\/embed\/recorded\/24363110\" frameborder=\"0\" scrolling=\"no\" width=\"480\" height=\"296\"><\/iframe><br \/>\n<a style=\"padding: 2px 0px 4px; width: 400px; background: #ffffff; display: block; color: #000000; font-weight: normal; font-size: 10px; text-decoration: underline; text-align: center;\" href=\"http:\/\/www.ustream.tv\/\" target=\"_blank\">Video streaming by Ustream<\/a><\/p>\n","protected":false},"excerpt":{"rendered":"<p>Programa del d\u00eda lunes 30 de julio del programa El Sindical radio, por FMBoedo 88.1, con la presencia de Marcelo Ricardo Hawrylciw, Armando Mart\u00edn Sabadini y Valeria Carreras. Desde Twitter Mar\u00eda Laura Lastres, siguiendo el programa. Durante el programa Marcelo Ricardo Hawrylciw, se refiri\u00f3 a la pol\u00e9mica por las salias especiales de detenidos alojados en&hellip;<\/p>\n","protected":false},"author":1,"featured_media":0,"comment_status":"open","ping_status":"open","sticky":false,"template":"","format":"standard","meta":{"footnotes":""},"categories":[11826],"tags":[11830,3251,1448,11829,1863,5517,11939],"class_list":["post-25952","post","type-post","status-publish","format-standard","hentry","category-el-sindical-radio","tag-armando-martin-sabadini","tag-el-sindical","tag-marcelo-ricardo-hawrylciw","tag-maria-laura-lastres","tag-programa","tag-radio","tag-valeria-carreras"],"_links":{"self":[{"href":"https:\/\/www.elsindical.com.ar\/notas\/wp-json\/wp\/v2\/posts\/25952","targetHints":{"allow":["GET"]}}],"collection":[{"href":"https:\/\/www.elsindical.com.ar\/notas\/wp-json\/wp\/v2\/posts"}],"about":[{"href":"https:\/\/www.elsindical.com.ar\/notas\/wp-json\/wp\/v2\/types\/post"}],"author":[{"embeddable":true,"href":"https:\/\/www.elsindical.com.ar\/notas\/wp-json\/wp\/v2\/users\/1"}],"replies":[{"embeddable":true,"href":"https:\/\/www.elsindical.com.ar\/notas\/wp-json\/wp\/v2\/comments?post=25952"}],"version-history":[{"count":2,"href":"https:\/\/www.elsindical.com.ar\/notas\/wp-json\/wp\/v2\/posts\/25952\/revisions"}],"predecessor-version":[{"id":25956,"href":"https:\/\/www.elsindical.com.ar\/notas\/wp-json\/wp\/v2\/posts\/25952\/revisions\/25956"}],"wp:attachment":[{"href":"https:\/\/www.elsindical.com.ar\/notas\/wp-json\/wp\/v2\/media?parent=25952"}],"wp:term":[{"taxonomy":"category","embeddable":true,"href":"https:\/\/www.elsindical.com.ar\/notas\/wp-json\/wp\/v2\/categories?post=25952"},{"taxonomy":"post_tag","embeddable":true,"href":"https:\/\/www.elsindical.com.ar\/notas\/wp-json\/wp\/v2\/tags?post=25952"}],"curies":[{"name":"wp","href":"https:\/\/api.w.org\/{rel}","templated":true}]}}