{"id":25938,"date":"2012-07-31T12:59:26","date_gmt":"2012-07-31T15:59:26","guid":{"rendered":"http:\/\/www.elsindical.com.ar\/notas\/?p=25938"},"modified":"2012-07-31T12:59:26","modified_gmt":"2012-07-31T15:59:26","slug":"falta-de-merito-para-hombre-acusado-de-manosear-en-cine-a-ocasional-companera-de-butaca","status":"publish","type":"post","link":"https:\/\/www.elsindical.com.ar\/notas\/falta-de-merito-para-hombre-acusado-de-manosear-en-cine-a-ocasional-companera-de-butaca\/","title":{"rendered":"Falta de m\u00e9rito para hombre acusado de manosear en cine a ocasional compa\u00f1era de butaca"},"content":{"rendered":"<p style=\"text-align: justify;\"><em><a href=\"http:\/\/www.elsindical.com.ar\/notas\/var\/www\/html\/notas\/wp-content\/uploads\/2012\/07\/la-chica-del-drag\u00f3n-tatuado.jpg\"><img loading=\"lazy\" decoding=\"async\" class=\"alignleft size-medium wp-image-25939\" title=\"la-chica-del-drag\u00f3n-tatuado\" src=\"http:\/\/www.elsindical.com.ar\/notas\/var\/www\/html\/notas\/wp-content\/uploads\/2012\/07\/la-chica-del-drag\u00f3n-tatuado-300x294.jpg\" alt=\"\" width=\"300\" height=\"294\" srcset=\"https:\/\/www.elsindical.com.ar\/notas\/var\/www\/html\/notas\/wp-content\/uploads\/2012\/07\/la-chica-del-drag\u00f3n-tatuado-300x294.jpg 300w, https:\/\/www.elsindical.com.ar\/notas\/var\/www\/html\/notas\/wp-content\/uploads\/2012\/07\/la-chica-del-drag\u00f3n-tatuado.jpg 325w\" sizes=\"auto, (max-width: 300px) 100vw, 300px\" \/><\/a>El sospechoso habr\u00eda rozado la pierna de la presunta v\u00edctima, de 20 a\u00f1os de edad, para luego, tocarle el brazo derecho y, finalmente, apoyar la palma de la mano en la zona de las costillas. El tribunal consider\u00f3 insuficientes los elementos de prueba para dictar el procesamiento.<\/em><\/p>\n<p style=\"text-align: justify;\">La C\u00e1mara del Crimen confirm\u00f3 la falta de m\u00e9rito para un hombre acusado de haber intentado propasarse con una ocasional compa\u00f1era de butaca en un cine porte\u00f1o, a la que disimuladamente intent\u00f3 manosear.<\/p>\n<p style=\"text-align: justify;\">La Sala Primera de la C\u00e1mara, con las firmas de los jueces Jorge Rimondi, Alfredo Barbarosch y Luis Bunge Campos, resolvi\u00f3 as\u00ed la situaci\u00f3n planteada a ra\u00edz de los hechos ocurridos el 31 de enero pasado en uno de los cines de un shopping porte\u00f1o.<\/p>\n<p style=\"text-align: justify;\">Seg\u00fan la documentaci\u00f3n, el imputado \u00abse encontraba sentado en una butaca del complejo de cines, lugar en el que se exhib\u00eda la pel\u00edcula &#8216;La chica del drag\u00f3n tatuado'\u00bb, en la funci\u00f3n de las 20:00 hs.<\/p>\n<p style=\"text-align: justify;\">\u00abEn esas circunstancias (el acusado) habr\u00eda rozado la pierna de (la presunta v\u00edctima) de 20 a\u00f1os de edad, para luego, con una de sus manos, tocarle el brazo derecho y, finalmente, apoyar la palma de la mano en la zona de las costillas de la damnificada, cerca de la axila, provocando su reacci\u00f3n al decir en un tono de voz elevado: &#8216;no me toques'\u00bb, describe la narraci\u00f3n.<\/p>\n<p style=\"text-align: justify;\">Seg\u00fan el fallo, \u00abluego el imputado habr\u00eda intentado abandonar la sala, lo que le fue impedido por algunos espectadores, adem\u00e1s de personal de seguridad del lugar. Ante la crisis nerviosa sufrida por la damnificada se hizo presente en el lugar personal de enfermer\u00eda del shopping y se detuvo al acusado\u00bb.<\/p>\n<p style=\"text-align: justify;\">El tribunal consider\u00f3 insuficientes los elementos de prueba para dictar el procesamiento del hombre y dispuso \u00abahondar la pesquisa, tomando -entre otras medidas- \u00abampliaci\u00f3n de la declaraci\u00f3n testimonial\u00bb de la veintea\u00f1era \u00aba efectos de que precise si es cierto que el encausado tambi\u00e9n haya pretendido realizarle tocamientos en el busto\u00bb.<\/p>\n","protected":false},"excerpt":{"rendered":"<p>El sospechoso habr\u00eda rozado la pierna de la presunta v\u00edctima, de 20 a\u00f1os de edad, para luego, tocarle el brazo derecho y, finalmente, apoyar la palma de la mano en la zona de las costillas. El tribunal consider\u00f3 insuficientes los elementos de prueba para dictar el procesamiento. La C\u00e1mara del Crimen confirm\u00f3 la falta de&hellip;<\/p>\n","protected":false},"author":1,"featured_media":0,"comment_status":"open","ping_status":"open","sticky":false,"template":"","format":"standard","meta":{"footnotes":""},"categories":[20],"tags":[12202,4726,1479,4360,3383,913,198],"class_list":["post-25938","post","type-post","status-publish","format-standard","hentry","category-judiciales","tag-brazo","tag-camara-del-crimen","tag-manoseo","tag-pierna","tag-procesamiento","tag-tribunal","tag-victima"],"_links":{"self":[{"href":"https:\/\/www.elsindical.com.ar\/notas\/wp-json\/wp\/v2\/posts\/25938","targetHints":{"allow":["GET"]}}],"collection":[{"href":"https:\/\/www.elsindical.com.ar\/notas\/wp-json\/wp\/v2\/posts"}],"about":[{"href":"https:\/\/www.elsindical.com.ar\/notas\/wp-json\/wp\/v2\/types\/post"}],"author":[{"embeddable":true,"href":"https:\/\/www.elsindical.com.ar\/notas\/wp-json\/wp\/v2\/users\/1"}],"replies":[{"embeddable":true,"href":"https:\/\/www.elsindical.com.ar\/notas\/wp-json\/wp\/v2\/comments?post=25938"}],"version-history":[{"count":1,"href":"https:\/\/www.elsindical.com.ar\/notas\/wp-json\/wp\/v2\/posts\/25938\/revisions"}],"predecessor-version":[{"id":25940,"href":"https:\/\/www.elsindical.com.ar\/notas\/wp-json\/wp\/v2\/posts\/25938\/revisions\/25940"}],"wp:attachment":[{"href":"https:\/\/www.elsindical.com.ar\/notas\/wp-json\/wp\/v2\/media?parent=25938"}],"wp:term":[{"taxonomy":"category","embeddable":true,"href":"https:\/\/www.elsindical.com.ar\/notas\/wp-json\/wp\/v2\/categories?post=25938"},{"taxonomy":"post_tag","embeddable":true,"href":"https:\/\/www.elsindical.com.ar\/notas\/wp-json\/wp\/v2\/tags?post=25938"}],"curies":[{"name":"wp","href":"https:\/\/api.w.org\/{rel}","templated":true}]}}