{"id":25917,"date":"2012-07-31T10:29:47","date_gmt":"2012-07-31T13:29:47","guid":{"rendered":"http:\/\/www.elsindical.com.ar\/notas\/?p=25917"},"modified":"2012-07-31T10:29:47","modified_gmt":"2012-07-31T13:29:47","slug":"palermodesvalijaron-a-una-familia","status":"publish","type":"post","link":"https:\/\/www.elsindical.com.ar\/notas\/palermodesvalijaron-a-una-familia\/","title":{"rendered":"Palermo:Desvalijaron a una familia"},"content":{"rendered":"<p style=\"text-align: justify;\"><em><a href=\"http:\/\/www.elsindical.com.ar\/notas\/var\/www\/html\/notas\/wp-content\/uploads\/2012\/07\/vecino-robo-en-Palermo.jpg\"><img loading=\"lazy\" decoding=\"async\" class=\"alignleft size-medium wp-image-25918\" title=\"vecino-robo-en-Palermo\" src=\"http:\/\/www.elsindical.com.ar\/notas\/var\/www\/html\/notas\/wp-content\/uploads\/2012\/07\/vecino-robo-en-Palermo-300x192.jpg\" alt=\"\" width=\"300\" height=\"192\" srcset=\"https:\/\/www.elsindical.com.ar\/notas\/var\/www\/html\/notas\/wp-content\/uploads\/2012\/07\/vecino-robo-en-Palermo-300x192.jpg 300w, https:\/\/www.elsindical.com.ar\/notas\/var\/www\/html\/notas\/wp-content\/uploads\/2012\/07\/vecino-robo-en-Palermo.jpg 413w\" sizes=\"auto, (max-width: 300px) 100vw, 300px\" \/><\/a>Delincuentes<strong> armados ingresaron <\/strong>a un departamento ubicado en la calle Lafinur al 3300, esquina Libertador. <strong>Amenazaron y maniataron a los due\u00f1os de la vivienda<\/strong> y se llevaron dinero y objetos de valor.<\/em><\/p>\n<p style=\"text-align: justify;\">Un matrimonio fue asaltado en las \u00faltimas horas en su departamento del barrio porte\u00f1o de Palermo, donde los ladrones los maniataron para robarles dinero y joyas.<\/p>\n<p style=\"text-align: justify;\">El hecho se produjo a \u00faltima hora del domingo cuando la pareja dej\u00f3 el auto en una cochera y se dirigi\u00f3 al edificio de Lafinur 3356, a metros de Avenida Del Libertador.<\/p>\n<p style=\"text-align: justify;\">Dos ladrones los interceptaron y los hicieron subir a su departamento, donde los maniataron y encerraron, informaron fuentes de la investigaci\u00f3n.<\/p>\n<p style=\"text-align: justify;\">Los asaltantes escaparon con dinero, alhajas y otros objetos de valor, en jurisdicci\u00f3n de la comisar\u00eda 53\u00b0.<\/p>\n","protected":false},"excerpt":{"rendered":"<p>Delincuentes armados ingresaron a un departamento ubicado en la calle Lafinur al 3300, esquina Libertador. Amenazaron y maniataron a los due\u00f1os de la vivienda y se llevaron dinero y objetos de valor. Un matrimonio fue asaltado en las \u00faltimas horas en su departamento del barrio porte\u00f1o de Palermo, donde los ladrones los maniataron para robarles&hellip;<\/p>\n","protected":false},"author":1,"featured_media":0,"comment_status":"open","ping_status":"open","sticky":false,"template":"","format":"standard","meta":{"footnotes":""},"categories":[22],"tags":[3649,12193,581,1413,1337,30],"class_list":["post-25917","post","type-post","status-publish","format-standard","hentry","category-policiales","tag-armados","tag-cria-53","tag-delincuentes","tag-joyas","tag-palermo","tag-policia"],"_links":{"self":[{"href":"https:\/\/www.elsindical.com.ar\/notas\/wp-json\/wp\/v2\/posts\/25917","targetHints":{"allow":["GET"]}}],"collection":[{"href":"https:\/\/www.elsindical.com.ar\/notas\/wp-json\/wp\/v2\/posts"}],"about":[{"href":"https:\/\/www.elsindical.com.ar\/notas\/wp-json\/wp\/v2\/types\/post"}],"author":[{"embeddable":true,"href":"https:\/\/www.elsindical.com.ar\/notas\/wp-json\/wp\/v2\/users\/1"}],"replies":[{"embeddable":true,"href":"https:\/\/www.elsindical.com.ar\/notas\/wp-json\/wp\/v2\/comments?post=25917"}],"version-history":[{"count":2,"href":"https:\/\/www.elsindical.com.ar\/notas\/wp-json\/wp\/v2\/posts\/25917\/revisions"}],"predecessor-version":[{"id":25920,"href":"https:\/\/www.elsindical.com.ar\/notas\/wp-json\/wp\/v2\/posts\/25917\/revisions\/25920"}],"wp:attachment":[{"href":"https:\/\/www.elsindical.com.ar\/notas\/wp-json\/wp\/v2\/media?parent=25917"}],"wp:term":[{"taxonomy":"category","embeddable":true,"href":"https:\/\/www.elsindical.com.ar\/notas\/wp-json\/wp\/v2\/categories?post=25917"},{"taxonomy":"post_tag","embeddable":true,"href":"https:\/\/www.elsindical.com.ar\/notas\/wp-json\/wp\/v2\/tags?post=25917"}],"curies":[{"name":"wp","href":"https:\/\/api.w.org\/{rel}","templated":true}]}}