{"id":25899,"date":"2012-07-30T18:22:51","date_gmt":"2012-07-30T21:22:51","guid":{"rendered":"http:\/\/www.elsindical.com.ar\/notas\/?p=25899"},"modified":"2012-07-30T18:22:51","modified_gmt":"2012-07-30T21:22:51","slug":"garre-cargo-contra-scioli-y-dijo-que-macri-tiene-un-problema-psicologico","status":"publish","type":"post","link":"https:\/\/www.elsindical.com.ar\/notas\/garre-cargo-contra-scioli-y-dijo-que-macri-tiene-un-problema-psicologico\/","title":{"rendered":"Garr\u00e9 carg\u00f3 contra Scioli y dijo que Macri \u00abtiene un problema psicol\u00f3gico\u00bb"},"content":{"rendered":"<p style=\"text-align: justify;\"><em><a href=\"http:\/\/www.elsindical.com.ar\/notas\/var\/www\/html\/notas\/wp-content\/uploads\/2012\/07\/Macri-Garr\u00e9-y-Scioli.jpg\"><img loading=\"lazy\" decoding=\"async\" class=\"alignleft size-medium wp-image-25900\" title=\"Macri,-Garr\u00e9-y-Scioli\" src=\"http:\/\/www.elsindical.com.ar\/notas\/var\/www\/html\/notas\/wp-content\/uploads\/2012\/07\/Macri-Garr\u00e9-y-Scioli-300x206.jpg\" alt=\"\" width=\"300\" height=\"206\" srcset=\"https:\/\/www.elsindical.com.ar\/notas\/var\/www\/html\/notas\/wp-content\/uploads\/2012\/07\/Macri-Garr\u00e9-y-Scioli-300x206.jpg 300w, https:\/\/www.elsindical.com.ar\/notas\/var\/www\/html\/notas\/wp-content\/uploads\/2012\/07\/Macri-Garr\u00e9-y-Scioli.jpg 413w\" sizes=\"auto, (max-width: 300px) 100vw, 300px\" \/><\/a>Dice que el gobernador \u00abrenunci\u00f3 al control pol\u00edtico de una fuerza de seguridad\u00bb y que el jefe de gobierno porte\u00f1o tiene <strong>\u00abdramatiza todo\u00bb.<\/strong><\/em><\/p>\n<p style=\"text-align: justify;\">La ministra de Seguridad, Nilda Garr\u00e9, sali\u00f3 con los tapones de punta a criticar a dos rivales de la Casa Rosada, el jefe de Gobierno porte\u00f1o Mauricio Macri y el gobernador bonaerense Daniel Scioli, a quienes cuestion\u00f3 por sus pol\u00edticas en la materia de seguridad.<\/p>\n<p style=\"text-align: justify;\">En una conferencia de prensa tras un acto por el 74\u00ba aniversario de la creaci\u00f3n de la Gendarmer\u00eda Nacional, la ministra argument\u00f3 que el aumento del delito en la provincia de Buenos Aires se debe a la falta de <strong>\u00abcontrol pol\u00edtico de la polic\u00eda\u00bb<\/strong> en el territorio que administra Daniel Scioli.<\/p>\n<p style=\"text-align: justify;\">\u00abHab\u00edan comenzado a implementarse hace unos a\u00f1os medidas que se revirtieron y eso se ve en los resultados, porque esas medidas hab\u00edan empezado a generar un <strong>control pol\u00edtico de la polic\u00eda bonaerense<\/strong>: no se puede renunciar al control pol\u00edtico de una fuerza de seguridad\u00bb, fustig\u00f3 Garr\u00e9.<\/p>\n<p style=\"text-align: justify;\">Luego, la ministra sali\u00f3 a respaldar a su vice, Sergio Berni, cuestionado por Mauricio Macri: sostuvo que baj\u00f3 el \u00edndice delictivo en la Ciudad Aut\u00f3noma de Buenos Aires y que el jefe de gobierno porte\u00f1o dice lo contrario porque <strong>\u00abdramatiza todo\u00bb y \u00abtiene un problema psicol\u00f3gico\u00bb.<\/strong><\/p>\n<p style=\"text-align: justify;\">\u00abEl gobierno de la Ciudad de Buenos Aires dramatiza todo. El jefe de Gobierno de la Ciudad de Buenos Aires tiene alg\u00fan problema psicol\u00f3gico porque siempre se victimiza y tienen culpa los dem\u00e1s de todo\u00bb, concluy\u00f3 Garr\u00e9.<\/p>\n","protected":false},"excerpt":{"rendered":"<p>Dice que el gobernador \u00abrenunci\u00f3 al control pol\u00edtico de una fuerza de seguridad\u00bb y que el jefe de gobierno porte\u00f1o tiene \u00abdramatiza todo\u00bb. La ministra de Seguridad, Nilda Garr\u00e9, sali\u00f3 con los tapones de punta a criticar a dos rivales de la Casa Rosada, el jefe de Gobierno porte\u00f1o Mauricio Macri y el gobernador bonaerense&hellip;<\/p>\n","protected":false},"author":1,"featured_media":0,"comment_status":"open","ping_status":"open","sticky":false,"template":"","format":"standard","meta":{"footnotes":""},"categories":[13],"tags":[983,253,76,5660],"class_list":["post-25899","post","type-post","status-publish","format-standard","hentry","category-politica","tag-daniel-scioli","tag-declaraciones","tag-mauricio-macri","tag-ministro-de-seguridad-nilda-garre"],"_links":{"self":[{"href":"https:\/\/www.elsindical.com.ar\/notas\/wp-json\/wp\/v2\/posts\/25899","targetHints":{"allow":["GET"]}}],"collection":[{"href":"https:\/\/www.elsindical.com.ar\/notas\/wp-json\/wp\/v2\/posts"}],"about":[{"href":"https:\/\/www.elsindical.com.ar\/notas\/wp-json\/wp\/v2\/types\/post"}],"author":[{"embeddable":true,"href":"https:\/\/www.elsindical.com.ar\/notas\/wp-json\/wp\/v2\/users\/1"}],"replies":[{"embeddable":true,"href":"https:\/\/www.elsindical.com.ar\/notas\/wp-json\/wp\/v2\/comments?post=25899"}],"version-history":[{"count":2,"href":"https:\/\/www.elsindical.com.ar\/notas\/wp-json\/wp\/v2\/posts\/25899\/revisions"}],"predecessor-version":[{"id":25902,"href":"https:\/\/www.elsindical.com.ar\/notas\/wp-json\/wp\/v2\/posts\/25899\/revisions\/25902"}],"wp:attachment":[{"href":"https:\/\/www.elsindical.com.ar\/notas\/wp-json\/wp\/v2\/media?parent=25899"}],"wp:term":[{"taxonomy":"category","embeddable":true,"href":"https:\/\/www.elsindical.com.ar\/notas\/wp-json\/wp\/v2\/categories?post=25899"},{"taxonomy":"post_tag","embeddable":true,"href":"https:\/\/www.elsindical.com.ar\/notas\/wp-json\/wp\/v2\/tags?post=25899"}],"curies":[{"name":"wp","href":"https:\/\/api.w.org\/{rel}","templated":true}]}}