{"id":2587,"date":"2009-12-27T14:16:03","date_gmt":"2009-12-27T17:16:03","guid":{"rendered":"http:\/\/www.elsindical.com.ar\/notas\/?p=2587"},"modified":"2009-12-27T14:16:03","modified_gmt":"2009-12-27T17:16:03","slug":"encontraron-el-cadaver-de-una-chica-de-14-anos-en-el-riachuelo","status":"publish","type":"post","link":"https:\/\/www.elsindical.com.ar\/notas\/encontraron-el-cadaver-de-una-chica-de-14-anos-en-el-riachuelo\/","title":{"rendered":"Encontraron el cad\u00e1ver de una chica de 14 a\u00f1os en el Riachuelo"},"content":{"rendered":"<div id=\"cope\" style=\"text-align: justify;\"><a href=\"http:\/\/www.elsindical.com.ar\/notas\/var\/www\/html\/notas\/wp-content\/uploads\/2009\/12\/Arroyo-del-Rey.jpg\"><img loading=\"lazy\" decoding=\"async\" class=\"alignleft size-full wp-image-2588\" title=\"Arroyo-del-Rey\" src=\"http:\/\/www.elsindical.com.ar\/notas\/var\/www\/html\/notas\/wp-content\/uploads\/2009\/12\/Arroyo-del-Rey.jpg\" alt=\"\" width=\"207\" height=\"155\" \/><\/a>Los buzos t\u00e1cticos de los bomberos de Lomas de Zamora encontraron en el Riachuelo el cad\u00e1ver de una nena de 14 a\u00f1os que se ahog\u00f3 cuando nadaba junto a su primo y un amigo. Seg\u00fan fuentes policiales, la chica se meti\u00f3 ayer al Arroyo del Rey para refrescarse y la corriente la arrastr\u00f3 hasta la desembocadura del Riachuelo. Tras el hallazgo, el cuerpo de la v\u00edctima fue trasladado a la morgue judicial de Lomas.<\/div>\n<div style=\"text-align: justify;\">\n<p style=\"text-align: justify;\">El cuerpo sin vida de una nena de 14 a\u00f1os, que se meti\u00f3 ayer al Arroyo del Rey en Lomas de Zamora para nadar, apareci\u00f3 esta ma\u00f1ana en las aguas del Riachuelo.<\/p>\n<p>El capit\u00e1n de la comisar\u00eda de Ingeniero Budge, Walter Cristaldo, explic\u00f3 que la nena \u201cfue ayer con su primo y un amigo a nadar en las aguas del Arroyo del Rey, el cual estaba crecido por las lluvias, y fue arrastrada por la corriente hacia la desembocadura del Riachuelo\u201d.<\/p>\n<p>\u201cFue entonces cuando recibimos el llamado al 911 alertando por la situaci\u00f3n y, junto a los bomberos, comenzamos la b\u00fasqueda de la menor\u201d, a\u00f1adi\u00f3.<\/p>\n<p>Esta ma\u00f1ana, el cad\u00e1ver de la peque\u00f1a fue hallado por los buzos t\u00e1cticos de los bomberos de Lomas de Zamora y el cuerpo fue trasladado a la morgue judicial.<\/p>\n<\/div>\n","protected":false},"excerpt":{"rendered":"<p>Los buzos t\u00e1cticos de los bomberos de Lomas de Zamora encontraron en el Riachuelo el cad\u00e1ver de una nena de 14 a\u00f1os que se ahog\u00f3 cuando nadaba junto a su primo y un amigo. Seg\u00fan fuentes policiales, la chica se meti\u00f3 ayer al Arroyo del Rey para refrescarse y la corriente la arrastr\u00f3 hasta la&hellip;<\/p>\n","protected":false},"author":1,"featured_media":0,"comment_status":"open","ping_status":"open","sticky":false,"template":"","format":"standard","meta":{"footnotes":""},"categories":[22],"tags":[1368,1369,744,223,30,1367],"class_list":["post-2587","post","type-post","status-publish","format-standard","hentry","category-policiales","tag-arroyo-del-rey","tag-bomberos","tag-lomas-de-zamora","tag-menor","tag-policia","tag-riacuelo"],"_links":{"self":[{"href":"https:\/\/www.elsindical.com.ar\/notas\/wp-json\/wp\/v2\/posts\/2587","targetHints":{"allow":["GET"]}}],"collection":[{"href":"https:\/\/www.elsindical.com.ar\/notas\/wp-json\/wp\/v2\/posts"}],"about":[{"href":"https:\/\/www.elsindical.com.ar\/notas\/wp-json\/wp\/v2\/types\/post"}],"author":[{"embeddable":true,"href":"https:\/\/www.elsindical.com.ar\/notas\/wp-json\/wp\/v2\/users\/1"}],"replies":[{"embeddable":true,"href":"https:\/\/www.elsindical.com.ar\/notas\/wp-json\/wp\/v2\/comments?post=2587"}],"version-history":[{"count":1,"href":"https:\/\/www.elsindical.com.ar\/notas\/wp-json\/wp\/v2\/posts\/2587\/revisions"}],"predecessor-version":[{"id":2589,"href":"https:\/\/www.elsindical.com.ar\/notas\/wp-json\/wp\/v2\/posts\/2587\/revisions\/2589"}],"wp:attachment":[{"href":"https:\/\/www.elsindical.com.ar\/notas\/wp-json\/wp\/v2\/media?parent=2587"}],"wp:term":[{"taxonomy":"category","embeddable":true,"href":"https:\/\/www.elsindical.com.ar\/notas\/wp-json\/wp\/v2\/categories?post=2587"},{"taxonomy":"post_tag","embeddable":true,"href":"https:\/\/www.elsindical.com.ar\/notas\/wp-json\/wp\/v2\/tags?post=2587"}],"curies":[{"name":"wp","href":"https:\/\/api.w.org\/{rel}","templated":true}]}}