{"id":25865,"date":"2012-07-28T21:16:18","date_gmt":"2012-07-29T00:16:18","guid":{"rendered":"http:\/\/www.elsindical.com.ar\/notas\/?p=25865"},"modified":"2012-07-28T21:16:18","modified_gmt":"2012-07-29T00:16:18","slug":"muerte-por-abandono-de-persona-en-la-unidad-47-de-san-martin","status":"publish","type":"post","link":"https:\/\/www.elsindical.com.ar\/notas\/muerte-por-abandono-de-persona-en-la-unidad-47-de-san-martin\/","title":{"rendered":"Muerte por abandono de persona en la Unidad 47 de San Mart\u00edn"},"content":{"rendered":"<p style=\"text-align: justify;\"><em><a href=\"http:\/\/www.elsindical.com.ar\/notas\/var\/www\/html\/notas\/wp-content\/uploads\/2012\/07\/Unidad-47.jpg\"><img loading=\"lazy\" decoding=\"async\" class=\"alignleft size-medium wp-image-25866\" title=\"Unidad-47\" src=\"http:\/\/www.elsindical.com.ar\/notas\/var\/www\/html\/notas\/wp-content\/uploads\/2012\/07\/Unidad-47-300x225.jpg\" alt=\"\" width=\"300\" height=\"225\" srcset=\"https:\/\/www.elsindical.com.ar\/notas\/var\/www\/html\/notas\/wp-content\/uploads\/2012\/07\/Unidad-47-300x225.jpg 300w, https:\/\/www.elsindical.com.ar\/notas\/var\/www\/html\/notas\/wp-content\/uploads\/2012\/07\/Unidad-47.jpg 325w\" sizes=\"auto, (max-width: 300px) 100vw, 300px\" \/><\/a>El 26 de julio de 2012, fue un d\u00eda muy triste para los familiares, amigos y compa\u00f1eras de Roxana D\u00edaz M\u00e9ndez, ya que al comenzar el d\u00eda nos enteramos de su fallecimiento.<\/em><\/p>\n<p style=\"text-align: justify;\">En la unidad 47 de San Mart\u00edn se encontraba una interna llamada Roxana D\u00edaz M\u00e9ndez, alojada en el sector sanidad desde hace un tiempo por una enfermedad que le cost\u00f3 la vida. Ella padec\u00eda c\u00e1ncer de \u00fatero. El abandono de persona que el Servicio Penitenciario Bonaerense hiso hacia ella fue fatal, ya que no le dio posibilidades de tratamientos para prolongar su vida.<\/p>\n<p style=\"text-align: justify;\">En solidaridad con la familia y en repudio por lo que el SPB y los m\u00e9dicos de la unidad 47 hacen, no solo a la compa\u00f1era Roxana, las chicas del anexo femenino se manifestaron para reclamar atenci\u00f3n m\u00e9dica para todas las presas y que alguien se acerque\u00a0 y se haga cargo del o que sucede en la unidad.<\/p>\n<p style=\"text-align: justify;\"><strong>Fuente:Agencia Walsh<\/strong><\/p>\n","protected":false},"excerpt":{"rendered":"<p>El 26 de julio de 2012, fue un d\u00eda muy triste para los familiares, amigos y compa\u00f1eras de Roxana D\u00edaz M\u00e9ndez, ya que al comenzar el d\u00eda nos enteramos de su fallecimiento. En la unidad 47 de San Mart\u00edn se encontraba una interna llamada Roxana D\u00edaz M\u00e9ndez, alojada en el sector sanidad desde hace un&hellip;<\/p>\n","protected":false},"author":1,"featured_media":0,"comment_status":"open","ping_status":"open","sticky":false,"template":"","format":"standard","meta":{"footnotes":""},"categories":[19],"tags":[6520,12178,175,12177,660,1544,10874],"class_list":["post-25865","post","type-post","status-publish","format-standard","hentry","category-intramuros","tag-abandono-de-persona","tag-cancer-de-utero","tag-denuncia","tag-roxana-diaz-mendez","tag-sanidad","tag-spb","tag-unidad-47"],"_links":{"self":[{"href":"https:\/\/www.elsindical.com.ar\/notas\/wp-json\/wp\/v2\/posts\/25865","targetHints":{"allow":["GET"]}}],"collection":[{"href":"https:\/\/www.elsindical.com.ar\/notas\/wp-json\/wp\/v2\/posts"}],"about":[{"href":"https:\/\/www.elsindical.com.ar\/notas\/wp-json\/wp\/v2\/types\/post"}],"author":[{"embeddable":true,"href":"https:\/\/www.elsindical.com.ar\/notas\/wp-json\/wp\/v2\/users\/1"}],"replies":[{"embeddable":true,"href":"https:\/\/www.elsindical.com.ar\/notas\/wp-json\/wp\/v2\/comments?post=25865"}],"version-history":[{"count":1,"href":"https:\/\/www.elsindical.com.ar\/notas\/wp-json\/wp\/v2\/posts\/25865\/revisions"}],"predecessor-version":[{"id":25867,"href":"https:\/\/www.elsindical.com.ar\/notas\/wp-json\/wp\/v2\/posts\/25865\/revisions\/25867"}],"wp:attachment":[{"href":"https:\/\/www.elsindical.com.ar\/notas\/wp-json\/wp\/v2\/media?parent=25865"}],"wp:term":[{"taxonomy":"category","embeddable":true,"href":"https:\/\/www.elsindical.com.ar\/notas\/wp-json\/wp\/v2\/categories?post=25865"},{"taxonomy":"post_tag","embeddable":true,"href":"https:\/\/www.elsindical.com.ar\/notas\/wp-json\/wp\/v2\/tags?post=25865"}],"curies":[{"name":"wp","href":"https:\/\/api.w.org\/{rel}","templated":true}]}}