{"id":25842,"date":"2012-07-27T22:07:57","date_gmt":"2012-07-28T01:07:57","guid":{"rendered":"http:\/\/www.elsindical.com.ar\/notas\/?p=25842"},"modified":"2012-08-09T16:35:43","modified_gmt":"2012-08-09T19:35:43","slug":"el-sindical-radio-16-de-julio-del-2012-2","status":"publish","type":"post","link":"https:\/\/www.elsindical.com.ar\/notas\/el-sindical-radio-16-de-julio-del-2012-2\/","title":{"rendered":"El Sindical radio 23 de julio del 2012"},"content":{"rendered":"<p style=\"text-align: justify;\"><em><a href=\"http:\/\/www.elsindical.com.ar\/notas\/var\/www\/html\/notas\/wp-content\/uploads\/2012\/06\/RadiosOnlineFM.jpg\"><img loading=\"lazy\" decoding=\"async\" class=\"alignleft size-medium wp-image-25011\" title=\"RadiosOnlineFM\" src=\"http:\/\/www.elsindical.com.ar\/notas\/var\/www\/html\/notas\/wp-content\/uploads\/2012\/06\/RadiosOnlineFM-300x250.jpg\" alt=\"\" width=\"300\" height=\"250\" srcset=\"https:\/\/www.elsindical.com.ar\/notas\/var\/www\/html\/notas\/wp-content\/uploads\/2012\/06\/RadiosOnlineFM-300x250.jpg 300w, https:\/\/www.elsindical.com.ar\/notas\/var\/www\/html\/notas\/wp-content\/uploads\/2012\/06\/RadiosOnlineFM.jpg 500w\" sizes=\"auto, (max-width: 300px) 100vw, 300px\" \/><\/a>Programa radial El Sindical, lunes de 19:00 a 20:00 por la 88.1, FM Boedo. Conducido por la Dra. Mar\u00eda Laura Lastres, el Dr. Armando Mart\u00edn Sabadini y el periodista Marcelo Ricardo Hawrylciw.<\/em><\/p>\n<p style=\"text-align: justify;\">Durante el desarrollo del programa, desarrollamos la interna gremial entre la CGT de Moyano, y la facci\u00f3n enfrentada al mismo y aliada al Gobierno Nacional.<\/p>\n<p style=\"text-align: justify;\">La historia del Ministro de Trabajo Carlos Tomada, y su relaci\u00f3n con los \u00abgordos\u00bb y su pasado como asesor de sindicatos.<\/p>\n<p style=\"text-align: justify;\">La riqueza de los Secretarios Generales, de los que se olvido el programa de Jorge Lanata mencionar.<\/p>\n<p style=\"text-align: justify;\">Los fraudes electorales en los sindicatos donde se perpet\u00faan los Secretarios Generales.<\/p>\n<p style=\"text-align: justify;\">El Dr. Enrique Precedo, se refiri\u00f3 a sus m\u00e1s de 20 a\u00f1os de experiencia trabajando en el estudio del Dr. Juli\u00e1n De Diego, uno de los estudios m\u00e1s importantes del pa\u00eds representando a empresas o la patronal. Y nos conto su trabajo docente en la UBA en la c\u00e1tedra de la Dra. Estela Ferreiros, una Jueza laboral de reconocida trayectoria y postura pro obrero.<\/p>\n<p style=\"text-align: justify;\">El Dr. Armando Mart\u00edn Sabadini, particip\u00f3 del programa v\u00eda Twitter, interectuando con los presentes.<\/p>\n<address style=\"text-align: justify;\">La Dra. Mar\u00eda Laura Lastres pidi\u00f3 a los oyentes y lectores del diario, que puedan o deseen colaborar con la colecta por el d\u00eda del ni\u00f1o, para el Hospital Infanto Juvenil \u00abC. Tobar Garcia\u00bb, para ser llevados el d\u00eda 12 de agosto, pudiendo comunicarse con la misma v\u00eda Twitter (@mlaura_lastres)\u00a0o v\u00eda mail. Durante el programa estuvo acompa\u00f1ada por sus sobrinos Soledad y Sebasti\u00e1n.<\/address>\n<p><object width=\"400\" height=\"267\" classid=\"clsid:d27cdb6e-ae6d-11cf-96b8-444553540000\" codebase=\"http:\/\/download.macromedia.com\/pub\/shockwave\/cabs\/flash\/swflash.cab#version=6,0,40,0\"><param name=\"src\" value=\"https:\/\/picasaweb.google.com\/s\/c\/bin\/slideshow.swf\" \/><param name=\"flashvars\" value=\"host=picasaweb.google.com&amp;hl=es&amp;feat=flashalbum&amp;RGB=0x000000&amp;feed=https%3A%2F%2Fpicasaweb.google.com%2Fdata%2Ffeed%2Fapi%2Fuser%2F105579179140567559512%2Falbumid%2F5770019176281348753%3Falt%3Drss%26kind%3Dphoto%26hl%3Des\" \/><param name=\"pluginspage\" value=\"http:\/\/www.macromedia.com\/go\/getflashplayer\" \/><embed width=\"400\" height=\"267\" type=\"application\/x-shockwave-flash\" src=\"https:\/\/picasaweb.google.com\/s\/c\/bin\/slideshow.swf\" flashvars=\"host=picasaweb.google.com&amp;hl=es&amp;feat=flashalbum&amp;RGB=0x000000&amp;feed=https%3A%2F%2Fpicasaweb.google.com%2Fdata%2Ffeed%2Fapi%2Fuser%2F105579179140567559512%2Falbumid%2F5770019176281348753%3Falt%3Drss%26kind%3Dphoto%26hl%3Des\" pluginspage=\"http:\/\/www.macromedia.com\/go\/getflashplayer\" \/><\/object><iframe loading=\"lazy\" style=\"border: 0px transparent;\" src=\"http:\/\/www.ustream.tv\/embed\/recorded\/24203247\" frameborder=\"0\" scrolling=\"no\" width=\"480\" height=\"296\"><\/iframe><br \/>\n<a style=\"padding: 2px 0px 4px; width: 400px; background: #ffffff; display: block; color: #000000; font-weight: normal; font-size: 10px; text-decoration: underline; text-align: center;\" href=\"http:\/\/www.ustream.tv\/\" target=\"_blank\">Video streaming by Ustream<\/a><object width=\"353\" height=\"132\"><embed src=\"http:\/\/www.goear.com\/files\/external.swf?file=23b5e9c\" type=\"application\/x-shockwave-flash\" wmode=\"transparent\" quality=\"high\" width=\"353\" height=\"132\"><\/embed><\/object><\/p>\n","protected":false},"excerpt":{"rendered":"<p>Programa radial El Sindical, lunes de 19:00 a 20:00 por la 88.1, FM Boedo. Conducido por la Dra. Mar\u00eda Laura Lastres, el Dr. Armando Mart\u00edn Sabadini y el periodista Marcelo Ricardo Hawrylciw. Durante el desarrollo del programa, desarrollamos la interna gremial entre la CGT de Moyano, y la facci\u00f3n enfrentada al mismo y aliada al&hellip;<\/p>\n","protected":false},"author":1,"featured_media":0,"comment_status":"open","ping_status":"open","sticky":false,"template":"","format":"standard","meta":{"footnotes":""},"categories":[11826],"tags":[11828,2450,12083,12165,12166,12167,12082,11827,1448],"class_list":["post-25842","post","type-post","status-publish","format-standard","hentry","category-el-sindical-radio","tag-88-1","tag-diario-el-sindical","tag-dr-armando-martin-sabadini","tag-dr-enrique-precedo","tag-dr-julian-de-diego","tag-dra-estela-ferreiros","tag-dra-maria-laura-lastres","tag-fm-boedo","tag-marcelo-ricardo-hawrylciw"],"_links":{"self":[{"href":"https:\/\/www.elsindical.com.ar\/notas\/wp-json\/wp\/v2\/posts\/25842","targetHints":{"allow":["GET"]}}],"collection":[{"href":"https:\/\/www.elsindical.com.ar\/notas\/wp-json\/wp\/v2\/posts"}],"about":[{"href":"https:\/\/www.elsindical.com.ar\/notas\/wp-json\/wp\/v2\/types\/post"}],"author":[{"embeddable":true,"href":"https:\/\/www.elsindical.com.ar\/notas\/wp-json\/wp\/v2\/users\/1"}],"replies":[{"embeddable":true,"href":"https:\/\/www.elsindical.com.ar\/notas\/wp-json\/wp\/v2\/comments?post=25842"}],"version-history":[{"count":4,"href":"https:\/\/www.elsindical.com.ar\/notas\/wp-json\/wp\/v2\/posts\/25842\/revisions"}],"predecessor-version":[{"id":25845,"href":"https:\/\/www.elsindical.com.ar\/notas\/wp-json\/wp\/v2\/posts\/25842\/revisions\/25845"}],"wp:attachment":[{"href":"https:\/\/www.elsindical.com.ar\/notas\/wp-json\/wp\/v2\/media?parent=25842"}],"wp:term":[{"taxonomy":"category","embeddable":true,"href":"https:\/\/www.elsindical.com.ar\/notas\/wp-json\/wp\/v2\/categories?post=25842"},{"taxonomy":"post_tag","embeddable":true,"href":"https:\/\/www.elsindical.com.ar\/notas\/wp-json\/wp\/v2\/tags?post=25842"}],"curies":[{"name":"wp","href":"https:\/\/api.w.org\/{rel}","templated":true}]}}