{"id":2583,"date":"2009-12-27T08:07:45","date_gmt":"2009-12-27T11:07:45","guid":{"rendered":"http:\/\/www.elsindical.com.ar\/notas\/?p=2583"},"modified":"2009-12-27T08:07:45","modified_gmt":"2009-12-27T11:07:45","slug":"efemerides-del-dia-27-de-diciembre","status":"publish","type":"post","link":"https:\/\/www.elsindical.com.ar\/notas\/efemerides-del-dia-27-de-diciembre\/","title":{"rendered":"EFEM\u00c9RIDES: DEL D\u00cdA 27 DE DICIEMBRE"},"content":{"rendered":"<p style=\"text-align: justify;\"><em><a href=\"http:\/\/www.elsindical.com.ar\/notas\/var\/www\/html\/notas\/wp-content\/uploads\/2009\/12\/Johan-Kepler.jpg\"><img loading=\"lazy\" decoding=\"async\" class=\"alignleft size-full wp-image-2584\" title=\"Johan-Kepler\" src=\"http:\/\/www.elsindical.com.ar\/notas\/var\/www\/html\/notas\/wp-content\/uploads\/2009\/12\/Johan-Kepler.jpg\" alt=\"\" width=\"255\" height=\"123\" \/><\/a>En otro 27 de diciembre, pero de 1934, Persia comienza a denominarse Ir\u00e1n, por disposici\u00f3n del Gobierno.<\/em><\/p>\n<p style=\"text-align: justify;\">1571.- Nace Johan Kepler, astr\u00f3nomo alem\u00e1n.<\/p>\n<p>1796.- Muere Francisco Eugenio de Santa Cruz, m\u00e9dico y l\u00edder independentista ecuatoriano.<\/p>\n<p>1822.- Nace Louis Pasteur, bi\u00f3logo franc\u00e9s.<\/p>\n<p>1832.- Muere Karl C.F. Krause, fil\u00f3sofo alem\u00e1n.<\/p>\n<p>1901.- Nace Marlene Dietrich, actriz alemana.<\/p>\n<p>1921.- Muere Daniel Zuloaga, pintor y ceramista espa\u00f1ol.<\/p>\n<p>1928.- Ejecutado Maximiliano Vigueras, el jefe de bandidos m\u00e1s famoso de M\u00e9xico.<\/p>\n<p>1933.- Guerra del Chaco: la tregua entre Bolivia y Paraguay se prorroga hasta el 15 de enero, con motivo de la Navidad.<\/p>\n<p>1937.- Muere Maurice Ravel, compositor franc\u00e9s.<\/p>\n<p>1943.- Nace Joan Manuel Serrat, cantautor espa\u00f1ol.<\/p>\n<p>1947.- Primera Constituci\u00f3n italiana tras la Guerra Mundial.<\/p>\n<p>1948.- Nace Gerard Depardieu, actor franc\u00e9s y productor de cine.<\/p>\n<p>1949.- Holanda reconoce la independencia de Indonesia en el marco de una uni\u00f3n econ\u00f3mica entre el archipi\u00e9lago y la antigua metr\u00f3poli.<\/p>\n<p>1959.- Muere Alfonso Reyes, escritor mexicano.<\/p>\n<p>1978.- La Constituci\u00f3n espa\u00f1ola es sancionada por el rey Juan Carlos I ante las Cortes.<\/p>\n<p>1979.- Tropas de la Uni\u00f3n Sovi\u00e9tica invaden Afganist\u00e1n.<\/p>\n<p>1983.- Las autoridades judiciales de M\u00e9xico embargan m\u00e1s de 70 millones de d\u00f3lares en propiedades de ex funcionarios p\u00fablicos que hab\u00edan sido procesados por malversaci\u00f3n de fondos.<\/p>\n<p>1985.- Dos atentados simult\u00e1neos contra la compa\u00f1\u00eda a\u00e9rea israel\u00ed El-Al, en los aeropuertos de Viena y Roma, causan la muerte de 16 personas y m\u00e1s de 100 heridos.<\/p>\n<p>1988.- El hundimiento de un barco en Blangadesh causa la desaparici\u00f3n de 250 personas.<\/p>\n<p>1989.- El Tribunal Electoral de Panam\u00e1 proclama presidente del pa\u00eds a Guillermo Endara.<\/p>\n<p>1991.- El Parlamento de Cuba aprueba la reforma de la Constituci\u00f3n y las leyes electorales para posibilitar la elecci\u00f3n de diputados por medio del voto secreto y directo, aunque seguir\u00e1 siendo un r\u00e9gimen monopartidista.<\/p>\n<p>1994.- Muere Karl Schiller, pol\u00edtico alem\u00e1n.<\/p>\n<p>1995.- Despu\u00e9s de casi 30 a\u00f1os de ocupaci\u00f3n, el Ej\u00e9rcito de Israel abandona Ramala, al norte de Jerusal\u00e9n, sexta localidad de Cisjordania en la que entra en vigor la autonom\u00eda palestina.<\/p>\n<p>1999.- Irak y Siria acuerdan restablecer relaciones diplom\u00e1ticas, rotas desde hace 20 a\u00f1os.<\/p>\n<p>2002.- China inicia las obras del gigantesco trasvase de agua del r\u00edo Yangtse al norte del pa\u00eds, una obra que va a costar el doble que la Presa de las Tres Gargantas y es la mayor de su tipo en el mundo.<\/p>\n<p>.- Un doble ataque suicida perpetrado con dos veh\u00edculos bomba destruye la sede del Gobierno pro ruso en Grozni (Chechenia), causando 80 muertos y 152 heridos.<\/p>\n<p>.- Tras 26 d\u00edas de huelga general (iniciada d\u00eda 2) contra del presidente Hugo Chavez, Venezuela, el quinto pa\u00eds exportador mundial de crudo, se ve obligado a importar gasolina.<\/p>\n<p>.- Muere George Roy Hill, director de cine estadounidense.<\/p>\n<p>2003.- La Polic\u00eda italiana detiene en Mil\u00e1n al ex presidente y accionista mayoritario del grupo alimentario Parmalat, Calisto Tanzi, por las irregularidades financieras investigadas en el primer grupo alimentario italiano.<\/p>\n<p>.- Muere Alan Bates, actor brit\u00e1nico.<\/p>\n<p>2004.- Un atentado perpetrado por un suicida con un coche bomba contra la sede del principal partido chi\u00ed en Irak deja, al menos, 12 muertos y 22 heridos entre el cuerpo de guardianes.<\/p>\n","protected":false},"excerpt":{"rendered":"<p>En otro 27 de diciembre, pero de 1934, Persia comienza a denominarse Ir\u00e1n, por disposici\u00f3n del Gobierno. 1571.- Nace Johan Kepler, astr\u00f3nomo alem\u00e1n. 1796.- Muere Francisco Eugenio de Santa Cruz, m\u00e9dico y l\u00edder independentista ecuatoriano. 1822.- Nace Louis Pasteur, bi\u00f3logo franc\u00e9s. 1832.- Muere Karl C.F. Krause, fil\u00f3sofo alem\u00e1n. 1901.- Nace Marlene Dietrich, actriz alemana. 1921.-&hellip;<\/p>\n","protected":false},"author":1,"featured_media":0,"comment_status":"open","ping_status":"open","sticky":false,"template":"","format":"standard","meta":{"footnotes":""},"categories":[14],"tags":[],"class_list":["post-2583","post","type-post","status-publish","format-standard","hentry","category-efemerides"],"_links":{"self":[{"href":"https:\/\/www.elsindical.com.ar\/notas\/wp-json\/wp\/v2\/posts\/2583","targetHints":{"allow":["GET"]}}],"collection":[{"href":"https:\/\/www.elsindical.com.ar\/notas\/wp-json\/wp\/v2\/posts"}],"about":[{"href":"https:\/\/www.elsindical.com.ar\/notas\/wp-json\/wp\/v2\/types\/post"}],"author":[{"embeddable":true,"href":"https:\/\/www.elsindical.com.ar\/notas\/wp-json\/wp\/v2\/users\/1"}],"replies":[{"embeddable":true,"href":"https:\/\/www.elsindical.com.ar\/notas\/wp-json\/wp\/v2\/comments?post=2583"}],"version-history":[{"count":2,"href":"https:\/\/www.elsindical.com.ar\/notas\/wp-json\/wp\/v2\/posts\/2583\/revisions"}],"predecessor-version":[{"id":2586,"href":"https:\/\/www.elsindical.com.ar\/notas\/wp-json\/wp\/v2\/posts\/2583\/revisions\/2586"}],"wp:attachment":[{"href":"https:\/\/www.elsindical.com.ar\/notas\/wp-json\/wp\/v2\/media?parent=2583"}],"wp:term":[{"taxonomy":"category","embeddable":true,"href":"https:\/\/www.elsindical.com.ar\/notas\/wp-json\/wp\/v2\/categories?post=2583"},{"taxonomy":"post_tag","embeddable":true,"href":"https:\/\/www.elsindical.com.ar\/notas\/wp-json\/wp\/v2\/tags?post=2583"}],"curies":[{"name":"wp","href":"https:\/\/api.w.org\/{rel}","templated":true}]}}