{"id":25788,"date":"2012-07-26T11:10:31","date_gmt":"2012-07-26T14:10:31","guid":{"rendered":"http:\/\/www.elsindical.com.ar\/notas\/?p=25788"},"modified":"2012-07-26T11:10:31","modified_gmt":"2012-07-26T14:10:31","slug":"morenohallaron-asesinado-a-un-empresario-que-estaba-desaparecido-y-buscan-a-su-hijo-de-seis-anos","status":"publish","type":"post","link":"https:\/\/www.elsindical.com.ar\/notas\/morenohallaron-asesinado-a-un-empresario-que-estaba-desaparecido-y-buscan-a-su-hijo-de-seis-anos\/","title":{"rendered":"Moreno:Hallaron asesinado a un empresario que estaba desaparecido y buscan a su hijo de seis a\u00f1os"},"content":{"rendered":"<p style=\"text-align: justify;\"><em><a href=\"http:\/\/www.elsindical.com.ar\/notas\/var\/www\/html\/notas\/wp-content\/uploads\/2012\/07\/lugar-asesinato-Domingo-De-Palma.jpg\"><img loading=\"lazy\" decoding=\"async\" class=\"alignleft size-medium wp-image-25789\" title=\"lugar-asesinato-Domingo-De-Palma\" src=\"http:\/\/www.elsindical.com.ar\/notas\/var\/www\/html\/notas\/wp-content\/uploads\/2012\/07\/lugar-asesinato-Domingo-De-Palma-300x193.jpg\" alt=\"\" width=\"300\" height=\"193\" srcset=\"https:\/\/www.elsindical.com.ar\/notas\/var\/www\/html\/notas\/wp-content\/uploads\/2012\/07\/lugar-asesinato-Domingo-De-Palma-300x193.jpg 300w, https:\/\/www.elsindical.com.ar\/notas\/var\/www\/html\/notas\/wp-content\/uploads\/2012\/07\/lugar-asesinato-Domingo-De-Palma.jpg 443w\" sizes=\"auto, (max-width: 300px) 100vw, 300px\" \/><\/a>El\u00a0 hombre, de 57 a\u00f1os, era due\u00f1o de varias gr\u00faas. Su cuerpo fue hallado en\u00a0 un tanque, cubierto con cal, en el barrio Las Catonas. Lo mataron con\u00a0 un tiro en la cabeza. La familia hab\u00eda denunciado su desaparici\u00f3n y la\u00a0 del ni\u00f1o el 9 de julio.<\/em><\/p>\n<p style=\"text-align: justify;\">El cuerpo de un empresario que estaba desaparecido junto a su hijo de seis a\u00f1os desde principios de julio fue hallado en el partido bonaerense de Moreno dentro de un tanque cubierto con cal, mientras contin\u00faa la b\u00fasqueda del peque\u00f1o.<\/p>\n<p style=\"text-align: justify;\">El hallazgo del cuerpo en un tanque de un descampado del barrio Las Catonas fue informado el martes. Pero reci\u00e9n hoy la Polic\u00eda confirm\u00f3 que se trataba de Domingo De Palma, un hombre de 57 a\u00f1os propietario de varias gr\u00faas.<\/p>\n<p style=\"text-align: justify;\">Seg\u00fan las fuentes citadas por las agencias T\u00e9lam y DyN, la autopsia determin\u00f3 que el empresario hab\u00eda sido asesinado de un balazo en la cabeza 72 horas antes de que hallaran su cad\u00e1ver.<\/p>\n<p style=\"text-align: justify;\">De Palma y su hijo de 6 a\u00f1os fueron denunciados como desaparecidos el 9 de julio pasado en la comisar\u00eda de Las Catonas, luego de que no regresaran a la casa familiar.<\/p>\n","protected":false},"excerpt":{"rendered":"<p>El\u00a0 hombre, de 57 a\u00f1os, era due\u00f1o de varias gr\u00faas. Su cuerpo fue hallado en\u00a0 un tanque, cubierto con cal, en el barrio Las Catonas. Lo mataron con\u00a0 un tiro en la cabeza. La familia hab\u00eda denunciado su desaparici\u00f3n y la\u00a0 del ni\u00f1o el 9 de julio. El cuerpo de un empresario que estaba desaparecido&hellip;<\/p>\n","protected":false},"author":1,"featured_media":0,"comment_status":"open","ping_status":"open","sticky":false,"template":"","format":"standard","meta":{"footnotes":""},"categories":[22],"tags":[39,12145,944,362,504,4695,1232],"class_list":["post-25788","post","type-post","status-publish","format-standard","hentry","category-policiales","tag-asesinado","tag-domingo-de-palma","tag-empresario","tag-hijo","tag-hombre","tag-las-catonas","tag-moreno"],"_links":{"self":[{"href":"https:\/\/www.elsindical.com.ar\/notas\/wp-json\/wp\/v2\/posts\/25788","targetHints":{"allow":["GET"]}}],"collection":[{"href":"https:\/\/www.elsindical.com.ar\/notas\/wp-json\/wp\/v2\/posts"}],"about":[{"href":"https:\/\/www.elsindical.com.ar\/notas\/wp-json\/wp\/v2\/types\/post"}],"author":[{"embeddable":true,"href":"https:\/\/www.elsindical.com.ar\/notas\/wp-json\/wp\/v2\/users\/1"}],"replies":[{"embeddable":true,"href":"https:\/\/www.elsindical.com.ar\/notas\/wp-json\/wp\/v2\/comments?post=25788"}],"version-history":[{"count":2,"href":"https:\/\/www.elsindical.com.ar\/notas\/wp-json\/wp\/v2\/posts\/25788\/revisions"}],"predecessor-version":[{"id":25791,"href":"https:\/\/www.elsindical.com.ar\/notas\/wp-json\/wp\/v2\/posts\/25788\/revisions\/25791"}],"wp:attachment":[{"href":"https:\/\/www.elsindical.com.ar\/notas\/wp-json\/wp\/v2\/media?parent=25788"}],"wp:term":[{"taxonomy":"category","embeddable":true,"href":"https:\/\/www.elsindical.com.ar\/notas\/wp-json\/wp\/v2\/categories?post=25788"},{"taxonomy":"post_tag","embeddable":true,"href":"https:\/\/www.elsindical.com.ar\/notas\/wp-json\/wp\/v2\/tags?post=25788"}],"curies":[{"name":"wp","href":"https:\/\/api.w.org\/{rel}","templated":true}]}}