{"id":25767,"date":"2012-07-25T17:39:03","date_gmt":"2012-07-25T20:39:03","guid":{"rendered":"http:\/\/www.elsindical.com.ar\/notas\/?p=25767"},"modified":"2012-07-25T17:39:03","modified_gmt":"2012-07-25T20:39:03","slug":"su-ayuda-es-indispensable-para-el-hogar-materno-infantil-3","status":"publish","type":"post","link":"https:\/\/www.elsindical.com.ar\/notas\/su-ayuda-es-indispensable-para-el-hogar-materno-infantil-3\/","title":{"rendered":"Su ayuda es indispensable para el Hogar Materno Infantil 3"},"content":{"rendered":"<p style=\"text-align: justify;\"><em><a href=\"http:\/\/www.elsindical.com.ar\/notas\/var\/www\/html\/notas\/wp-content\/uploads\/2012\/07\/Hogar-Sol-Naciente.jpg\"><img loading=\"lazy\" decoding=\"async\" class=\"alignleft size-medium wp-image-25768\" title=\"Hogar-Sol-Naciente\" src=\"http:\/\/www.elsindical.com.ar\/notas\/var\/www\/html\/notas\/wp-content\/uploads\/2012\/07\/Hogar-Sol-Naciente-279x300.jpg\" alt=\"\" width=\"279\" height=\"300\" srcset=\"https:\/\/www.elsindical.com.ar\/notas\/var\/www\/html\/notas\/wp-content\/uploads\/2012\/07\/Hogar-Sol-Naciente-279x300.jpg 279w, https:\/\/www.elsindical.com.ar\/notas\/var\/www\/html\/notas\/wp-content\/uploads\/2012\/07\/Hogar-Sol-Naciente.jpg 413w\" sizes=\"auto, (max-width: 279px) 100vw, 279px\" \/><\/a>Gracias a la desinteresada ayuda de personas como Ud, hemos podido frenar el desalojo del Hogar para ni\u00f1os de la Asociaci\u00f3n Civil Sol Naciente, donde viven 60 mamas con sus ni\u00f1os en situacion de calle (algunas con distintas discapacidades), la mayor\u00eda con\u00a0 algun grado de de desnutricion y en abandono.<\/em><\/p>\n<p style=\"text-align: justify;\">El Hogar necesita muchas mejoras para poder seguir adelante. Tener agua caliente y calefacci\u00f3n que funcionen con este frio invierno, por ejemplo, entre otras necesidades b\u00e1sicas.<\/p>\n<p style=\"text-align: justify;\">En Sol Naciente hay una panader\u00eda comunitaria, donde se ense\u00f1a el oficio a las madres, talleres de autoestima y de formaci\u00f3n de operadores en violencia dom\u00e9stica, entre muchos otros. Acabamos de cumplir DOCE A\u00d1OS de intensa labor, siempre gracias a la ayuda de mucha gente como Ud.<\/p>\n<p style=\"text-align: justify;\">Hoy necesitamos, ropa, alimentos, y arreglar el edificio del Hogar, ya que aqu\u00ed los chicos\u00a0 que llegan se encuentran un refugio donde abunda el amor y falta de todo.<\/p>\n<p style=\"text-align: justify;\">SU COLABORACI\u00d3N, POR MODESTA QUE SEA, ES INVALORABLE !!! LO ESPERAMOS<br \/>\nvisite nuestra web\u00a0\u00a0\u00a0\u00a0 <a href=\"http:\/\/www.solnaciente.org\" target=\"_blank\">www.solnaciente.org<\/a><br \/>\nresponder a <a href=\"mailto:info@solnaciente.org\">info@solnaciente.org<\/a><br \/>\nSol Naciente Asoc. Civil S\/ Fines de Lucro Lidia Hernandez Presidente Agustin de Vedia 2442 C.A.B.A Tel:\u00a0 54-11-4919-3873\u00a0\u00a0\u00a0\u00a0 \/ 4919-9773<\/p>\n","protected":false},"excerpt":{"rendered":"<p>Gracias a la desinteresada ayuda de personas como Ud, hemos podido frenar el desalojo del Hogar para ni\u00f1os de la Asociaci\u00f3n Civil Sol Naciente, donde viven 60 mamas con sus ni\u00f1os en situacion de calle (algunas con distintas discapacidades), la mayor\u00eda con\u00a0 algun grado de de desnutricion y en abandono. El Hogar necesita muchas mejoras&hellip;<\/p>\n","protected":false},"author":1,"featured_media":0,"comment_status":"open","ping_status":"open","sticky":false,"template":"","format":"standard","meta":{"footnotes":""},"categories":[26],"tags":[1118,12140,4547,12141,11284,12139],"class_list":["post-25767","post","type-post","status-publish","format-standard","hentry","category-solidaridad","tag-alimentos","tag-asociacion-civil-sol-naciente","tag-ayuda","tag-discapacidades","tag-hogar","tag-hogar-materno-infantil-3"],"_links":{"self":[{"href":"https:\/\/www.elsindical.com.ar\/notas\/wp-json\/wp\/v2\/posts\/25767","targetHints":{"allow":["GET"]}}],"collection":[{"href":"https:\/\/www.elsindical.com.ar\/notas\/wp-json\/wp\/v2\/posts"}],"about":[{"href":"https:\/\/www.elsindical.com.ar\/notas\/wp-json\/wp\/v2\/types\/post"}],"author":[{"embeddable":true,"href":"https:\/\/www.elsindical.com.ar\/notas\/wp-json\/wp\/v2\/users\/1"}],"replies":[{"embeddable":true,"href":"https:\/\/www.elsindical.com.ar\/notas\/wp-json\/wp\/v2\/comments?post=25767"}],"version-history":[{"count":2,"href":"https:\/\/www.elsindical.com.ar\/notas\/wp-json\/wp\/v2\/posts\/25767\/revisions"}],"predecessor-version":[{"id":25770,"href":"https:\/\/www.elsindical.com.ar\/notas\/wp-json\/wp\/v2\/posts\/25767\/revisions\/25770"}],"wp:attachment":[{"href":"https:\/\/www.elsindical.com.ar\/notas\/wp-json\/wp\/v2\/media?parent=25767"}],"wp:term":[{"taxonomy":"category","embeddable":true,"href":"https:\/\/www.elsindical.com.ar\/notas\/wp-json\/wp\/v2\/categories?post=25767"},{"taxonomy":"post_tag","embeddable":true,"href":"https:\/\/www.elsindical.com.ar\/notas\/wp-json\/wp\/v2\/tags?post=25767"}],"curies":[{"name":"wp","href":"https:\/\/api.w.org\/{rel}","templated":true}]}}