{"id":2575,"date":"2009-12-26T08:37:08","date_gmt":"2009-12-26T11:37:08","guid":{"rendered":"http:\/\/www.elsindical.com.ar\/notas\/?p=2575"},"modified":"2009-12-26T08:37:08","modified_gmt":"2009-12-26T11:37:08","slug":"efemerides-del-dia-26-de-diciembre","status":"publish","type":"post","link":"https:\/\/www.elsindical.com.ar\/notas\/efemerides-del-dia-26-de-diciembre\/","title":{"rendered":"EFEM\u00c9RIDES: DEL D\u00cdA 26 DE DICIEMBRE"},"content":{"rendered":"<p style=\"text-align: justify;\"><a href=\"http:\/\/www.elsindical.com.ar\/notas\/var\/www\/html\/notas\/wp-content\/uploads\/2009\/12\/batalla-de-Trenton.jpg\"><img loading=\"lazy\" decoding=\"async\" class=\"alignleft size-full wp-image-2576\" title=\"batalla-de-Trenton\" src=\"http:\/\/www.elsindical.com.ar\/notas\/var\/www\/html\/notas\/wp-content\/uploads\/2009\/12\/batalla-de-Trenton.jpg\" alt=\"\" width=\"255\" height=\"150\" \/><\/a>En otro veintis\u00e9is de diciembre, pero de 2004, un maremoto de 9 grados en la escala de Richter, con epicentro al noroeste de la isla indonesia de Sumatra, el m\u00e1s fuerte de las \u00faltimas cuatro d\u00e9cadas, provoc\u00f3 un \u00abtsunami\u00bb que atraves\u00f3 todo el Oc\u00e9ano Indico hasta las costas africanas. En unas horas, las costas de doce naciones se vieron afectadas por las olas gigantes, que dejaron un balance total de unos 230.000 muertos o desaparecidos y un mill\u00f3n y medio de desplazados.<\/p>\n<p>1716- Nace Thomas Gray, poeta l\u00edrico ingl\u00e9s.<\/p>\n<p style=\"text-align: justify;\">1776- Guerra de la independencia de Estados Unidos batalla de Trenton (Nueva Jersey), en la que son derrotadas las tropas brit\u00e1nicas.<\/p>\n<p style=\"text-align: justify;\">1825- Sim\u00f3n Bol\u00edvar, nombrado presidente vitalicio de Per\u00fa.<\/p>\n<p style=\"text-align: justify;\">1831- Estreno de la \u00f3pera \u00abNorma\u00bb, de Bellini, en el teatro de La Scala de Mil\u00e1n.<\/p>\n<p style=\"text-align: justify;\">1853- Nace Ren\u00e9 Bazin, escritor franc\u00e9s.<\/p>\n<p style=\"text-align: justify;\">1859- Promulgaci\u00f3n en Costa Rica de una nueva Constituci\u00f3n.<\/p>\n<p style=\"text-align: justify;\">1863- Primera aplicaci\u00f3n de la electricidad en Europa para el alumbrado de los faros costeros en el cabo de Heve (cerca de Havre, Francia).<\/p>\n<p style=\"text-align: justify;\">1893- Nace Mao-Tse-Tung, dirigente de China Popular.<\/p>\n<p style=\"text-align: justify;\">1904- Nace Alejo Carpentier, escritor cubano.<\/p>\n<p style=\"text-align: justify;\">1910- Nace Magdalena Nile del R\u00edo, \u00abImperio Argentina\u00bb, actriz y cantante espa\u00f1ola, nacida en Argentina.<\/p>\n<p style=\"text-align: justify;\">1914- Nace Richard Widmark, actor estadounidense de cine.<\/p>\n<p style=\"text-align: justify;\">1917- El Gobierno de EEUU se hace cargo de todo el sistema del transporte del pa\u00eds ante la desastrosa situaci\u00f3n financiera de las compa\u00f1\u00edas ferroviarias.<\/p>\n<p style=\"text-align: justify;\">1923- Estados Unidos y Turqu\u00eda firman en Estambul un tratado de paz.<\/p>\n<p style=\"text-align: justify;\">1941- Segunda Guerra Mundial: Ante el avance japon\u00e9s, Manila es declarada ciudad abierta y abandonada por el Gobierno filipino.<\/p>\n<p style=\"text-align: justify;\">&#8211; Los brit\u00e1nicos toman Bengasi tras su lucha con las fuerzas italianas y germanas comandadas por Rommel.<\/p>\n<p style=\"text-align: justify;\">1948- El cardenal primado de Hungr\u00eda, Josef Mindszenty, es detenido, encarcelado y procesado, acusado de espionaje en favor de Estados Unidos.<\/p>\n<p style=\"text-align: justify;\">1949- Paraguay y Espa\u00f1a elevan al rango de embajadas sus respectivas representaciones diplom\u00e1ticas.<\/p>\n<p style=\"text-align: justify;\">&#8211; Nace Jos\u00e9 Ramos-Horta, independentista timorense, Premio Nobel de la Paz.<\/p>\n<p style=\"text-align: justify;\">1972- Muere Harry Truman, presidente de los EEUU.<\/p>\n<p style=\"text-align: justify;\">1977- Muere Howard Hawks, director de cine estadounidense.<\/p>\n<p style=\"text-align: justify;\">1983- Yasuhiro Nakasone es reelegido primer ministro del Jap\u00f3n por la C\u00e1mara Baja del Parlamento.<\/p>\n<p style=\"text-align: justify;\">1985- Espectacular robo de 140 piezas precolombinas en el Museo Nacional de Antropolog\u00eda de M\u00e9xico.<\/p>\n<p style=\"text-align: justify;\">&#8211; El liberal Jos\u00e9 Azcona Hoyo es declarado oficialmente presidente de Honduras.<\/p>\n<p style=\"text-align: justify;\">1988- Muere Pablo Soroz\u00e1bal, compositor espa\u00f1ol.<\/p>\n<p style=\"text-align: justify;\">1991- La Asamblea Legislativa de Panam\u00e1 aprueba reformas de 58 art\u00edculos de la Constituci\u00f3n, entre ellas la abolici\u00f3n del Ej\u00e9rcito, la creaci\u00f3n del \u00abdefensor del pueblo\u00bb y mayor independencia para el poder electoral.<\/p>\n<p style=\"text-align: justify;\">&#8211; La C\u00e1mara de las Rep\u00fablicas del Soviet Supremo declara el fin de la URSS a partir de la ratificaci\u00f3n del Tratado de la Comunidad de Estados Independientes (CEI).<\/p>\n<p style=\"text-align: justify;\">1996- Entra en vigor la Convenci\u00f3n de la ONU contra la Desertizaci\u00f3n, redactada por mandato de la \u00abcumbre\u00bb de la Tierra (R\u00edo de Janeiro, 1992) y firmada en 1994 por 115 Estados.<\/p>\n<p style=\"text-align: justify;\">1999- El ultraderechista Alfonso Portillo gana las elecciones guatemaltecas.<\/p>\n<p style=\"text-align: justify;\">&#8211; Los 22 ocupantes de un avi\u00f3n de \u00abCubana de Aviaci\u00f3n\u00bb con ayuda para los damnificados por las lluvias en Venezuela mueren al estrellarse el aparato cerca de Valencia.<\/p>\n<p style=\"text-align: justify;\">2002- Corea del Norte comienza a reactivar el complejo nuclear de Yongbyon, parado desde 1994, pero reitera que su objetivo es producir electricidad y subsistir en el invierno.<\/p>\n<p style=\"text-align: justify;\">2002- Mueren Wheeler North, bi\u00f3logo marino estadounidense y Herb Ritts, fot\u00f3grafo en Hollywood (EEUU).<\/p>\n<p style=\"text-align: justify;\">2003- Un terremoto de 6,3 grados Richter sacude la ciudad de Bam (sureste de Ir\u00e1n) y causa 43.000 muertos.<\/p>\n<p style=\"text-align: justify;\">2005- Muere Federico Monta\u00f1ana Alba, pintor, grabador y escen\u00f3grafo espa\u00f1ol.<\/p>\n<p style=\"text-align: justify;\">2006- El Tribunal de Casaci\u00f3n iraqu\u00ed ratifica la sentencia a muerte contra el ex presidente Sadam Husein.<\/p>\n<p style=\"text-align: justify;\">&#8211; Muere Gerald Ford, ex presidente de EEUU.<\/p>\n","protected":false},"excerpt":{"rendered":"<p>En otro veintis\u00e9is de diciembre, pero de 2004, un maremoto de 9 grados en la escala de Richter, con epicentro al noroeste de la isla indonesia de Sumatra, el m\u00e1s fuerte de las \u00faltimas cuatro d\u00e9cadas, provoc\u00f3 un \u00abtsunami\u00bb que atraves\u00f3 todo el Oc\u00e9ano Indico hasta las costas africanas. En unas horas, las costas de&hellip;<\/p>\n","protected":false},"author":1,"featured_media":0,"comment_status":"open","ping_status":"open","sticky":false,"template":"","format":"standard","meta":{"footnotes":""},"categories":[14],"tags":[],"class_list":["post-2575","post","type-post","status-publish","format-standard","hentry","category-efemerides"],"_links":{"self":[{"href":"https:\/\/www.elsindical.com.ar\/notas\/wp-json\/wp\/v2\/posts\/2575","targetHints":{"allow":["GET"]}}],"collection":[{"href":"https:\/\/www.elsindical.com.ar\/notas\/wp-json\/wp\/v2\/posts"}],"about":[{"href":"https:\/\/www.elsindical.com.ar\/notas\/wp-json\/wp\/v2\/types\/post"}],"author":[{"embeddable":true,"href":"https:\/\/www.elsindical.com.ar\/notas\/wp-json\/wp\/v2\/users\/1"}],"replies":[{"embeddable":true,"href":"https:\/\/www.elsindical.com.ar\/notas\/wp-json\/wp\/v2\/comments?post=2575"}],"version-history":[{"count":2,"href":"https:\/\/www.elsindical.com.ar\/notas\/wp-json\/wp\/v2\/posts\/2575\/revisions"}],"predecessor-version":[{"id":2578,"href":"https:\/\/www.elsindical.com.ar\/notas\/wp-json\/wp\/v2\/posts\/2575\/revisions\/2578"}],"wp:attachment":[{"href":"https:\/\/www.elsindical.com.ar\/notas\/wp-json\/wp\/v2\/media?parent=2575"}],"wp:term":[{"taxonomy":"category","embeddable":true,"href":"https:\/\/www.elsindical.com.ar\/notas\/wp-json\/wp\/v2\/categories?post=2575"},{"taxonomy":"post_tag","embeddable":true,"href":"https:\/\/www.elsindical.com.ar\/notas\/wp-json\/wp\/v2\/tags?post=2575"}],"curies":[{"name":"wp","href":"https:\/\/api.w.org\/{rel}","templated":true}]}}