{"id":25724,"date":"2012-07-24T01:12:29","date_gmt":"2012-07-24T04:12:29","guid":{"rendered":"http:\/\/www.elsindical.com.ar\/notas\/?p=25724"},"modified":"2012-07-24T01:12:29","modified_gmt":"2012-07-24T04:12:29","slug":"avellanedaencuentran-ahorcado-a-un-guardiacarcel-detenido-por-el-crimen-de-un-preso","status":"publish","type":"post","link":"https:\/\/www.elsindical.com.ar\/notas\/avellanedaencuentran-ahorcado-a-un-guardiacarcel-detenido-por-el-crimen-de-un-preso\/","title":{"rendered":"Avellaneda:Encuentran ahorcado a un guardiac\u00e1rcel detenido por el crimen de un preso"},"content":{"rendered":"<p style=\"text-align: justify;\"><em><a href=\"http:\/\/www.elsindical.com.ar\/notas\/var\/www\/html\/notas\/wp-content\/uploads\/2012\/07\/Barros-Cisneros.jpg\"><img loading=\"lazy\" decoding=\"async\" class=\"alignleft size-medium wp-image-25725\" title=\"Barros-Cisneros\" src=\"http:\/\/www.elsindical.com.ar\/notas\/var\/www\/html\/notas\/wp-content\/uploads\/2012\/07\/Barros-Cisneros-300x191.jpg\" alt=\"\" width=\"300\" height=\"191\" srcset=\"https:\/\/www.elsindical.com.ar\/notas\/var\/www\/html\/notas\/wp-content\/uploads\/2012\/07\/Barros-Cisneros-300x191.jpg 300w, https:\/\/www.elsindical.com.ar\/notas\/var\/www\/html\/notas\/wp-content\/uploads\/2012\/07\/Barros-Cisneros.jpg 443w\" sizes=\"auto, (max-width: 300px) 100vw, 300px\" \/><\/a>Apareci\u00f3 colgado en una celda de la alcaid\u00eda de Avellaneda. Le hab\u00edan dictado preventiva por el asesinato de Patricio Barros Cisneros, quien muri\u00f3 tras recibir una feroz paliza en el penal de Jos\u00e9 Le\u00f3n Su\u00e1rez.<\/em><\/p>\n<p style=\"text-align: justify;\">Un guardiac\u00e1rcel bonaerense, que se encontraba detenido por el asesinato de un recluso en el penal de Jos\u00e9 Le\u00f3n Su\u00e1rez, apareci\u00f3 ahorcado con una s\u00e1bana en la celda que ocupaba en la alcaid\u00eda de Avellaneda, seg\u00fan revel\u00f3 esta tarde su abogado.<\/p>\n<p style=\"text-align: justify;\">Se trata del penitenciario V\u00edctor Hugo Silva (24). Su muerte ocurri\u00f3 el viernes pasado, seg\u00fan cont\u00f3 esta tarde a la agencia T\u00e9lam su abogado, Alfredo Garc\u00eda Kalb. Silva estaba detenido, al igual que otro guardiac\u00e1rcel, por el asesinato de Patricio Barros Cisneros (26), quien fue v\u00edctima de una feroz golpiza mientras se encontraba alojado en la Unidad Penal N\u00ba46 de Jos\u00e9 Le\u00f3n Su\u00e1rez.<\/p>\n<p style=\"text-align: justify;\">El letrado explic\u00f3 que ese d\u00eda, dialog\u00f3 con Silva para comunicarle que la C\u00e1mara de Apelaciones y Garant\u00edas de San Mart\u00edn acababa de confirmar la prisi\u00f3n preventiva que le hab\u00eda dictado el mes pasado el juez Mart\u00edn Gramm\u00e1tico. Luego de esa charla -cont\u00f3- el detenido fue encontrado ahorcado con un trozo de s\u00e1bana atada a un metro de altura en la celda.<\/p>\n<p style=\"text-align: justify;\">Silva, de acuerdo al letrado, se encontraba aislado del resto de detenidos alojados en ese alcaid\u00eda. Al respecto, Garc\u00eda Kalb precis\u00f3 que esa situaci\u00f3n habr\u00eda afectado el\u00a0 estado psicof\u00edsico de su defendido. \u00abEn el caso de que se compruebe que fue un suicidio, habr\u00eda que investigar si existi\u00f3 una instigaci\u00f3n al mismo\u00bb, se\u00f1al\u00f3.<\/p>\n<p style=\"text-align: justify;\">Por el crimen de Barros Cisneros tambi\u00e9n est\u00e1 procesado con prisi\u00f3n preventiva el penitenciario Miguel V\u00edctor Gallego (35), mientras que el guardiac\u00e1rcel Claudio Javier Keem (32) fue beneficiado con la falta de m\u00e9rito y permanece excarcelado. Dami\u00e1n Barbosa, uno de los abogados de Keem junto a su colega Gustavo Guerrero, dijo esta tarde que con la muerte de Silva \u00abel caso se cobr\u00f3 una v\u00edctima m\u00e1s\u00bb.<\/p>\n<p style=\"text-align: justify;\">Adem\u00e1s, permanecen pr\u00f3fugos otros cuatro penitenciarios, que fueron imputados del hecho por el fiscal de Instrucci\u00f3n de San Mart\u00edn H\u00e9ctor Scebba. Al igual que Keem, Gallego y Silva, los cuatro pr\u00f3fugos, de apellido Luna, Mario, Chaparro y Ben\u00edtez, tambi\u00e9n prestaban servicio en la Unidad Penal N\u00ba46 de Jos\u00e9 Le\u00f3n Su\u00e1rez al momento del crimen de Barros Cisneros.<\/p>\n<p style=\"text-align: justify;\">Seg\u00fan determin\u00f3 el fiscal Scebba, el homicidio ocurri\u00f3 cerca de las 10 del s\u00e1bado 29 de enero, cuando el preso aguardaba la visita de su mujer embarazada de ocho meses. Ese d\u00eda, Barros Cisneros discuti\u00f3 con los guardias al enterarse de que el encuentro iba a realizarse en el patio del pabell\u00f3n -a merced del sol- luego que la mujer pasara varias horas de espera antes de poder ingresar a la unidad carcelaria.<\/p>\n<p style=\"text-align: justify;\">Ante los reclamos del interno, los penitenciarios lo esposaron y, en medio de un fuerte intercambio de palabras, lo trasladaron hasta la oficina de control, donde lo arrojaron al piso y comenzaron a golpearlo ante la mirada de otros presos y de algunos familiares que hab\u00edan concurrido al lugar como visita.<\/p>\n<p style=\"text-align: justify;\">En la autopsia se constataron m\u00e1s de 30 golpes en la cabeza, el hundimiento de globo ocular izquierdo y decenas de lesiones en miembros inferiores y superiores, todos ellos compatibles con una actitud de defensa por parte del detenido.<\/p>\n<p style=\"text-align: justify;\">Tambi\u00e9n se comprobaron lesiones en los test\u00edculos y los testigos confirmaron que al menos uno de los guardiac\u00e1rceles saltaba sobre el cuerpo de la v\u00edctima, aplicando puntapi\u00e9s con sus borcegu\u00edes.<\/p>\n<p style=\"text-align: justify;\">Para evitar ser descubiertos por la Justicia, los penitenciarios fraguaron las declaraciones de testigos y alteraron la escena de los hechos, a tal punto que colocaron una \u00abfaca\u00bb en manos de Barrios Cisneros y, con ese mismo elemento, se infringieron algunos cortes para simular el ataque.<\/p>\n<p style=\"text-align: justify;\">Al ser descubierto el crimen, el subsecretario de Pol\u00edtica Criminal del Ministerio de Seguridad bonaerense, C\u00e9sar Albarrac\u00edn, dispuso el relevo de la c\u00fapula de la Unidad N\u00ba46, tanto del director del penal, Leonardo Dziata, como el subdirector, Eduardo Orzusa, y el subdirector de Asistencia y Tratamiento, Mauricio Pinedo.<\/p>\n<p style=\"text-align: justify;\">\n","protected":false},"excerpt":{"rendered":"<p>Apareci\u00f3 colgado en una celda de la alcaid\u00eda de Avellaneda. Le hab\u00edan dictado preventiva por el asesinato de Patricio Barros Cisneros, quien muri\u00f3 tras recibir una feroz paliza en el penal de Jos\u00e9 Le\u00f3n Su\u00e1rez. Un guardiac\u00e1rcel bonaerense, que se encontraba detenido por el asesinato de un recluso en el penal de Jos\u00e9 Le\u00f3n Su\u00e1rez,&hellip;<\/p>\n","protected":false},"author":1,"featured_media":0,"comment_status":"open","ping_status":"open","sticky":false,"template":"","format":"standard","meta":{"footnotes":""},"categories":[22],"tags":[501,12053,12117,461,6368,4398,12116,12115],"class_list":["post-25724","post","type-post","status-publish","format-standard","hentry","category-policiales","tag-abogado","tag-alcaidia","tag-alfredo-gracia-kalb","tag-avellaneda","tag-celda","tag-jose-leon-suarez","tag-patricio-barros-cisneros","tag-victor-hugo-silva"],"_links":{"self":[{"href":"https:\/\/www.elsindical.com.ar\/notas\/wp-json\/wp\/v2\/posts\/25724","targetHints":{"allow":["GET"]}}],"collection":[{"href":"https:\/\/www.elsindical.com.ar\/notas\/wp-json\/wp\/v2\/posts"}],"about":[{"href":"https:\/\/www.elsindical.com.ar\/notas\/wp-json\/wp\/v2\/types\/post"}],"author":[{"embeddable":true,"href":"https:\/\/www.elsindical.com.ar\/notas\/wp-json\/wp\/v2\/users\/1"}],"replies":[{"embeddable":true,"href":"https:\/\/www.elsindical.com.ar\/notas\/wp-json\/wp\/v2\/comments?post=25724"}],"version-history":[{"count":2,"href":"https:\/\/www.elsindical.com.ar\/notas\/wp-json\/wp\/v2\/posts\/25724\/revisions"}],"predecessor-version":[{"id":25727,"href":"https:\/\/www.elsindical.com.ar\/notas\/wp-json\/wp\/v2\/posts\/25724\/revisions\/25727"}],"wp:attachment":[{"href":"https:\/\/www.elsindical.com.ar\/notas\/wp-json\/wp\/v2\/media?parent=25724"}],"wp:term":[{"taxonomy":"category","embeddable":true,"href":"https:\/\/www.elsindical.com.ar\/notas\/wp-json\/wp\/v2\/categories?post=25724"},{"taxonomy":"post_tag","embeddable":true,"href":"https:\/\/www.elsindical.com.ar\/notas\/wp-json\/wp\/v2\/tags?post=25724"}],"curies":[{"name":"wp","href":"https:\/\/api.w.org\/{rel}","templated":true}]}}