{"id":25720,"date":"2012-07-24T00:49:36","date_gmt":"2012-07-24T03:49:36","guid":{"rendered":"http:\/\/www.elsindical.com.ar\/notas\/?p=25720"},"modified":"2012-07-24T00:49:55","modified_gmt":"2012-07-24T03:49:55","slug":"efemeridesdel-dia-24-de-julio-4","status":"publish","type":"post","link":"https:\/\/www.elsindical.com.ar\/notas\/efemeridesdel-dia-24-de-julio-4\/","title":{"rendered":"EFEM\u00c9RIDES:DEL D\u00cdA 24 DE JULIO"},"content":{"rendered":"<p style=\"text-align: justify;\"><a href=\"http:\/\/www.elsindical.com.ar\/notas\/var\/www\/html\/notas\/wp-content\/uploads\/2012\/07\/Alejandro-Dumas.jpg\"><img loading=\"lazy\" decoding=\"async\" class=\"alignleft size-medium wp-image-25721\" title=\"Alejandro-Dumas\" src=\"http:\/\/www.elsindical.com.ar\/notas\/var\/www\/html\/notas\/wp-content\/uploads\/2012\/07\/Alejandro-Dumas-300x212.jpg\" alt=\"\" width=\"300\" height=\"212\" srcset=\"https:\/\/www.elsindical.com.ar\/notas\/var\/www\/html\/notas\/wp-content\/uploads\/2012\/07\/Alejandro-Dumas-300x212.jpg 300w, https:\/\/www.elsindical.com.ar\/notas\/var\/www\/html\/notas\/wp-content\/uploads\/2012\/07\/Alejandro-Dumas.jpg 325w\" sizes=\"auto, (max-width: 300px) 100vw, 300px\" \/><\/a>El 24 de julio de 1783, nace en Caracas Sim\u00f3n Bol\u00edvar, \u00abel Libertador\u00bb, militar y pol\u00edtico que consigui\u00f3 la independencia de la Gran Colombia, que inclu\u00eda por entonces los actuales territorios de Venezuela, Panam\u00e1, Per\u00fa, Colombia, Bolivia y Ecuador.<\/p>\n<p style=\"text-align: justify;\">1802- Nace Alejandro Dumas, novelista y dramaturgo franc\u00e9s.<\/p>\n<p style=\"text-align: justify;\">1820- Se publica el primer n\u00famero del peri\u00f3dico \u00abEl Editor Constitucional\u00bb, dirigido por Pedro Molina, uno de los art\u00edfices de la independencia de Guatemala y presidente de la Rep\u00fablica en 1829.<\/p>\n<p style=\"text-align: justify;\">1823- Batalla naval de Maracaibo, con victoria del almirante colombiano Jos\u00e9 Padilla, que afianz\u00f3 la independencia de Venezuela.<\/p>\n<p style=\"text-align: justify;\">&#8211; Se aprueba la ley que declara libres a todos los esclavos de Chile y a todos los que pisen territorio nacional.<\/p>\n<p style=\"text-align: justify;\">1828- Sim\u00f3n Bol\u00edvar asume el mando supremo y la dictadura por decreto de la Asamblea Nacional.<\/p>\n<p style=\"text-align: justify;\">1848- Nace Rafael de Zayas Enr\u00edquez, poeta mexicano.<\/p>\n<p style=\"text-align: justify;\">1870- Nace Alphonsus de Guimaraens, poeta brasile\u00f1o.<\/p>\n<p style=\"text-align: justify;\">1911- Hallazgo de la ciudadela incaica de Machu Picchu, en Cuzco, por el arque\u00f3logo estadounidense Hiram Bingham.<\/p>\n<p style=\"text-align: justify;\">1912- Mongolia se convierte en protectorado ruso.<\/p>\n<p style=\"text-align: justify;\">1917- Mata Hari, la esp\u00eda m\u00e1s famosa de todos los tiempos, comparece ante un tribunal militar, que la condena a muerte.<\/p>\n<p style=\"text-align: justify;\">1928- Se da por terminado oficialmente el movimiento del general C\u00e9sar Augusto Sandino contra la intervenci\u00f3n estadounidense en Nicaragua, pero la lucha guerrillera no acab\u00f3.<\/p>\n<p style=\"text-align: justify;\">1929- Dimite el primer ministro franc\u00e9s Henri Poincar\u00e9 por motivos de salud y es sustituido por Aristides Briand.<\/p>\n<p style=\"text-align: justify;\">1931- Estalla un movimiento contra la dictadura chilena del general Carlos Ib\u00e1\u00f1ez, que fue derrocado.<\/p>\n<p style=\"text-align: justify;\">1941- Choques armados en la frontera entre Per\u00fa y Ecuador.<\/p>\n<p style=\"text-align: justify;\">1943- El Gran Consejo Fascista italiano aprueba la retirada de Mussolini y pide que el poder vuelva a la Corona.<\/p>\n<p style=\"text-align: justify;\">&#8211; II Guerra Mundial: Los aliados inician intensos bombardeos a\u00e9reos (seis d\u00edas) contra Hamburgo.<\/p>\n<p style=\"text-align: justify;\">1946- Apertura de la Conferencia de la Paz, en Par\u00eds, en la que se discuten los borradores de tratados con Italia, Ruman\u00eda, Bulgaria, Hungr\u00eda y Finlandia.<\/p>\n<p style=\"text-align: justify;\">1968- El boxeador cubano, nacionalizado espa\u00f1ol, Jos\u00e9 Legr\u00e1 gana el t\u00edtulo mundial de pesos pluma, al vencer al brit\u00e1nico Howard Winstone en el quinto asalto, en Porthcawl (Gales).<\/p>\n<p style=\"text-align: justify;\">1969- Nace Jennifer L\u00f3pez, actriz y cantante norteamericana de origen puertorrique\u00f1o.<\/p>\n<p style=\"text-align: justify;\">1974- Constantino Karamanlis asume el cargo de primer ministro de Grecia, tras el abandono del general Phaedon Ghizikis, jefe del Gobierno de los coroneles.<\/p>\n<p style=\"text-align: justify;\">1980- Muere Peter Sellers, actor brit\u00e1nico.<\/p>\n<p style=\"text-align: justify;\">1983- El rey de Espa\u00f1a, Juan Carlos I, recibe el I Premio Sim\u00f3n Bolivar, otorgado por la UNESCO conjuntamente con el l\u00edder sudafricano Nelson Mandela.<\/p>\n<p style=\"text-align: justify;\">1984- Muere Jos\u00e9 Mauro de Vasconcelos, escritor brasile\u00f1o.<\/p>\n<p style=\"text-align: justify;\">1986- Gustavo Arias Londono, principal responsable del Grupo guerrillero M-19, muere a manos de la Polic\u00eda del departamento de Caldas, en Medellin (Colombia).<\/p>\n<p style=\"text-align: justify;\">1989- El Gobierno de M\u00e9xico acuerda con la banca privada internacional la reducci\u00f3n en un 35% de su deuda exterior mediante la renuncia de la banca a parte de los pr\u00e9stamos otorgados y el establecimiento de un tipo de inter\u00e9s a 30 a\u00f1os para el resto.<\/p>\n<p style=\"text-align: justify;\">1990- Irak env\u00eda 30.000 soldados a su frontera con Kuwait, mientras que EEUU decreta el estado de alerta de su flota en aguas del Golfo P\u00e9rsico.<\/p>\n<p style=\"text-align: justify;\">1992- El Rey de Espa\u00f1a clausura en Madrid la II Cumbre Iberoamericana, que coincide con el V Centenario del Descubrimiento de Am\u00e9rica.<\/p>\n<p style=\"text-align: justify;\">2000- El Gobierno brit\u00e1nico comienza la excarcelaci\u00f3n de 87 presos condenados por m\u00faltiples asesinatos, en aplicaci\u00f3n del Acuerdo de Paz del Ulster.<\/p>\n<p style=\"text-align: justify;\">2001- El ex militar paraguayo Napole\u00f3n Ortigoza es indemnizado por el Estado con 1,8 millones de d\u00f3lares por haber pasado 25 a\u00f1os en prisi\u00f3n durante el r\u00e9gimen de Alfredo Stroessner.<\/p>\n<p style=\"text-align: justify;\">2002- La justicia argentina acata el decreto que suspende por 120 d\u00edas la ejecuci\u00f3n de fallos contra el \u00abcorralito\u00bb financiero que retiene millonarios dep\u00f3sitos en los bancos.<\/p>\n<p style=\"text-align: justify;\">2003- La C\u00e1mara de Representantes de EEUU aprueba el Tratado de Libre Comercio (TLC) con Chile.<\/p>\n<p style=\"text-align: justify;\">2007- Liberan a las cinco enfermeras b\u00falgaras y al m\u00e9dico palestino condenados a muerte en Libia.<\/p>\n","protected":false},"excerpt":{"rendered":"<p>El 24 de julio de 1783, nace en Caracas Sim\u00f3n Bol\u00edvar, \u00abel Libertador\u00bb, militar y pol\u00edtico que consigui\u00f3 la independencia de la Gran Colombia, que inclu\u00eda por entonces los actuales territorios de Venezuela, Panam\u00e1, Per\u00fa, Colombia, Bolivia y Ecuador. 1802- Nace Alejandro Dumas, novelista y dramaturgo franc\u00e9s. 1820- Se publica el primer n\u00famero del peri\u00f3dico&hellip;<\/p>\n","protected":false},"author":1,"featured_media":0,"comment_status":"open","ping_status":"open","sticky":false,"template":"","format":"standard","meta":{"footnotes":""},"categories":[14],"tags":[],"class_list":["post-25720","post","type-post","status-publish","format-standard","hentry","category-efemerides"],"_links":{"self":[{"href":"https:\/\/www.elsindical.com.ar\/notas\/wp-json\/wp\/v2\/posts\/25720","targetHints":{"allow":["GET"]}}],"collection":[{"href":"https:\/\/www.elsindical.com.ar\/notas\/wp-json\/wp\/v2\/posts"}],"about":[{"href":"https:\/\/www.elsindical.com.ar\/notas\/wp-json\/wp\/v2\/types\/post"}],"author":[{"embeddable":true,"href":"https:\/\/www.elsindical.com.ar\/notas\/wp-json\/wp\/v2\/users\/1"}],"replies":[{"embeddable":true,"href":"https:\/\/www.elsindical.com.ar\/notas\/wp-json\/wp\/v2\/comments?post=25720"}],"version-history":[{"count":2,"href":"https:\/\/www.elsindical.com.ar\/notas\/wp-json\/wp\/v2\/posts\/25720\/revisions"}],"predecessor-version":[{"id":25723,"href":"https:\/\/www.elsindical.com.ar\/notas\/wp-json\/wp\/v2\/posts\/25720\/revisions\/25723"}],"wp:attachment":[{"href":"https:\/\/www.elsindical.com.ar\/notas\/wp-json\/wp\/v2\/media?parent=25720"}],"wp:term":[{"taxonomy":"category","embeddable":true,"href":"https:\/\/www.elsindical.com.ar\/notas\/wp-json\/wp\/v2\/categories?post=25720"},{"taxonomy":"post_tag","embeddable":true,"href":"https:\/\/www.elsindical.com.ar\/notas\/wp-json\/wp\/v2\/tags?post=25720"}],"curies":[{"name":"wp","href":"https:\/\/api.w.org\/{rel}","templated":true}]}}