{"id":25693,"date":"2012-07-23T11:02:18","date_gmt":"2012-07-23T14:02:18","guid":{"rendered":"http:\/\/www.elsindical.com.ar\/notas\/?p=25693"},"modified":"2012-07-23T11:02:18","modified_gmt":"2012-07-23T14:02:18","slug":"sonda-argentina-s-a-rechaza-dialogar-y-mejorar-la-situacion-de-sus-empleados","status":"publish","type":"post","link":"https:\/\/www.elsindical.com.ar\/notas\/sonda-argentina-s-a-rechaza-dialogar-y-mejorar-la-situacion-de-sus-empleados\/","title":{"rendered":"Sonda Argentina S.A. rechaza dialogar y mejorar la situaci\u00f3n de sus empleados"},"content":{"rendered":"<p style=\"text-align: justify;\"><a href=\"http:\/\/www.elsindical.com.ar\/notas\/var\/www\/html\/notas\/wp-content\/uploads\/2012\/07\/conflicto-en-SONDA.jpg\"><img loading=\"lazy\" decoding=\"async\" class=\"alignleft size-medium wp-image-25694\" title=\"conflicto-en-SONDA\" src=\"http:\/\/www.elsindical.com.ar\/notas\/var\/www\/html\/notas\/wp-content\/uploads\/2012\/07\/conflicto-en-SONDA-300x224.jpg\" alt=\"\" width=\"300\" height=\"224\" srcset=\"https:\/\/www.elsindical.com.ar\/notas\/var\/www\/html\/notas\/wp-content\/uploads\/2012\/07\/conflicto-en-SONDA-300x224.jpg 300w, https:\/\/www.elsindical.com.ar\/notas\/var\/www\/html\/notas\/wp-content\/uploads\/2012\/07\/conflicto-en-SONDA.jpg 325w\" sizes=\"auto, (max-width: 300px) 100vw, 300px\" \/><\/a>Luego de reiterados llamados al di\u00e1logo por parte de la Uni\u00f3n Inform\u00e1tica, la empresa de capitales chilenos, Sonda Argentina S.A. sostiene su pol\u00edtica de bajos salarios y pobres condiciones de trabajo sin ninguna muestra de mejora. Se considera inminente un nuevo conflicto gremial IT.<\/p>\n<h2 style=\"text-align: justify;\">Sonda Argentina S.A. dice no.<\/h2>\n<p style=\"text-align: justify;\">A pesar de los reiterados intentos de la Uni\u00f3n Inform\u00e1tica por establecer una relaci\u00f3n con la empresa Sonda Argentina S.A. basada en el di\u00e1logo, comprensi\u00f3n y entendimiento para resolver los inconvenientes que naturalmente se producen entre entre empleados y empleadores, la compa\u00f1ia\u00a0 inform\u00e1tica de origen chileno se neg\u00f3 continuamente a abrir cualquier forma de negociaci\u00f3n que permitiera resolver los problemas que atraviesan sus dependientes.<\/p>\n<p style=\"text-align: justify;\">Baj\u00edsimos salarios (habiendo empleados que ganan tan solo $1800), falta de personal adecuado para cubrir las tareas en diversos sectores, malas condiciones de salubridad en algunos espacios de trabajo y el desconocimiento de la organizaci\u00f3n gremial que se dieron los trabajadores son algunos de los \u00edtems que en el seno de Sonda Argentina S.A. se reclaman a sus titulares.<\/p>\n<h2 style=\"text-align: justify;\">Conflicto gremial inminente en Sonda S.A.<\/h2>\n<p style=\"text-align: justify;\">Ante la grav\u00edsima situaci\u00f3n y la negativa rotunda por parte de Sonda Argentina S.A. a entablar conversaciones con la Uni\u00f3n Inform\u00e1tica con vistas a la soluci\u00f3n de los problemas de su propio inter\u00e9s, se descuenta un conflicto gremial inminente en reclamo de soluciones para los inconvenientes detallados.<\/p>\n","protected":false},"excerpt":{"rendered":"<p>Luego de reiterados llamados al di\u00e1logo por parte de la Uni\u00f3n Inform\u00e1tica, la empresa de capitales chilenos, Sonda Argentina S.A. sostiene su pol\u00edtica de bajos salarios y pobres condiciones de trabajo sin ninguna muestra de mejora. Se considera inminente un nuevo conflicto gremial IT. Sonda Argentina S.A. dice no. A pesar de los reiterados intentos&hellip;<\/p>\n","protected":false},"author":1,"featured_media":0,"comment_status":"open","ping_status":"open","sticky":false,"template":"","format":"standard","meta":{"footnotes":""},"categories":[16],"tags":[926,12099,12100,436,12098,12096,12097],"class_list":["post-25693","post","type-post","status-publish","format-standard","hentry","category-gremiales","tag-acuerdo","tag-bajos-salarios","tag-condiciones-de-trabajo","tag-conflicto","tag-gremail-it","tag-sonda-s-a","tag-union-informatica"],"_links":{"self":[{"href":"https:\/\/www.elsindical.com.ar\/notas\/wp-json\/wp\/v2\/posts\/25693","targetHints":{"allow":["GET"]}}],"collection":[{"href":"https:\/\/www.elsindical.com.ar\/notas\/wp-json\/wp\/v2\/posts"}],"about":[{"href":"https:\/\/www.elsindical.com.ar\/notas\/wp-json\/wp\/v2\/types\/post"}],"author":[{"embeddable":true,"href":"https:\/\/www.elsindical.com.ar\/notas\/wp-json\/wp\/v2\/users\/1"}],"replies":[{"embeddable":true,"href":"https:\/\/www.elsindical.com.ar\/notas\/wp-json\/wp\/v2\/comments?post=25693"}],"version-history":[{"count":2,"href":"https:\/\/www.elsindical.com.ar\/notas\/wp-json\/wp\/v2\/posts\/25693\/revisions"}],"predecessor-version":[{"id":25696,"href":"https:\/\/www.elsindical.com.ar\/notas\/wp-json\/wp\/v2\/posts\/25693\/revisions\/25696"}],"wp:attachment":[{"href":"https:\/\/www.elsindical.com.ar\/notas\/wp-json\/wp\/v2\/media?parent=25693"}],"wp:term":[{"taxonomy":"category","embeddable":true,"href":"https:\/\/www.elsindical.com.ar\/notas\/wp-json\/wp\/v2\/categories?post=25693"},{"taxonomy":"post_tag","embeddable":true,"href":"https:\/\/www.elsindical.com.ar\/notas\/wp-json\/wp\/v2\/tags?post=25693"}],"curies":[{"name":"wp","href":"https:\/\/api.w.org\/{rel}","templated":true}]}}