{"id":25683,"date":"2012-07-22T22:49:45","date_gmt":"2012-07-23T01:49:45","guid":{"rendered":"http:\/\/www.elsindical.com.ar\/notas\/?p=25683"},"modified":"2012-07-22T22:49:45","modified_gmt":"2012-07-23T01:49:45","slug":"mendozadetienen-al-principal-sospechoso-de-asesinar-a-micaela","status":"publish","type":"post","link":"https:\/\/www.elsindical.com.ar\/notas\/mendozadetienen-al-principal-sospechoso-de-asesinar-a-micaela\/","title":{"rendered":"Mendoza:Detienen al principal sospechoso de asesinar a Micaela"},"content":{"rendered":"<div id=\"bajada\" style=\"text-align: justify;\">\n<p><em><a href=\"http:\/\/www.elsindical.com.ar\/notas\/var\/www\/html\/notas\/wp-content\/uploads\/2012\/07\/Sebasti\u00e1n-Videla-asesino.jpg\"><img loading=\"lazy\" decoding=\"async\" class=\"alignleft size-medium wp-image-25684\" title=\"Sebasti\u00e1n-Videla-asesino\" src=\"http:\/\/www.elsindical.com.ar\/notas\/var\/www\/html\/notas\/wp-content\/uploads\/2012\/07\/Sebasti\u00e1n-Videla-asesino-300x193.jpg\" alt=\"\" width=\"300\" height=\"193\" srcset=\"https:\/\/www.elsindical.com.ar\/notas\/var\/www\/html\/notas\/wp-content\/uploads\/2012\/07\/Sebasti\u00e1n-Videla-asesino-300x193.jpg 300w, https:\/\/www.elsindical.com.ar\/notas\/var\/www\/html\/notas\/wp-content\/uploads\/2012\/07\/Sebasti\u00e1n-Videla-asesino.jpg 502w\" sizes=\"auto, (max-width: 300px) 100vw, 300px\" \/><\/a>El sospechoso de matar a la joven mendocina el esposo de una de sus primas. En un allanamiento, encontraron las huellas del hombre de 30 a\u00f1os en el ba\u00f1o de la casa de la v\u00edctima y la Polic\u00eda encontr\u00f3 partes del celular de la j\u00f3ven en la vivienda de \u00e9l. Mir\u00e1 la foto de cuando estuvo en la escena del crimen.<\/em><\/p>\n<\/div>\n<div id=\"texto\" style=\"text-align: justify;\">\n<p>Una persona fue detenida por la muerte de <strong>Micaela Blasco<\/strong>, la chica asesinada el mi\u00e9rcoles pasado en su departamento de calle San Juan, en pleno Centro de la ciudad de Mendoza.<\/p>\n<p>Seg\u00fan la primera informaci\u00f3n, se trata del esposo de su prima, <strong>Mariana Vidal<\/strong>. El nombre del sospechoso es <strong>Sebasti\u00e1n Videla<\/strong>, quien estuvo en la escena del crimen minutos despu\u00e9s de que encontraran el cuerpo de la joven que fue asfixiada, inform\u00f3 el portal <em>elsolonline.com<\/em>.<\/p>\n<p>La historia es a\u00fan m\u00e1s macabra, cuando se analiza esa imagen. Ah\u00ed se puede ver al presunto homicida consolando a su mujer, que hab\u00eda sufrido un ataque de nervios luego de la noticia.<\/p>\n<p>La sospecha creci\u00f3 luego de que encontraran el celular y un manojo de llaves que estaban en el departamento de la v\u00edctima. En un primer momento, el acusado le dijo a su pareja que hab\u00eda encontrado el aparato en la plaza Pellegrini, tres d\u00edas despu\u00e9s del crimen, y esta lo destruy\u00f3 y tir\u00f3. La mujer tambi\u00e9n comenz\u00f3 a ser investigada por el Fiscal especial Santiago Garay, quien ya imput\u00f3 a Videla por \u00abhomicidio simple\u00bb.<\/p>\n<p>La detenci\u00f3n se produjo este domingo minutos despu\u00e9s del mediod\u00eda en una casa ubicada en las inmediaciones de Manuel A. S\u00e1ez y Bolivia, en Guaymall\u00e9n.<\/p>\n<p>En las altas esferas judiciales y policiales aseguran que el caso, uno de los m\u00e1s conmocionantes de los \u00faltimos tiempos y que tuvo gran repercusi\u00f3n a nivel nacional, ya estar\u00eda esclarecido.<\/p>\n<\/div>\n","protected":false},"excerpt":{"rendered":"<p>El sospechoso de matar a la joven mendocina el esposo de una de sus primas. En un allanamiento, encontraron las huellas del hombre de 30 a\u00f1os en el ba\u00f1o de la casa de la v\u00edctima y la Polic\u00eda encontr\u00f3 partes del celular de la j\u00f3ven en la vivienda de \u00e9l. Mir\u00e1 la foto de cuando&hellip;<\/p>\n","protected":false},"author":1,"featured_media":0,"comment_status":"open","ping_status":"open","sticky":false,"template":"","format":"standard","meta":{"footnotes":""},"categories":[22],"tags":[1048,176,12091,571,12068,30,12093,12092],"class_list":["post-25683","post","type-post","status-publish","format-standard","hentry","category-policiales","tag-asesinada","tag-esposo","tag-mariana-vidal","tag-mendoza","tag-micaela-blasco","tag-policia","tag-prima","tag-sebastian-videla"],"_links":{"self":[{"href":"https:\/\/www.elsindical.com.ar\/notas\/wp-json\/wp\/v2\/posts\/25683","targetHints":{"allow":["GET"]}}],"collection":[{"href":"https:\/\/www.elsindical.com.ar\/notas\/wp-json\/wp\/v2\/posts"}],"about":[{"href":"https:\/\/www.elsindical.com.ar\/notas\/wp-json\/wp\/v2\/types\/post"}],"author":[{"embeddable":true,"href":"https:\/\/www.elsindical.com.ar\/notas\/wp-json\/wp\/v2\/users\/1"}],"replies":[{"embeddable":true,"href":"https:\/\/www.elsindical.com.ar\/notas\/wp-json\/wp\/v2\/comments?post=25683"}],"version-history":[{"count":2,"href":"https:\/\/www.elsindical.com.ar\/notas\/wp-json\/wp\/v2\/posts\/25683\/revisions"}],"predecessor-version":[{"id":25686,"href":"https:\/\/www.elsindical.com.ar\/notas\/wp-json\/wp\/v2\/posts\/25683\/revisions\/25686"}],"wp:attachment":[{"href":"https:\/\/www.elsindical.com.ar\/notas\/wp-json\/wp\/v2\/media?parent=25683"}],"wp:term":[{"taxonomy":"category","embeddable":true,"href":"https:\/\/www.elsindical.com.ar\/notas\/wp-json\/wp\/v2\/categories?post=25683"},{"taxonomy":"post_tag","embeddable":true,"href":"https:\/\/www.elsindical.com.ar\/notas\/wp-json\/wp\/v2\/tags?post=25683"}],"curies":[{"name":"wp","href":"https:\/\/api.w.org\/{rel}","templated":true}]}}