{"id":25637,"date":"2012-07-19T21:26:21","date_gmt":"2012-07-20T00:26:21","guid":{"rendered":"http:\/\/www.elsindical.com.ar\/notas\/?p=25637"},"modified":"2012-07-19T21:26:21","modified_gmt":"2012-07-20T00:26:21","slug":"saltadetienen-a-cinco-policias-de-narcoticos-por-torturas","status":"publish","type":"post","link":"https:\/\/www.elsindical.com.ar\/notas\/saltadetienen-a-cinco-policias-de-narcoticos-por-torturas\/","title":{"rendered":"Salta:Detienen a cinco polic\u00edas de narc\u00f3ticos por torturas"},"content":{"rendered":"<p style=\"text-align: justify;\"><em><a href=\"http:\/\/www.elsindical.com.ar\/notas\/var\/www\/html\/notas\/wp-content\/uploads\/2012\/07\/torturas-polic\u00eda-de-Salta.jpg\"><img loading=\"lazy\" decoding=\"async\" class=\"alignleft size-medium wp-image-25638\" title=\"torturas-polic\u00eda-de-Salta\" src=\"http:\/\/www.elsindical.com.ar\/notas\/var\/www\/html\/notas\/wp-content\/uploads\/2012\/07\/torturas-polic\u00eda-de-Salta-300x221.jpg\" alt=\"\" width=\"300\" height=\"221\" srcset=\"https:\/\/www.elsindical.com.ar\/notas\/var\/www\/html\/notas\/wp-content\/uploads\/2012\/07\/torturas-polic\u00eda-de-Salta-300x221.jpg 300w, https:\/\/www.elsindical.com.ar\/notas\/var\/www\/html\/notas\/wp-content\/uploads\/2012\/07\/torturas-polic\u00eda-de-Salta.jpg 502w\" sizes=\"auto, (max-width: 300px) 100vw, 300px\" \/><\/a>Los desnudaron, los golpearon y le hicieron \u00absubmarino seco\u00bb a uno de ellos. Alguien lo film\u00f3 y subi\u00f3 el video a Internet. Las im\u00e1genes son impactantes y ya est\u00e1n en manos de la Justicia.<\/em><\/p>\n<p style=\"text-align: justify;\">Cinco polic\u00edas de la localidad salte\u00f1a de General G\u00fcemes fueron detenidos luego de ser denunciados por el ministro de Seguridad de la provincia, Eduardo Sylvester, acusados de apremios ilegales en contra de dos detenidos.<\/p>\n<p style=\"text-align: justify;\">As\u00ed lo confirm\u00f3 hoy el ministro Sylvester, quien dijo a la prensa que \u00abtras una r\u00e1pida investigaci\u00f3n\u00bb se presentaron ante el Juez de Instrucci\u00f3n Formal de Tercera Nominaci\u00f3n, Pablo Farah, para denunciar \u00abla existencia de un delito cometido por parte de personal policial\u00bb.<\/p>\n<p style=\"text-align: justify;\">Una vez formulada la denuncia penal, el magistrado orden\u00f3 la detenci\u00f3n de los cinco polic\u00edas involucrados, que se concret\u00f3 anoche, alrededor de las 22, tras lo cual quedaron a disposici\u00f3n de la investigaci\u00f3n judicial.<\/p>\n<p style=\"text-align: justify;\">Los acusados pertenecen a la Divisi\u00f3n Drogas Peligrosas de General G\u00fcemes y hoy se negaron a declarar.<\/p>\n<p style=\"text-align: justify;\">Fuentes judiciales indicaron que existe un video en el que se puede observar perfectamente las agresiones f\u00edsicas de los polic\u00edas, cometidas en perjuicio de dos detenidos.<\/p>\n<p style=\"text-align: justify;\">Las im\u00e1genes son impactantes. En un patio, hay dos hombres casi desnudos, esposados, uno est\u00e1 de rodillas y lo sostienen de los brazos mientras le tiran baldazos de agua en la cabeza; y al otro le ponen una bolsa de nylon en la cabeza, le empiezan a hacer preguntas y como no responde, luego le cierran la bolsa al cuello, le tapan la boca con la mano y le repreguntan hasta que cae al piso\u2026 Reci\u00e9n ah\u00ed le sacan la bolsa\u2026<\/p>\n<p style=\"text-align: justify;\">Este video fue lo que alert\u00f3 a las autoridades gubernamentales y al jefe de la Polic\u00eda de Salta, Comisario\u00a0General\u00a0Marcelo Lami, sobre la existencia del hecho. Aparentemente, las im\u00e1genes fueron subidas a internet y descubiertas por los compa\u00f1eros de los detenidos.<\/p>\n<p style=\"text-align: justify;\">Sylvester indic\u00f3 que fue el gobernador de la provincia, Juan Manuel Urtubey, quien les orden\u00f3 hacer la denuncia penal correspondiente, una vez informado de la comisi\u00f3n del delito por parte del personal policial.<\/p>\n<p style=\"text-align: justify;\">Sylvester en una conferencia de prensa dej\u00f3 en claro que el gobierno provincial \u00abest\u00e1 convencido que estos hombres no representan la fuerza policial salte\u00f1a\u00bb. Tambi\u00e9n aclar\u00f3 que antes de concretar la denuncia \u00abse investig\u00f3 y se recolect\u00f3 la mayor cantidad de elementos posibles\u00bb; y sentenci\u00f3: \u00abNo son polic\u00edas, son delincuentes\u00bb.<\/p>\n<p style=\"text-align: justify;\">El diario El Triuno de Salta consigna en su edici\u00f3n del caso que esta no es la primera vez que se habla de apremios ilegales en la provincia: \u00abEl domingo pasado, un joven de 17 a\u00f1os del barrio Norte Grande denunci\u00f3 que fue detenido sin causa y que sufri\u00f3 un intento de abuso sexual de los efectivos\u00bb.<\/p>\n<p style=\"text-align: justify;\">En otra nota, el peri\u00f3dico salte\u00f1o tambi\u00e9n destaca que, seg\u00fan consigna una fuente, \u201clas comisar\u00edas est\u00e1n repletas de detenidos, que en rigor no deber\u00edan estar ah\u00ed porque son delitos federales los que cometen al vender estupefacientes\u2026 Pero no tenemos donde alojarlos. La c\u00e1rcel que se construy\u00f3 en G\u00fcemes estaba colmada a los 30 d\u00edas de haber sido inaugurada. De nueve patrulleros, funcionan s\u00f3lo cuatro. La situaci\u00f3n es desbordante\u201d.<\/p>\n<p><iframe loading=\"lazy\" src=\"http:\/\/www.youtube.com\/embed\/y5qJfIeny2M\" frameborder=\"0\" width=\"560\" height=\"315\"><\/iframe><\/p>\n","protected":false},"excerpt":{"rendered":"<p>Los desnudaron, los golpearon y le hicieron \u00absubmarino seco\u00bb a uno de ellos. Alguien lo film\u00f3 y subi\u00f3 el video a Internet. Las im\u00e1genes son impactantes y ya est\u00e1n en manos de la Justicia. Cinco polic\u00edas de la localidad salte\u00f1a de General G\u00fcemes fueron detenidos luego de ser denunciados por el ministro de Seguridad de&hellip;<\/p>\n","protected":false},"author":1,"featured_media":0,"comment_status":"open","ping_status":"open","sticky":false,"template":"","format":"standard","meta":{"footnotes":""},"categories":[22],"tags":[742,12071,12070,12072,30,2562,6314],"class_list":["post-25637","post","type-post","status-publish","format-standard","hentry","category-policiales","tag-detenidos","tag-eduardo-sylvester","tag-general-guemes","tag-juez-de-instruccion-pablo-farah","tag-policia","tag-salta","tag-tortura"],"_links":{"self":[{"href":"https:\/\/www.elsindical.com.ar\/notas\/wp-json\/wp\/v2\/posts\/25637","targetHints":{"allow":["GET"]}}],"collection":[{"href":"https:\/\/www.elsindical.com.ar\/notas\/wp-json\/wp\/v2\/posts"}],"about":[{"href":"https:\/\/www.elsindical.com.ar\/notas\/wp-json\/wp\/v2\/types\/post"}],"author":[{"embeddable":true,"href":"https:\/\/www.elsindical.com.ar\/notas\/wp-json\/wp\/v2\/users\/1"}],"replies":[{"embeddable":true,"href":"https:\/\/www.elsindical.com.ar\/notas\/wp-json\/wp\/v2\/comments?post=25637"}],"version-history":[{"count":2,"href":"https:\/\/www.elsindical.com.ar\/notas\/wp-json\/wp\/v2\/posts\/25637\/revisions"}],"predecessor-version":[{"id":25640,"href":"https:\/\/www.elsindical.com.ar\/notas\/wp-json\/wp\/v2\/posts\/25637\/revisions\/25640"}],"wp:attachment":[{"href":"https:\/\/www.elsindical.com.ar\/notas\/wp-json\/wp\/v2\/media?parent=25637"}],"wp:term":[{"taxonomy":"category","embeddable":true,"href":"https:\/\/www.elsindical.com.ar\/notas\/wp-json\/wp\/v2\/categories?post=25637"},{"taxonomy":"post_tag","embeddable":true,"href":"https:\/\/www.elsindical.com.ar\/notas\/wp-json\/wp\/v2\/tags?post=25637"}],"curies":[{"name":"wp","href":"https:\/\/api.w.org\/{rel}","templated":true}]}}