{"id":25633,"date":"2012-07-19T15:59:36","date_gmt":"2012-07-19T18:59:36","guid":{"rendered":"http:\/\/www.elsindical.com.ar\/notas\/?p=25633"},"modified":"2012-07-19T15:59:36","modified_gmt":"2012-07-19T18:59:36","slug":"mendozala-joven-ahorcada-en-la-banera-murio-asfixiada-por-inmersion","status":"publish","type":"post","link":"https:\/\/www.elsindical.com.ar\/notas\/mendozala-joven-ahorcada-en-la-banera-murio-asfixiada-por-inmersion\/","title":{"rendered":"Mendoza:La joven ahorcada en la ba\u00f1era muri\u00f3 asfixiada \u00abpor inmersi\u00f3n\u00bb"},"content":{"rendered":"<p style=\"text-align: justify;\"><em><a href=\"http:\/\/www.elsindical.com.ar\/notas\/var\/www\/html\/notas\/wp-content\/uploads\/2012\/07\/Micaela-Blasco.jpg\"><img loading=\"lazy\" decoding=\"async\" class=\"alignleft size-medium wp-image-25634\" title=\"Micaela-Blasco\" src=\"http:\/\/www.elsindical.com.ar\/notas\/var\/www\/html\/notas\/wp-content\/uploads\/2012\/07\/Micaela-Blasco-300x224.jpg\" alt=\"\" width=\"300\" height=\"224\" srcset=\"https:\/\/www.elsindical.com.ar\/notas\/var\/www\/html\/notas\/wp-content\/uploads\/2012\/07\/Micaela-Blasco-300x224.jpg 300w, https:\/\/www.elsindical.com.ar\/notas\/var\/www\/html\/notas\/wp-content\/uploads\/2012\/07\/Micaela-Blasco.jpg 443w\" sizes=\"auto, (max-width: 300px) 100vw, 300px\" \/><\/a>La autopsia revel\u00f3 que <strong>Micaela Blasco<\/strong>, la joven que apareci\u00f3 con un cable alrededor de su cuello, fue introducida en la ba\u00f1adera en estado de inconsciencia tras ser estrangulada.<\/em><\/p>\n<p style=\"text-align: justify;\">Micaela Blasco,<strong> la joven de 20 a\u00f1os hallada asesinada ayer en su departamento del microcentro de Mendoza<\/strong>, muri\u00f3 por asfixia por inmersi\u00f3n en la ba\u00f1adera, donde fue introducida en estado de inconsciencia tras haber sido estrangulada con un cable, seg\u00fan la autopsia.<\/p>\n<p style=\"text-align: justify;\">Los forenses determinaron que el asesino primero estrangul\u00f3 a la chica con un cable de tel\u00e9fono cuando estaba desnuda en su casa y luego, cuando qued\u00f3 en estado de inconsciencia e indefensi\u00f3n, la meti\u00f3 en la ba\u00f1adera, donde muri\u00f3 ahogada. En base a los resultados de la autopsia y del an\u00e1lisis de la escena del crimen, el Fiscal de Delitos Complejos de Mendoza, Santiago Garay, sospecha que el asesino puede ser un hombre que pertenece al entorno de la v\u00edctima.<\/p>\n<p style=\"text-align: justify;\">Es que, seg\u00fan dijeron las fuentes, ninguno de los accesos al departamento de la joven estaba violentado y adem\u00e1s el hecho de que estuviera desnuda y de que no se detectaran signos de violencia sexual hacen sospechar que pudo estar durmiendo o haber mantenido minutos antes una relaci\u00f3n sexual.<\/p>\n<p style=\"text-align: justify;\">La investigaci\u00f3n est\u00e1 ahora orientada a identificar a hombres con los que la joven haya mantenido alg\u00fan tipo de relaci\u00f3n en los \u00faltimos tiempos, para lo cual resultaba determinante el testimonio de los familiares y amigos de Blasco. <strong>Si bien la habitaci\u00f3n de la joven estaba revuelta, a\u00fan se desconoce si el asesino buscaba algo en particular o si quiso llevarse de la casa alg\u00fan elemento que pudiera incriminarlo<\/strong>.<\/p>\n<p style=\"text-align: justify;\">Los voceros resaltaron que hab\u00eda algo de dinero que el atacante no se llev\u00f3 y se presume que s\u00ed se apoder\u00f3 de un celular de la joven, que no fue hallado en la casa. Blasco, una ex estudiante de Arquitectura que trabajaba como empleada en una de las sucursales de la cadena de helader\u00edas<strong> \u00abGrido\u00bb<\/strong>, fue hallada muerta por su madre ayer a las 15:15 en el interior de la ba\u00f1adera, desnuda y con el cable alrededor del cuello.<\/p>\n<p style=\"text-align: justify;\">Los pesquisas no determinaron a\u00fan si el asesino coloc\u00f3 all\u00ed su cuerpo cuando la ba\u00f1adera estaba llena o si abri\u00f3 el grifo luego para cubrir el cuerpo de agua. La polic\u00eda trabaj\u00f3 en el lugar en busca de evidencias y el Fiscal Garay dispuso el secreto de sumario con intenciones de llevar adelante algunas diligencias que permitan r\u00e1pidamente identificar al atacante.<\/p>\n","protected":false},"excerpt":{"rendered":"<p>La autopsia revel\u00f3 que Micaela Blasco, la joven que apareci\u00f3 con un cable alrededor de su cuello, fue introducida en la ba\u00f1adera en estado de inconsciencia tras ser estrangulada. Micaela Blasco, la joven de 20 a\u00f1os hallada asesinada ayer en su departamento del microcentro de Mendoza, muri\u00f3 por asfixia por inmersi\u00f3n en la ba\u00f1adera, donde&hellip;<\/p>\n","protected":false},"author":1,"featured_media":0,"comment_status":"open","ping_status":"open","sticky":false,"template":"","format":"standard","meta":{"footnotes":""},"categories":[22],"tags":[2045,12069,1655,5816,323,571,12068,30],"class_list":["post-25633","post","type-post","status-publish","format-standard","hentry","category-policiales","tag-autopsia","tag-banadera","tag-cable","tag-cuello","tag-joven","tag-mendoza","tag-micaela-blasco","tag-policia"],"_links":{"self":[{"href":"https:\/\/www.elsindical.com.ar\/notas\/wp-json\/wp\/v2\/posts\/25633","targetHints":{"allow":["GET"]}}],"collection":[{"href":"https:\/\/www.elsindical.com.ar\/notas\/wp-json\/wp\/v2\/posts"}],"about":[{"href":"https:\/\/www.elsindical.com.ar\/notas\/wp-json\/wp\/v2\/types\/post"}],"author":[{"embeddable":true,"href":"https:\/\/www.elsindical.com.ar\/notas\/wp-json\/wp\/v2\/users\/1"}],"replies":[{"embeddable":true,"href":"https:\/\/www.elsindical.com.ar\/notas\/wp-json\/wp\/v2\/comments?post=25633"}],"version-history":[{"count":2,"href":"https:\/\/www.elsindical.com.ar\/notas\/wp-json\/wp\/v2\/posts\/25633\/revisions"}],"predecessor-version":[{"id":25636,"href":"https:\/\/www.elsindical.com.ar\/notas\/wp-json\/wp\/v2\/posts\/25633\/revisions\/25636"}],"wp:attachment":[{"href":"https:\/\/www.elsindical.com.ar\/notas\/wp-json\/wp\/v2\/media?parent=25633"}],"wp:term":[{"taxonomy":"category","embeddable":true,"href":"https:\/\/www.elsindical.com.ar\/notas\/wp-json\/wp\/v2\/categories?post=25633"},{"taxonomy":"post_tag","embeddable":true,"href":"https:\/\/www.elsindical.com.ar\/notas\/wp-json\/wp\/v2\/tags?post=25633"}],"curies":[{"name":"wp","href":"https:\/\/api.w.org\/{rel}","templated":true}]}}