{"id":25629,"date":"2012-07-19T15:42:11","date_gmt":"2012-07-19T18:42:11","guid":{"rendered":"http:\/\/www.elsindical.com.ar\/notas\/?p=25629"},"modified":"2012-07-19T15:42:33","modified_gmt":"2012-07-19T18:42:33","slug":"buscan-a-aldana-magali-flores","status":"publish","type":"post","link":"https:\/\/www.elsindical.com.ar\/notas\/buscan-a-aldana-magali-flores\/","title":{"rendered":"Buscan a Aldana Magal\u00ed Flores"},"content":{"rendered":"<div id=\"id_5008511ce3b9d9081924953\" style=\"text-align: justify;\"><em><a href=\"http:\/\/www.elsindical.com.ar\/notas\/var\/www\/html\/notas\/wp-content\/uploads\/2012\/07\/Aldana-Magal\u00ed-Flores.jpg\"><img loading=\"lazy\" decoding=\"async\" class=\"alignleft size-medium wp-image-25630\" title=\"Aldana-Magal\u00ed-Flores\" src=\"http:\/\/www.elsindical.com.ar\/notas\/var\/www\/html\/notas\/wp-content\/uploads\/2012\/07\/Aldana-Magal\u00ed-Flores-294x300.jpg\" alt=\"\" width=\"294\" height=\"300\" srcset=\"https:\/\/www.elsindical.com.ar\/notas\/var\/www\/html\/notas\/wp-content\/uploads\/2012\/07\/Aldana-Magal\u00ed-Flores-294x300.jpg 294w, https:\/\/www.elsindical.com.ar\/notas\/var\/www\/html\/notas\/wp-content\/uploads\/2012\/07\/Aldana-Magal\u00ed-Flores.jpg 443w\" sizes=\"auto, (max-width: 294px) 100vw, 294px\" \/><\/a>Aldana fue vista por \u00faltima vez en Caseros. Algunos testigos aseguran que la vieron en Fuerte Apache.<\/em><\/div>\n<div style=\"text-align: justify;\">La joven viv\u00eda con sus padres pero aparentemente estar\u00eda en pareja con un joven que tiene antecedentes.\u00a0La menor\u00a0de 15 a\u00f1os que vive en la localidad bonaerense de Caseros desapareci\u00f3 el viernes pasado y hasta el momento su familia no tiene datos acerca de su paradero.<\/div>\n<div style=\"text-align: justify;\">Se trata de Aldana Magal\u00ed Flores, quien figura en la n\u00f3mina de chicos buscados por Missing Children. Aldana fue vista por \u00faltima vez el viernes \u00faltimo, cuando sali\u00f3 de su casa. Seg\u00fan contaron familiares, en los \u00faltimos d\u00edas recibieron dos llamados que indicar\u00edan que la joven podr\u00eda estar en Fuerte Apache, donde vive su presunta pareja. \u201cEl chico tiene antecedentes\u00bb, dijo Guido Del Pino, el hermano de la chica. \u00abLo que no sabemos es si est\u00e1 bien o si la tiene contra su voluntad; no sabemos que pensar\u00bb, ampli\u00f3 en di\u00e1logo con los medios de prensa.<\/div>\n<div style=\"text-align: justify;\">\u00abLa \u00faltima novedad que tenemos es que ayer la vieron en Fuerte Apache. Fuimos con la polic\u00eda de inmediato pero no la pudimos ubicar\u00bb, record\u00f3.\u00a0 Los familiares realizaron la denuncia por averiguaci\u00f3n de paradero en la comisar\u00eda de Villa Pineral, pero hasta el momento no recibieron novedades.<\/div>\n","protected":false},"excerpt":{"rendered":"<p>Aldana fue vista por \u00faltima vez en Caseros. Algunos testigos aseguran que la vieron en Fuerte Apache. La joven viv\u00eda con sus padres pero aparentemente estar\u00eda en pareja con un joven que tiene antecedentes.\u00a0La menor\u00a0de 15 a\u00f1os que vive en la localidad bonaerense de Caseros desapareci\u00f3 el viernes pasado y hasta el momento su familia&hellip;<\/p>\n","protected":false},"author":1,"featured_media":0,"comment_status":"open","ping_status":"open","sticky":false,"template":"","format":"standard","meta":{"footnotes":""},"categories":[26],"tags":[12067,1550,2913,157,9535,10491,3597,1812,30],"class_list":["post-25629","post","type-post","status-publish","format-standard","hentry","category-solidaridad","tag-aldana-magali-flores","tag-antecedentes","tag-caseros","tag-familiares","tag-fuerte-apache","tag-missing-children","tag-novio","tag-paradero","tag-policia"],"_links":{"self":[{"href":"https:\/\/www.elsindical.com.ar\/notas\/wp-json\/wp\/v2\/posts\/25629","targetHints":{"allow":["GET"]}}],"collection":[{"href":"https:\/\/www.elsindical.com.ar\/notas\/wp-json\/wp\/v2\/posts"}],"about":[{"href":"https:\/\/www.elsindical.com.ar\/notas\/wp-json\/wp\/v2\/types\/post"}],"author":[{"embeddable":true,"href":"https:\/\/www.elsindical.com.ar\/notas\/wp-json\/wp\/v2\/users\/1"}],"replies":[{"embeddable":true,"href":"https:\/\/www.elsindical.com.ar\/notas\/wp-json\/wp\/v2\/comments?post=25629"}],"version-history":[{"count":2,"href":"https:\/\/www.elsindical.com.ar\/notas\/wp-json\/wp\/v2\/posts\/25629\/revisions"}],"predecessor-version":[{"id":25632,"href":"https:\/\/www.elsindical.com.ar\/notas\/wp-json\/wp\/v2\/posts\/25629\/revisions\/25632"}],"wp:attachment":[{"href":"https:\/\/www.elsindical.com.ar\/notas\/wp-json\/wp\/v2\/media?parent=25629"}],"wp:term":[{"taxonomy":"category","embeddable":true,"href":"https:\/\/www.elsindical.com.ar\/notas\/wp-json\/wp\/v2\/categories?post=25629"},{"taxonomy":"post_tag","embeddable":true,"href":"https:\/\/www.elsindical.com.ar\/notas\/wp-json\/wp\/v2\/tags?post=25629"}],"curies":[{"name":"wp","href":"https:\/\/api.w.org\/{rel}","templated":true}]}}