{"id":25624,"date":"2012-07-19T15:03:19","date_gmt":"2012-07-19T18:03:19","guid":{"rendered":"http:\/\/www.elsindical.com.ar\/notas\/?p=25624"},"modified":"2012-07-19T15:03:19","modified_gmt":"2012-07-19T18:03:19","slug":"maria-belen-perez-maurice-de-modelo-a-esgrimista-olimpica-en-londres","status":"publish","type":"post","link":"https:\/\/www.elsindical.com.ar\/notas\/maria-belen-perez-maurice-de-modelo-a-esgrimista-olimpica-en-londres\/","title":{"rendered":"Mar\u00eda Bel\u00e9n P\u00e9rez Maurice, de modelo a esgrimista ol\u00edmpica en Londres"},"content":{"rendered":"<p style=\"text-align: justify;\"><em><a href=\"http:\/\/www.elsindical.com.ar\/notas\/var\/www\/html\/notas\/wp-content\/uploads\/2012\/07\/Maria-Belen-Perez-Maurice.jpg\"><img loading=\"lazy\" decoding=\"async\" class=\"alignleft size-medium wp-image-25625\" title=\"Maria-Belen-Perez-Maurice\" src=\"http:\/\/www.elsindical.com.ar\/notas\/var\/www\/html\/notas\/wp-content\/uploads\/2012\/07\/Maria-Belen-Perez-Maurice-300x199.jpg\" alt=\"\" width=\"300\" height=\"199\" srcset=\"https:\/\/www.elsindical.com.ar\/notas\/var\/www\/html\/notas\/wp-content\/uploads\/2012\/07\/Maria-Belen-Perez-Maurice-300x199.jpg 300w, https:\/\/www.elsindical.com.ar\/notas\/var\/www\/html\/notas\/wp-content\/uploads\/2012\/07\/Maria-Belen-Perez-Maurice.jpg 443w\" sizes=\"auto, (max-width: 300px) 100vw, 300px\" \/><\/a>En 2009, <strong>Mar\u00eda Bel\u00e9n P\u00e9rez Maurice<\/strong> era parte de una escuela de modelos que decidi\u00f3 abandonar para dedicarse al esgrima. Es, adem\u00e1s, soldado voluntaria y logr\u00f3 una hist\u00f3rica clasificaci\u00f3n a Londres. <strong>De las pasarelas al Parque Ol\u00edmpico<\/strong>.<\/em><\/p>\n<p style=\"text-align: justify;\">Mar\u00eda Bel\u00e9n P\u00e9rez Maurice naci\u00f3 en San Nicol\u00e1s el 12 de julio de 1985, es estudiante de la carrera de ingenier\u00eda en alimentos, soldado voluntaria y tambi\u00e9n fue modelo, carrera que dej\u00f3 para dedicarse al esgrima y llegar as\u00ed a una hist\u00f3rica clasificaci\u00f3n a los Juegos Ol\u00edmpicos, al lograrla por primera vez desde Par\u00eds 1900 por ranking oficial.<\/p>\n<p style=\"text-align: justify;\">\u00abEste logro es la consecuencia de un trabajo muy arduo que hice con mi entrenador Lucas Saucedo durante el \u00faltimo a\u00f1o y que tuvo un gran respaldo en el ENARD, porque me permiti\u00f3 concretar viajes impensados para mi como ir a competir a Islandia. Ese roce internacional fue decisivo a la hora de medirme a nivel contenta por ejemplo, como en el Panamericano\u00bb, cont\u00f3 la ex modelo.<\/p>\n<p style=\"text-align: justify;\">P\u00e9rez Maurice fue la imagen de varias marcas reconocidas cuando form\u00f3 parte en 2009 de una escuela de modelos.<\/p>\n<p style=\"text-align: justify;\">La deportista porte\u00f1a, surgida del Centro Naval, representa al Ej\u00e9rcito en algunas competencias como parte del soporte econ\u00f3mico que le permite viajar para formar parte de las competencias.<\/p>\n<p style=\"text-align: justify;\">Su presencia en Londres mantendr\u00e1 intacta la tradici\u00f3n argentina de contar con al menos un esgrimista en cada competencia ol\u00edmpica, como sucede desde 1900.<\/p>\n<p style=\"text-align: justify;\"><strong>El camino a Londres<\/strong><\/p>\n<p style=\"text-align: justify;\">Mar\u00eda Bel\u00e9n P\u00e9rez Maurice obtuvo la calificaci\u00f3n para participar en los Juegos de la XXX Olimp\u00edada Londres 2012 tras quedar entre las 8 primeras de la clasificaci\u00f3n individual por zona de la Clasificaci\u00f3n Oficial Ajustada (C.O.A.) en Mosc\u00fa y ser\u00e1 la \u00fanica tiradora del pa\u00eds.<\/p>\n<p style=\"text-align: justify;\">As\u00ed, por primera vez en la historia de este deporte en la Argentina, una esgrimista logr\u00f3 la clasificaci\u00f3n por su puntaje en la Clasificaci\u00f3n Oficial de la Federaci\u00f3n Internacional de Esgrima.<\/p>\n<p style=\"text-align: justify;\"><a href=\"http:\/\/www.elsindical.com.ar\/notas\/var\/www\/html\/notas\/wp-content\/uploads\/2012\/07\/Maria-Belen-Perez-Maurice-modelo.jpg\"><img loading=\"lazy\" decoding=\"async\" class=\"alignleft size-medium wp-image-25626\" title=\"Maria-Belen-Perez-Maurice-modelo\" src=\"http:\/\/www.elsindical.com.ar\/notas\/var\/www\/html\/notas\/wp-content\/uploads\/2012\/07\/Maria-Belen-Perez-Maurice-modelo-300x150.jpg\" alt=\"\" width=\"300\" height=\"150\" srcset=\"https:\/\/www.elsindical.com.ar\/notas\/var\/www\/html\/notas\/wp-content\/uploads\/2012\/07\/Maria-Belen-Perez-Maurice-modelo-300x150.jpg 300w, https:\/\/www.elsindical.com.ar\/notas\/var\/www\/html\/notas\/wp-content\/uploads\/2012\/07\/Maria-Belen-Perez-Maurice-modelo.jpg 502w\" sizes=\"auto, (max-width: 300px) 100vw, 300px\" \/><\/a><\/p>\n","protected":false},"excerpt":{"rendered":"<p>En 2009, Mar\u00eda Bel\u00e9n P\u00e9rez Maurice era parte de una escuela de modelos que decidi\u00f3 abandonar para dedicarse al esgrima. Es, adem\u00e1s, soldado voluntaria y logr\u00f3 una hist\u00f3rica clasificaci\u00f3n a Londres. De las pasarelas al Parque Ol\u00edmpico. Mar\u00eda Bel\u00e9n P\u00e9rez Maurice naci\u00f3 en San Nicol\u00e1s el 12 de julio de 1985, es estudiante de la&hellip;<\/p>\n","protected":false},"author":1,"featured_media":0,"comment_status":"open","ping_status":"open","sticky":false,"template":"","format":"standard","meta":{"footnotes":""},"categories":[7],"tags":[12066,1974,12063,533,12064,1162,12065],"class_list":["post-25624","post","type-post","status-publish","format-standard","hentry","category-deportes","tag-esgrimista","tag-londres","tag-maria-belez-perez-maurice","tag-modelo","tag-parque-olimpico","tag-san-nicolas","tag-soldado-voluntaria"],"_links":{"self":[{"href":"https:\/\/www.elsindical.com.ar\/notas\/wp-json\/wp\/v2\/posts\/25624","targetHints":{"allow":["GET"]}}],"collection":[{"href":"https:\/\/www.elsindical.com.ar\/notas\/wp-json\/wp\/v2\/posts"}],"about":[{"href":"https:\/\/www.elsindical.com.ar\/notas\/wp-json\/wp\/v2\/types\/post"}],"author":[{"embeddable":true,"href":"https:\/\/www.elsindical.com.ar\/notas\/wp-json\/wp\/v2\/users\/1"}],"replies":[{"embeddable":true,"href":"https:\/\/www.elsindical.com.ar\/notas\/wp-json\/wp\/v2\/comments?post=25624"}],"version-history":[{"count":1,"href":"https:\/\/www.elsindical.com.ar\/notas\/wp-json\/wp\/v2\/posts\/25624\/revisions"}],"predecessor-version":[{"id":25627,"href":"https:\/\/www.elsindical.com.ar\/notas\/wp-json\/wp\/v2\/posts\/25624\/revisions\/25627"}],"wp:attachment":[{"href":"https:\/\/www.elsindical.com.ar\/notas\/wp-json\/wp\/v2\/media?parent=25624"}],"wp:term":[{"taxonomy":"category","embeddable":true,"href":"https:\/\/www.elsindical.com.ar\/notas\/wp-json\/wp\/v2\/categories?post=25624"},{"taxonomy":"post_tag","embeddable":true,"href":"https:\/\/www.elsindical.com.ar\/notas\/wp-json\/wp\/v2\/tags?post=25624"}],"curies":[{"name":"wp","href":"https:\/\/api.w.org\/{rel}","templated":true}]}}