{"id":25592,"date":"2012-07-18T12:54:23","date_gmt":"2012-07-18T15:54:23","guid":{"rendered":"http:\/\/www.elsindical.com.ar\/notas\/?p=25592"},"modified":"2012-07-18T12:54:23","modified_gmt":"2012-07-18T15:54:23","slug":"monte-grandeasaltaron-y-golpearon-a-la-secretaria-de-un-fiscal","status":"publish","type":"post","link":"https:\/\/www.elsindical.com.ar\/notas\/monte-grandeasaltaron-y-golpearon-a-la-secretaria-de-un-fiscal\/","title":{"rendered":"Monte Grande:Asaltaron y golpearon a la secretaria de un fiscal"},"content":{"rendered":"<p style=\"text-align: justify;\"><em><a href=\"http:\/\/www.elsindical.com.ar\/notas\/var\/www\/html\/notas\/wp-content\/uploads\/2010\/08\/Tribunales-de-Lomas-de-Zamo.jpg\"><img loading=\"lazy\" decoding=\"async\" class=\"alignleft size-medium wp-image-9102\" title=\"Tribunales-de-Lomas-de-Zamo\" src=\"http:\/\/www.elsindical.com.ar\/notas\/var\/www\/html\/notas\/wp-content\/uploads\/2010\/08\/Tribunales-de-Lomas-de-Zamo-300x172.jpg\" alt=\"\" width=\"300\" height=\"172\" srcset=\"https:\/\/www.elsindical.com.ar\/notas\/var\/www\/html\/notas\/wp-content\/uploads\/2010\/08\/Tribunales-de-Lomas-de-Zamo-300x172.jpg 300w, https:\/\/www.elsindical.com.ar\/notas\/var\/www\/html\/notas\/wp-content\/uploads\/2010\/08\/Tribunales-de-Lomas-de-Zamo.jpg 413w\" sizes=\"auto, (max-width: 300px) 100vw, 300px\" \/><\/a>La v\u00edctima del robo fue Carina Mar\u00eda Adela\u00a0Galczynski(36) que trabaja como ayudante del fiscal en la Unidad Funcional de Instrucci\u00f3n (UFI) 1 del Departamento Judicial de Lomas de Zamora. La mujer fue interceptada por un grupo de delincuentes ayer, a las 20:00, cuando llegaba a su casa ubicada sobre la calle 12 de Octubre al 400. Los asaltantes entraron, <strong>la golpearon, la encerraron en un ba\u00f1o<\/strong> y luego huyeron con dinero, electrom\u00e9sticos, y otras cosas de valor.<\/em><\/p>\n<p style=\"text-align: justify;\">En medio del sostenido reclamo de los vecinos y tras el asesinato de un comerciante hace pocos d\u00edas, otro hecho delictivo preocupa a los habitantes de Esteban Echeverr\u00eda, dado que la secretaria de un fiscal fue asaltada a noche en otro caso de \u201centradera\u201d.<\/p>\n<p style=\"text-align: justify;\">La v\u00edctima del robo fue Carina Galczynski (36), quien se desempe\u00f1a como secretaria con funciones de ayudante de Fiscal en la Unidad Funcional de Instrucci\u00f3n (UFI) 1 descentralizada de Ezeiza.<\/p>\n<p style=\"text-align: justify;\">Fuentes policiales indicaron que el hecho ocurri\u00f3 alrededor de las 20:00 de anoche, cuando Galczynski llegaba en su Renault Cl\u00edo a su casa de la calle 12 de Octubre al 400, de Monte Grande.<\/p>\n<p style=\"text-align: justify;\">La secretaria judicial entr\u00f3 al garaje con el auto y dos delincuentes aprovecharon a colarse antes de que el port\u00f3n electr\u00f3nico terminara de cerrarse.<\/p>\n<p style=\"text-align: justify;\">Los ladrones le aplicaron a Galczynski un culatazo en la cabeza y le pidieron dinero, joyas y todos sus efectos de valor. Si bien en la casa la v\u00edctima vive con sus dos hijas, al momento del hecho no hab\u00eda nadie porque las menores estaban en el cine con su padre. Galczynski fue encerrada en un ba\u00f1o mientras los delincuentes revolvieron toda la casa y le robaron 4 mil pesos en efectivo, un LCD de 32 pulgadas, un reproductor de DVD, zapatillas de marca y ropa.<\/p>\n<p style=\"text-align: justify;\">Los asaltantes escaparon sin robarle el auto, por lo que se cree que actu\u00f3 un c\u00f3mplice de apoyo que lleg\u00f3 en alg\u00fan veh\u00edculo para cargar el bot\u00edn. Los ladrones escaparon sin que hasta esta ma\u00f1ana hayan sido detenidos ni identificados. El hecho es investigado por el Fiscal de Lomas de Zamora, Jos\u00e9 Luis Ju\u00e1rez.<\/p>\n","protected":false},"excerpt":{"rendered":"<p>La v\u00edctima del robo fue Carina Mar\u00eda Adela\u00a0Galczynski(36) que trabaja como ayudante del fiscal en la Unidad Funcional de Instrucci\u00f3n (UFI) 1 del Departamento Judicial de Lomas de Zamora. La mujer fue interceptada por un grupo de delincuentes ayer, a las 20:00, cuando llegaba a su casa ubicada sobre la calle 12 de Octubre al&hellip;<\/p>\n","protected":false},"author":1,"featured_media":0,"comment_status":"open","ping_status":"open","sticky":false,"template":"","format":"standard","meta":{"footnotes":""},"categories":[22],"tags":[12052,123,4768,4878,1413,744,116,4729,9992],"class_list":["post-25592","post","type-post","status-publish","format-standard","hentry","category-policiales","tag-carina-maria-adela-galczynski","tag-dinero","tag-electrodomesticos","tag-hijas","tag-joyas","tag-lomas-de-zamora","tag-robo","tag-ropa","tag-ufi-1"],"_links":{"self":[{"href":"https:\/\/www.elsindical.com.ar\/notas\/wp-json\/wp\/v2\/posts\/25592","targetHints":{"allow":["GET"]}}],"collection":[{"href":"https:\/\/www.elsindical.com.ar\/notas\/wp-json\/wp\/v2\/posts"}],"about":[{"href":"https:\/\/www.elsindical.com.ar\/notas\/wp-json\/wp\/v2\/types\/post"}],"author":[{"embeddable":true,"href":"https:\/\/www.elsindical.com.ar\/notas\/wp-json\/wp\/v2\/users\/1"}],"replies":[{"embeddable":true,"href":"https:\/\/www.elsindical.com.ar\/notas\/wp-json\/wp\/v2\/comments?post=25592"}],"version-history":[{"count":2,"href":"https:\/\/www.elsindical.com.ar\/notas\/wp-json\/wp\/v2\/posts\/25592\/revisions"}],"predecessor-version":[{"id":25594,"href":"https:\/\/www.elsindical.com.ar\/notas\/wp-json\/wp\/v2\/posts\/25592\/revisions\/25594"}],"wp:attachment":[{"href":"https:\/\/www.elsindical.com.ar\/notas\/wp-json\/wp\/v2\/media?parent=25592"}],"wp:term":[{"taxonomy":"category","embeddable":true,"href":"https:\/\/www.elsindical.com.ar\/notas\/wp-json\/wp\/v2\/categories?post=25592"},{"taxonomy":"post_tag","embeddable":true,"href":"https:\/\/www.elsindical.com.ar\/notas\/wp-json\/wp\/v2\/tags?post=25592"}],"curies":[{"name":"wp","href":"https:\/\/api.w.org\/{rel}","templated":true}]}}