{"id":25546,"date":"2012-07-16T22:39:12","date_gmt":"2012-07-17T01:39:12","guid":{"rendered":"http:\/\/www.elsindical.com.ar\/notas\/?p=25546"},"modified":"2012-07-16T22:39:12","modified_gmt":"2012-07-17T01:39:12","slug":"anibal-f-estallo-tras-ser-comparado-con-su-imitador","status":"publish","type":"post","link":"https:\/\/www.elsindical.com.ar\/notas\/anibal-f-estallo-tras-ser-comparado-con-su-imitador\/","title":{"rendered":"An\u00edbal F. estall\u00f3 tras ser comparado con su imitador"},"content":{"rendered":"<p style=\"text-align: justify;\"><em><a href=\"http:\/\/www.elsindical.com.ar\/notas\/var\/www\/html\/notas\/wp-content\/uploads\/2012\/07\/Twitter-An\u00edbal-Fern\u00e1ndez-y-Marcelo-Parrilli.jpg\"><img loading=\"lazy\" decoding=\"async\" class=\"alignleft size-medium wp-image-25547\" title=\"Twitter-An\u00edbal-Fern\u00e1ndez--y-Marcelo-Parrilli\" src=\"http:\/\/www.elsindical.com.ar\/notas\/var\/www\/html\/notas\/wp-content\/uploads\/2012\/07\/Twitter-An\u00edbal-Fern\u00e1ndez-y-Marcelo-Parrilli-300x205.jpg\" alt=\"\" width=\"300\" height=\"205\" srcset=\"https:\/\/www.elsindical.com.ar\/notas\/var\/www\/html\/notas\/wp-content\/uploads\/2012\/07\/Twitter-An\u00edbal-Fern\u00e1ndez-y-Marcelo-Parrilli-300x205.jpg 300w, https:\/\/www.elsindical.com.ar\/notas\/var\/www\/html\/notas\/wp-content\/uploads\/2012\/07\/Twitter-An\u00edbal-Fern\u00e1ndez-y-Marcelo-Parrilli.jpg 443w\" sizes=\"auto, (max-width: 300px) 100vw, 300px\" \/><\/a>El ex legislador Marcelo Parrilli dijo que el original era \u00ab<strong>m\u00e1s rastrero y alcahuete<\/strong>\u00bb que su parodia en el programa de Lanata.<\/em><\/p>\n<p style=\"text-align: justify;\">Un nuevo enfrentamiento en la red social Twitter tuvo a <strong>An\u00edbal Fern\u00e1ndez <\/strong>como protagonista. Tampoco falt\u00f3 la posterior eliminaci\u00f3n del duro mensaje en su <em>timeline<\/em>. En este caso, el senador kirchnerista respondi\u00f3 a una cr\u00edtica de grueso calibre por parte del ex legislador porte\u00f1o <strong>Marcelo Parrilli<\/strong>.<\/p>\n<p style=\"text-align: justify;\">Parrilli, abogado y miembro del Movimiento Socialista de los Trabajadores (MST), compar\u00f3 al <strong>imitador <\/strong>de An\u00edbal Fern\u00e1ndez del programa <em>Periodismo para Todos<\/em> con el ex jefe de Gabinete. \u00abCreo que es <strong>m\u00e1s <\/strong><strong>rastrero y alcahuete<\/strong> el @fernandezanibal real que el que parodia Lanata\u00bb, afirm\u00f3 en su cuenta de Twitter.<\/p>\n<p style=\"text-align: justify;\">No tard\u00f3 en llegar la r\u00e9plica por parte del autor de <em>Zonceras Argentinas<\/em>. \u00ab@ParrilliMarcelo Es in\u00fatil&#8230; <strong>Cada d\u00eda est\u00e1s mas pelotudo&#8230;<\/strong>\u00ab, respondi\u00f3 An\u00edbal Fern\u00e1ndez ayer desde su cuenta, pero el mensaje fue eliminado posteriormente.<\/p>\n<p style=\"text-align: justify;\">\u00ab@FernandezAnibal callate <strong>delincuente <\/strong>hijo de remilputas\u00bb, respondi\u00f3 igualmente encolerizado el ex diputado porte\u00f1o. En su defensa, y ante las quejas de sus seguidores, Parrilli se defendi\u00f3 alegando que \u00aba ese sorete hay que contestarle as\u00ed sino no entiende\u00bb. Y agreg\u00f3 para despejar cualquier duda de los lectores de sus tweets: \u00abA los hijos de remilputas delincuentes como este hay que marcarlos a fuego\u00bb.<\/p>\n<p style=\"text-align: justify;\">Por \u00faltimo, y sin ninguna otra respuesta por parte del senador Fern\u00e1ndez, Parrilli concluy\u00f3: \u00abNo debemos aceptar que los <strong>delincuentes k<\/strong> como @fernandezanibal nos maltraten, hay que contestarles en el nivel de di\u00e1logo que plantean\u00bb.<\/p>\n","protected":false},"excerpt":{"rendered":"<p>El ex legislador Marcelo Parrilli dijo que el original era \u00abm\u00e1s rastrero y alcahuete\u00bb que su parodia en el programa de Lanata. Un nuevo enfrentamiento en la red social Twitter tuvo a An\u00edbal Fern\u00e1ndez como protagonista. Tampoco falt\u00f3 la posterior eliminaci\u00f3n del duro mensaje en su timeline. En este caso, el senador kirchnerista respondi\u00f3 a&hellip;<\/p>\n","protected":false},"author":1,"featured_media":0,"comment_status":"open","ping_status":"open","sticky":false,"template":"","format":"standard","meta":{"footnotes":""},"categories":[13],"tags":[501,130,11277,12029,4139,3011,1624],"class_list":["post-25546","post","type-post","status-publish","format-standard","hentry","category-politica","tag-abogado","tag-anibal-fernandez","tag-comentarios","tag-lanata","tag-marcelo-parrilli","tag-senador","tag-twitter"],"_links":{"self":[{"href":"https:\/\/www.elsindical.com.ar\/notas\/wp-json\/wp\/v2\/posts\/25546","targetHints":{"allow":["GET"]}}],"collection":[{"href":"https:\/\/www.elsindical.com.ar\/notas\/wp-json\/wp\/v2\/posts"}],"about":[{"href":"https:\/\/www.elsindical.com.ar\/notas\/wp-json\/wp\/v2\/types\/post"}],"author":[{"embeddable":true,"href":"https:\/\/www.elsindical.com.ar\/notas\/wp-json\/wp\/v2\/users\/1"}],"replies":[{"embeddable":true,"href":"https:\/\/www.elsindical.com.ar\/notas\/wp-json\/wp\/v2\/comments?post=25546"}],"version-history":[{"count":2,"href":"https:\/\/www.elsindical.com.ar\/notas\/wp-json\/wp\/v2\/posts\/25546\/revisions"}],"predecessor-version":[{"id":25549,"href":"https:\/\/www.elsindical.com.ar\/notas\/wp-json\/wp\/v2\/posts\/25546\/revisions\/25549"}],"wp:attachment":[{"href":"https:\/\/www.elsindical.com.ar\/notas\/wp-json\/wp\/v2\/media?parent=25546"}],"wp:term":[{"taxonomy":"category","embeddable":true,"href":"https:\/\/www.elsindical.com.ar\/notas\/wp-json\/wp\/v2\/categories?post=25546"},{"taxonomy":"post_tag","embeddable":true,"href":"https:\/\/www.elsindical.com.ar\/notas\/wp-json\/wp\/v2\/tags?post=25546"}],"curies":[{"name":"wp","href":"https:\/\/api.w.org\/{rel}","templated":true}]}}