{"id":25526,"date":"2012-07-16T11:10:20","date_gmt":"2012-07-16T14:10:20","guid":{"rendered":"http:\/\/www.elsindical.com.ar\/notas\/?p=25526"},"modified":"2012-07-16T11:11:06","modified_gmt":"2012-07-16T14:11:06","slug":"floresfalsos-pasajeros-secuestran-y-roban-a-remisero","status":"publish","type":"post","link":"https:\/\/www.elsindical.com.ar\/notas\/floresfalsos-pasajeros-secuestran-y-roban-a-remisero\/","title":{"rendered":"Flores:Falsos pasajeros secuestran y roban a remisero"},"content":{"rendered":"<p style=\"text-align: justify;\"><em><a href=\"http:\/\/www.elsindical.com.ar\/notas\/var\/www\/html\/notas\/wp-content\/uploads\/2012\/07\/remiseria-de-Flores.jpg\"><img loading=\"lazy\" decoding=\"async\" class=\"alignleft size-medium wp-image-25527\" title=\"remiseria-de-Flores\" src=\"http:\/\/www.elsindical.com.ar\/notas\/var\/www\/html\/notas\/wp-content\/uploads\/2012\/07\/remiseria-de-Flores-300x225.jpg\" alt=\"\" width=\"300\" height=\"225\" srcset=\"https:\/\/www.elsindical.com.ar\/notas\/var\/www\/html\/notas\/wp-content\/uploads\/2012\/07\/remiseria-de-Flores-300x225.jpg 300w, https:\/\/www.elsindical.com.ar\/notas\/var\/www\/html\/notas\/wp-content\/uploads\/2012\/07\/remiseria-de-Flores.jpg 325w\" sizes=\"auto, (max-width: 300px) 100vw, 300px\" \/><\/a>La v\u00edctima, identificada como Marcelo, de 31 a\u00f1os, trabaja hace apenas dos meses en la agencia Lucas, de la avenida Nazca, a metros de Juan B. Justo. Fue encerrado en el ba\u00fal del auto, pero a 40 cuadras de donde lo capturaron logr\u00f3 liberarse y arrojarse a la calle.<\/em><\/p>\n<p style=\"text-align: justify;\">Un remisero logr\u00f3 escapar al arrojarse desde el ba\u00fal de su propio auto en movimiento, donde fue llevado secuestrado a lo largo de m\u00e1s de 40 cuadras por dos delincuentes, que lo atacaron tras hacerse pasar como pasajeros.<\/p>\n<p style=\"text-align: justify;\">El episodio se extendi\u00f3 entre los barrios porte\u00f1os de Flores y Monte Castro, donde finalmente el remisero recuper\u00f3 la libertad.<\/p>\n<p style=\"text-align: justify;\">El incidente, que termin\u00f3 con los dos asaltantes pr\u00f3fugos, el auto recuperado y el remisero golpeado -aunque sin heridas graves-, se produjo el s\u00e1bado pasado por la madrugada, seg\u00fan trascendi\u00f3 esta ma\u00f1ana.<\/p>\n<p style=\"text-align: justify;\">Todo se inici\u00f3 cuando el remisero, un hombre de 31 a\u00f1os que desde hace dos meses comenz\u00f3 a trabajar como chofer de una remiser\u00eda situada en la avenida Nazca, cerca de Juan B. Justo, en un Ford Escort modelo 2008 perteneciente a su cu\u00f1ado, tom\u00f3 a dos pasajeros que pidieron ser trasladados hasta la estaci\u00f3n de Liniers.<\/p>\n<p style=\"text-align: justify;\">Poco despu\u00e9s los pasajeros revelaron sus verdaderas intenciones y lo amenazaron con armas de fuego, con fines de robo, para luego obligarlo a introducirse en el ba\u00fal del veh\u00edculo.<\/p>\n<p style=\"text-align: justify;\">\u00abA vos no te vamos a hacer nada, s\u00f3lo queremos el auto\u00bb, le dijo uno de los asaltantes.<\/p>\n<p style=\"text-align: justify;\">Poco despu\u00e9s, cuando circulaba por Lope de Vega y Miranda, el chofer logr\u00f3 abrir el ba\u00fal, cuando el auto hab\u00eda aminorado su marcha, y tras caer al asfalto, fue socorrido por un empleado de una estaci\u00f3n de servicio cercana al lugar.<\/p>\n<p style=\"text-align: justify;\">Los delincuentes se percataron de la situaci\u00f3n, pero prefirieron dejar al remisero y escapar con el autom\u00f3vil y con un bot\u00edn de 400 pesos, adem\u00e1s del celular del damnificado.<\/p>\n<p style=\"text-align: justify;\">El hombre debi\u00f3 ser asistido en un centro de salud de la zona, por haber sufrido golpes cuando cay\u00f3 del auto, pero sin mayores consecuencias.<\/p>\n<p style=\"text-align: justify;\">El auto robado fue encontrado unas siete horas m\u00e1s tarde, luego de la intervenci\u00f3n de la comisaria 44 de la Polic\u00eda Federal, al 6500 de la avenida Juan B. Justo.<\/p>\n<p style=\"text-align: justify;\">Fotograf\u00eda:26 noticias<\/p>\n","protected":false},"excerpt":{"rendered":"<p>La v\u00edctima, identificada como Marcelo, de 31 a\u00f1os, trabaja hace apenas dos meses en la agencia Lucas, de la avenida Nazca, a metros de Juan B. Justo. Fue encerrado en el ba\u00fal del auto, pero a 40 cuadras de donde lo capturaron logr\u00f3 liberarse y arrojarse a la calle. Un remisero logr\u00f3 escapar al arrojarse&hellip;<\/p>\n","protected":false},"author":1,"featured_media":0,"comment_status":"open","ping_status":"open","sticky":false,"template":"","format":"standard","meta":{"footnotes":""},"categories":[22],"tags":[519,123,1514,1739,1878,402,30,3677,116,503],"class_list":["post-25526","post","type-post","status-publish","format-standard","hentry","category-policiales","tag-celular","tag-dinero","tag-flores","tag-lesiones","tag-liniers","tag-pasajeros","tag-policia","tag-remis","tag-robo","tag-secuestro"],"_links":{"self":[{"href":"https:\/\/www.elsindical.com.ar\/notas\/wp-json\/wp\/v2\/posts\/25526","targetHints":{"allow":["GET"]}}],"collection":[{"href":"https:\/\/www.elsindical.com.ar\/notas\/wp-json\/wp\/v2\/posts"}],"about":[{"href":"https:\/\/www.elsindical.com.ar\/notas\/wp-json\/wp\/v2\/types\/post"}],"author":[{"embeddable":true,"href":"https:\/\/www.elsindical.com.ar\/notas\/wp-json\/wp\/v2\/users\/1"}],"replies":[{"embeddable":true,"href":"https:\/\/www.elsindical.com.ar\/notas\/wp-json\/wp\/v2\/comments?post=25526"}],"version-history":[{"count":2,"href":"https:\/\/www.elsindical.com.ar\/notas\/wp-json\/wp\/v2\/posts\/25526\/revisions"}],"predecessor-version":[{"id":25529,"href":"https:\/\/www.elsindical.com.ar\/notas\/wp-json\/wp\/v2\/posts\/25526\/revisions\/25529"}],"wp:attachment":[{"href":"https:\/\/www.elsindical.com.ar\/notas\/wp-json\/wp\/v2\/media?parent=25526"}],"wp:term":[{"taxonomy":"category","embeddable":true,"href":"https:\/\/www.elsindical.com.ar\/notas\/wp-json\/wp\/v2\/categories?post=25526"},{"taxonomy":"post_tag","embeddable":true,"href":"https:\/\/www.elsindical.com.ar\/notas\/wp-json\/wp\/v2\/tags?post=25526"}],"curies":[{"name":"wp","href":"https:\/\/api.w.org\/{rel}","templated":true}]}}