{"id":25469,"date":"2012-07-13T13:44:09","date_gmt":"2012-07-13T16:44:09","guid":{"rendered":"http:\/\/www.elsindical.com.ar\/notas\/?p=25469"},"modified":"2012-07-13T13:44:09","modified_gmt":"2012-07-13T16:44:09","slug":"florencio-varelaasesinan-a-una-reconocida-medica-pediatra-de-la-zona","status":"publish","type":"post","link":"https:\/\/www.elsindical.com.ar\/notas\/florencio-varelaasesinan-a-una-reconocida-medica-pediatra-de-la-zona\/","title":{"rendered":"Florencio Varela:Asesinan a una reconocida m\u00e9dica pediatra de la zona"},"content":{"rendered":"<p style=\"text-align: justify;\"><em><a href=\"http:\/\/www.elsindical.com.ar\/notas\/var\/www\/html\/notas\/wp-content\/uploads\/2012\/07\/Rosal\u00eda-Keslezr.jpg\"><img loading=\"lazy\" decoding=\"async\" class=\"alignleft size-medium wp-image-25470\" title=\"Rosal\u00eda-Keslezr\" src=\"http:\/\/www.elsindical.com.ar\/notas\/var\/www\/html\/notas\/wp-content\/uploads\/2012\/07\/Rosal\u00eda-Keslezr-300x169.jpg\" alt=\"\" width=\"300\" height=\"169\" srcset=\"https:\/\/www.elsindical.com.ar\/notas\/var\/www\/html\/notas\/wp-content\/uploads\/2012\/07\/Rosal\u00eda-Keslezr-300x169.jpg 300w, https:\/\/www.elsindical.com.ar\/notas\/var\/www\/html\/notas\/wp-content\/uploads\/2012\/07\/Rosal\u00eda-Keslezr.jpg 443w\" sizes=\"auto, (max-width: 300px) 100vw, 300px\" \/><\/a>La m\u00e9dica Rosal\u00eda Keslezr fue hallada estrangulada y semidesnuda en el interior de su casa frente a la estaci\u00f3n de trenes Dante Ardig\u00f3.<\/em><\/p>\n<p style=\"text-align: justify;\">La m\u00e9dica y docente Rosal\u00eda Keslezr fue encontrada estrangulada y semidesnuda en el interior de su casa en Florencio Varela por alguien a quien le franque\u00f3 la entrada y que le rob\u00f3 el auto, un Renault Clio, sobre el que cargaron objetos de valor.<\/p>\n<p style=\"text-align: justify;\">Keslezr, de 60 a\u00f1os, era doctora del Centro de Salud Padre Mujica, profesora en la Escuela 56 de Villa Argentina y viv\u00eda frente a la estaci\u00f3n de trenes de Dante Ardig\u00f3 y con signos de haber sido estrangulada.<\/p>\n<p style=\"text-align: justify;\">Cerca de jubilarse, ayer no fue a trabajar en el horario de la tarde al hospitalito y eso llam\u00f3 la atenci\u00f3n.<\/p>\n<p style=\"text-align: justify;\">El cuerpo fue descubierto por el milante social H\u00e9ctor Vargas, que dialog\u00f3 con el diario Varela al Dia y se\u00f1al\u00f3: \u201cLa estuve llamando toda la tarde al celular porque tenia que hacerle una consulta. No me respondi\u00f3 y el mi\u00e9rcoles a la noche hab\u00eda estado en casa. Me dijo que la llamara, porque iba a estar en el Centro de Salud. Cuando me enter\u00e9 que no fue a trabajar me preocup\u00e9. A las 19:30 fui a su casa y no me atendi\u00f3\u00bb.<\/p>\n<p style=\"text-align: justify;\">\u00abMe llam\u00f3 la atenci\u00f3n que el auto Renault Clio de color gris no estaba en el garaje pero la reja de la puerta de entrada estaba abierta, no asi la puerta. Mir\u00e9 por la ventana del dormitorio y vi que estaba todo desordenado. Ahi me dije que la robaron. Me acerqu\u00e9 a una ventana que da a un pasillo entre el linving y la cocina y ahi estaba la doctora tirada en el piso, boca arriba y con el cuerpo desnudo de la cintura para arriba. Fue terrible. Por mi doctora, amiga y compa\u00f1era. Fui corriendo a la comisaria a dar la novedad\u201d, indic\u00f3.<\/p>\n<p style=\"text-align: justify;\">El cuello de Keslezr ten\u00eda una prenda y muy cerca del cuerpo hab\u00eda un cable de tel\u00e9fono. En el auto robado se llevaron objetos de valor aunque el veh\u00edculo fue encontrado en una zona rural.<\/p>\n","protected":false},"excerpt":{"rendered":"<p>La m\u00e9dica Rosal\u00eda Keslezr fue hallada estrangulada y semidesnuda en el interior de su casa frente a la estaci\u00f3n de trenes Dante Ardig\u00f3. La m\u00e9dica y docente Rosal\u00eda Keslezr fue encontrada estrangulada y semidesnuda en el interior de su casa en Florencio Varela por alguien a quien le franque\u00f3 la entrada y que le rob\u00f3&hellip;<\/p>\n","protected":false},"author":1,"featured_media":0,"comment_status":"open","ping_status":"open","sticky":false,"template":"","format":"standard","meta":{"footnotes":""},"categories":[22],"tags":[1048,1307,1665,30,11995,10070],"class_list":["post-25469","post","type-post","status-publish","format-standard","hentry","category-policiales","tag-asesinada","tag-florencio-varela","tag-medica","tag-policia","tag-rosalia-keslezr","tag-semidesnuda"],"_links":{"self":[{"href":"https:\/\/www.elsindical.com.ar\/notas\/wp-json\/wp\/v2\/posts\/25469","targetHints":{"allow":["GET"]}}],"collection":[{"href":"https:\/\/www.elsindical.com.ar\/notas\/wp-json\/wp\/v2\/posts"}],"about":[{"href":"https:\/\/www.elsindical.com.ar\/notas\/wp-json\/wp\/v2\/types\/post"}],"author":[{"embeddable":true,"href":"https:\/\/www.elsindical.com.ar\/notas\/wp-json\/wp\/v2\/users\/1"}],"replies":[{"embeddable":true,"href":"https:\/\/www.elsindical.com.ar\/notas\/wp-json\/wp\/v2\/comments?post=25469"}],"version-history":[{"count":1,"href":"https:\/\/www.elsindical.com.ar\/notas\/wp-json\/wp\/v2\/posts\/25469\/revisions"}],"predecessor-version":[{"id":25471,"href":"https:\/\/www.elsindical.com.ar\/notas\/wp-json\/wp\/v2\/posts\/25469\/revisions\/25471"}],"wp:attachment":[{"href":"https:\/\/www.elsindical.com.ar\/notas\/wp-json\/wp\/v2\/media?parent=25469"}],"wp:term":[{"taxonomy":"category","embeddable":true,"href":"https:\/\/www.elsindical.com.ar\/notas\/wp-json\/wp\/v2\/categories?post=25469"},{"taxonomy":"post_tag","embeddable":true,"href":"https:\/\/www.elsindical.com.ar\/notas\/wp-json\/wp\/v2\/tags?post=25469"}],"curies":[{"name":"wp","href":"https:\/\/api.w.org\/{rel}","templated":true}]}}