{"id":25452,"date":"2012-07-13T05:45:37","date_gmt":"2012-07-13T08:45:37","guid":{"rendered":"http:\/\/www.elsindical.com.ar\/notas\/?p=25452"},"modified":"2012-07-13T05:45:37","modified_gmt":"2012-07-13T08:45:37","slug":"afip-profundizara-los-controles-en-las-facturas-de-luz-gas-agua-y-telefonia","status":"publish","type":"post","link":"https:\/\/www.elsindical.com.ar\/notas\/afip-profundizara-los-controles-en-las-facturas-de-luz-gas-agua-y-telefonia\/","title":{"rendered":"AFIP profundizar\u00e1 los controles en las facturas de luz, gas, agua y telefon\u00eda"},"content":{"rendered":"<p style=\"text-align: justify;\"><em><a href=\"http:\/\/www.elsindical.com.ar\/notas\/var\/www\/html\/notas\/wp-content\/uploads\/2011\/12\/edificio-AFIP.jpg\"><img loading=\"lazy\" decoding=\"async\" class=\"alignleft size-medium wp-image-19871\" title=\"edificio-AFIP\" src=\"http:\/\/www.elsindical.com.ar\/notas\/var\/www\/html\/notas\/wp-content\/uploads\/2011\/12\/edificio-AFIP-300x178.jpg\" alt=\"\" width=\"300\" height=\"178\" srcset=\"https:\/\/www.elsindical.com.ar\/notas\/var\/www\/html\/notas\/wp-content\/uploads\/2011\/12\/edificio-AFIP-300x178.jpg 300w, https:\/\/www.elsindical.com.ar\/notas\/var\/www\/html\/notas\/wp-content\/uploads\/2011\/12\/edificio-AFIP.jpg 413w\" sizes=\"auto, (max-width: 300px) 100vw, 300px\" \/><\/a>Las empresas que prestan esos servicios tendr\u00e1n la obligatoriedad de comunicar sobre los <strong>consumos que superen los mil pesos por mes. <\/strong>Hasta ahora, el per\u00edodo a informar era semestral y con registros encima de los $3 mil.<\/em><\/p>\n<p style=\"text-align: justify;\">Esta nueva disposici\u00f3n qued\u00f3 establecida ayer, a trav\u00e9s de una resoluci\u00f3n publicada en el Bolet\u00edn Oficial mediante la cual modific\u00f3 el r\u00e9gimen de informaci\u00f3n que cumplen esas compa\u00f1\u00edas.<\/p>\n<p style=\"text-align: justify;\">Hasta ahora, era el per\u00edodo a informar era semestral y con consumos que superen los 3 mil pesos.<\/p>\n<p style=\"text-align: justify;\">As\u00ed, las empresas de servicios p\u00fablicos deber\u00e1n detallar cada mes el monto total de los consumos; la cantidad de kilovatios de electricidad y de unidades consumidas de gas y agua y el tipo de prestaci\u00f3n (residencial, comercial).<\/p>\n<p style=\"text-align: justify;\">Tambi\u00e9n tendr\u00e1n que <strong>informar la modalidad de pago del usuario<\/strong>, as\u00ed como su clave bancaria uniforme (en caso de d\u00e9bitos autom\u00e1ticos con tarjetas de cr\u00e9dito o d\u00e9bito) y hasta la categorizaci\u00f3n frente al IVA.<\/p>\n<p style=\"text-align: justify;\">Antes del 31 de agosto, las compa\u00f1\u00edas alcanzadas por el r\u00e9gimen informativo de consumos relevantes deber\u00e1n presentar la informaci\u00f3n correspondiente al primer semestre de este a\u00f1o.<\/p>\n<p style=\"text-align: justify;\">Seg\u00fan la AFIP, esta medida permitir\u00e1 \u00aboptimizar la funci\u00f3n fiscalizadora y el control de las obligaciones tributarias\u00bb.<\/p>\n","protected":false},"excerpt":{"rendered":"<p>Las empresas que prestan esos servicios tendr\u00e1n la obligatoriedad de comunicar sobre los consumos que superen los mil pesos por mes. Hasta ahora, el per\u00edodo a informar era semestral y con registros encima de los $3 mil. Esta nueva disposici\u00f3n qued\u00f3 establecida ayer, a trav\u00e9s de una resoluci\u00f3n publicada en el Bolet\u00edn Oficial mediante la&hellip;<\/p>\n","protected":false},"author":1,"featured_media":0,"comment_status":"open","ping_status":"open","sticky":false,"template":"","format":"standard","meta":{"footnotes":""},"categories":[9],"tags":[69,1295,11990,2436,2105,1319,8490],"class_list":["post-25452","post","type-post","status-publish","format-standard","hentry","category-economia","tag-afip","tag-boletin-oficial","tag-consumos","tag-controles","tag-empresas","tag-facturas","tag-servicios"],"_links":{"self":[{"href":"https:\/\/www.elsindical.com.ar\/notas\/wp-json\/wp\/v2\/posts\/25452","targetHints":{"allow":["GET"]}}],"collection":[{"href":"https:\/\/www.elsindical.com.ar\/notas\/wp-json\/wp\/v2\/posts"}],"about":[{"href":"https:\/\/www.elsindical.com.ar\/notas\/wp-json\/wp\/v2\/types\/post"}],"author":[{"embeddable":true,"href":"https:\/\/www.elsindical.com.ar\/notas\/wp-json\/wp\/v2\/users\/1"}],"replies":[{"embeddable":true,"href":"https:\/\/www.elsindical.com.ar\/notas\/wp-json\/wp\/v2\/comments?post=25452"}],"version-history":[{"count":1,"href":"https:\/\/www.elsindical.com.ar\/notas\/wp-json\/wp\/v2\/posts\/25452\/revisions"}],"predecessor-version":[{"id":25453,"href":"https:\/\/www.elsindical.com.ar\/notas\/wp-json\/wp\/v2\/posts\/25452\/revisions\/25453"}],"wp:attachment":[{"href":"https:\/\/www.elsindical.com.ar\/notas\/wp-json\/wp\/v2\/media?parent=25452"}],"wp:term":[{"taxonomy":"category","embeddable":true,"href":"https:\/\/www.elsindical.com.ar\/notas\/wp-json\/wp\/v2\/categories?post=25452"},{"taxonomy":"post_tag","embeddable":true,"href":"https:\/\/www.elsindical.com.ar\/notas\/wp-json\/wp\/v2\/tags?post=25452"}],"curies":[{"name":"wp","href":"https:\/\/api.w.org\/{rel}","templated":true}]}}