{"id":25429,"date":"2012-07-12T09:53:49","date_gmt":"2012-07-12T12:53:49","guid":{"rendered":"http:\/\/www.elsindical.com.ar\/notas\/?p=25429"},"modified":"2012-07-12T09:53:49","modified_gmt":"2012-07-12T12:53:49","slug":"pablo-neruda","status":"publish","type":"post","link":"https:\/\/www.elsindical.com.ar\/notas\/pablo-neruda\/","title":{"rendered":"Pablo Neruda"},"content":{"rendered":"<p style=\"text-align: justify;\"><strong><a href=\"http:\/\/www.elsindical.com.ar\/notas\/var\/www\/html\/notas\/wp-content\/uploads\/2010\/06\/Pablo-Neruda-pipa.jpg\"><img loading=\"lazy\" decoding=\"async\" class=\"alignleft size-full wp-image-7329\" title=\"Pablo-Neruda-pipa\" src=\"http:\/\/www.elsindical.com.ar\/notas\/var\/www\/html\/notas\/wp-content\/uploads\/2010\/06\/Pablo-Neruda-pipa.jpg\" alt=\"\" width=\"198\" height=\"206\" \/><\/a>Ricardo Eliecer Neftal\u00ed Reyes Basoalto<\/strong>, <em><strong>Pablo Neruda<\/strong><\/em> (Parral, 12 de julio de 1904 \u2013 Santiago, 23 de septiembre de 1973), fue un poeta chileno, considerado entre los mejores y m\u00e1s influyentes artistas de su siglo; \u00abel m\u00e1s grande poeta del siglo XX en cualquier idioma\u00bb, seg\u00fan Gabriel Garc\u00eda M\u00e1rquez. Tambi\u00e9n fue un destacado activista pol\u00edtico, senador, miembro del Comit\u00e9 Central del Partido Comunista, precandidato a la presidencia de su pa\u00eds y embajador en Francia. Entre sus m\u00faltiples reconocimientos destacan el Premio Nobel de Literatura en 1971 y un Doctorado Honoris Causa por la Universidad de Oxford. <em>\u00abNing\u00fan poeta del hemisferio occidental de nuestro siglo admite comparaci\u00f3n con \u00e9l\u00bb<\/em>, ha escrito el cr\u00edtico literario Harold Bloom, quien lo considera uno de los veintis\u00e9is autores centrales del canon de la literatura occidental de todos los tiempos.<\/p>\n<p style=\"text-align: justify;\">Sus padres fueron Rosa Basoalto, que muri\u00f3 de tuberculosis cuando ten\u00eda un mes de nacido, y Jos\u00e9 del Carmen Reyes, quien abandon\u00f3 el campo para trabajar como obrero en los diques del puerto de Talcahuano, hasta alcanzar el cargo de ferroviario en Temuco.<\/p>\n<p style=\"text-align: justify;\">\u00abNeruda aprendi\u00f3 a amar la naturaleza en sus a\u00f1os de infancia, durante sus recorridos en tren hacia la exuberante vegetaci\u00f3n de Boroa. La regi\u00f3n hab\u00eda sido en el pasado escenario de enfrentamientos entre los conquistadores espa\u00f1oles y los araucanos, que con el tiempo fueron despojados de su territorio y posteriormente aniquilados por los colonos protagonistas de la \u00abpacificaci\u00f3n de la Araucan\u00eda\u00bb. Esas fr\u00edas y h\u00famedas tierras australes, bordeadas por el m\u00e1s puro oc\u00e9ano Pac\u00edfico, emergen en una po\u00e9tica de la desesperanza, de la soledad del ser humano y del amor, como en Veinte poemas de amor y una canci\u00f3n desesperada, libro que llev\u00f3 a su autor a los circuitos internacionales y le dio una fama similar a la de Rub\u00e9n Dar\u00edo, hasta hacerlo merecedor del Premio Nobel en 1971&#8243;, se dice en la biograf\u00eda del poeta que el Instituto Cervantes tiene en su p\u00e1gina web.<\/p>\n<p style=\"text-align: justify;\">Hijo de Jos\u00e9 del Carmen Reyes Morales, obrero ferroviario, y Rosa Neftal\u00ed Basoalto Opazo, maestra de escuela fallecida debido a una tuberculosis cuando Neruda ten\u00eda un mes de edad. En 1906, la familia se traslad\u00f3 a Temuco, donde su padre se casa en segundas nupcias con Trinidad Candia Marverde, a quien Neruda llamaba <em>Mamadre<\/em>. Neruda ingresa al Liceo de Hombres, donde cursa todos sus estudios hasta terminar el 6\u00ba a\u00f1o de humanidades en 1920. El impresionante entorno natural de Temuco, sus bosques, lagos, r\u00edos y monta\u00f1as marcar\u00e1n para siempre el mundo po\u00e9tico de Neruda.<\/p>\n<p style=\"text-align: justify;\">En 1917, publica su primer art\u00edculo en el diario <em>La Ma\u00f1ana<\/em> de Temuco, con el t\u00edtulo de <em>Entusiasmo y perseverancia<\/em>. En esta ciudad escribi\u00f3 gran parte de los trabajos, que pasar\u00edan a integrar su primer libro de poemas: <em>Crepusculario<\/em>.<\/p>\n<p style=\"text-align: justify;\">En 1919, obtiene el tercer lugar en los Juegos Florales del Maule con su poema <em>Comuni\u00f3n ideal<\/em> o <em>Nocturno ideal<\/em>. En 1920 comienza a contribuir con la revista literaria <em>Selva Austral<\/em>.<\/p>\n<p style=\"text-align: justify;\">En ese mismo per\u00edodo, conoce a Gabriela Mistral, de cuyo encuentro recordar\u00e1: <em>\u00ab&#8230;ella me hizo leer los primeros grandes nombres de la literatura rusa que tanta influencia tuvieron sobre m\u00ed\u00bb<\/em>. Hacia 1921 y con diecisiete a\u00f1os de edad, comienza a firmar definitivamente sus trabajos con el seud\u00f3nimo de <strong>Pablo Neruda<\/strong>, esencialmente con el prop\u00f3sito de evitar el malestar del padre por tener un hijo poeta. Si bien Neruda nunca aclar\u00f3 el origen de su nombre art\u00edstico, nunca desminti\u00f3, e incluso apoy\u00f3, la conjetura de que lo habr\u00eda escogido en honor al escritor checo Jan Neruda, del cual ley\u00f3 un cuento por esos a\u00f1os que le caus\u00f3 una honda impresi\u00f3n. Sin embargo, la obra de Jan se public\u00f3 entre 1857 y 1883, y es poco probable que Neruda haya tenido acceso a traducciones en 1921. En lugar de esto, su apodo se presume que est\u00e9 inspirado m\u00e1s bien en un personaje de la novela de Arthur Conan Doyle de 1887 titulada <em>Estudio Escarlata<\/em>, donde en el cap\u00edtulo IV, el personaje Sherlock Holmes dice ir a escuchar un concierto de Norman-Neruda, una famosa violinista, Guillermina Mar\u00eda Francisca Neruda, casada con el m\u00fasico sueco Ludwig Norman, conoci\u00e9ndosela entonces como Wilma Norman-Neruda.<\/p>\n<p style=\"text-align: justify;\">En 1921 se radic\u00f3 en Santiago y estudi\u00f3 pedagog\u00eda en idioma franc\u00e9s en el Instituto Pedag\u00f3gico de la Universidad de Chile, donde obtuvo el primer premio de los Juegos Florales de la Primavera con el poema <em>La canci\u00f3n de fiesta<\/em>, publicado posteriormente en la revista <em>Juventud<\/em>. En 1923, public\u00f3 <em>Crepusculario<\/em>, que es reconocido por escritores como Hern\u00e1n D\u00edaz Arrieta, Ra\u00fal Silva Castro y Pedro Prado.<\/p>\n<p style=\"text-align: justify;\">En 1924 public\u00f3 su famoso <em>Veinte poemas de amor y una canci\u00f3n desesperada<\/em>, en el que todav\u00eda se nota una influencia del modernismo. Posteriormente se manifiesta un prop\u00f3sito de renovaci\u00f3n formal, de intenci\u00f3n vanguardista, en tres breves libros publicados en 1926: <em>El habitante y su esperanza<\/em>, <em>Anillos<\/em> (en colaboraci\u00f3n con Tom\u00e1s Lago) y <em>Tentativa del hombre infinito<\/em>.<\/p>\n<p style=\"text-align: justify;\">En 1927, comenz\u00f3 su larga carrera diplom\u00e1tica siendo c\u00f3nsul en Rang\u00fan, Birmania, desde donde se desarrolla un notable epistolario con el escritor argentino H\u00e9ctor Eandi. Ser\u00e1 luego c\u00f3nsul en Sri Lanka, Java, Singapur, Buenos Aires, Barcelona y Madrid. En sus m\u00faltiples viajes conoci\u00f3 en Buenos Aires a Federico Garc\u00eda Lorca y en Barcelona a Rafael Alberti. Pregon\u00f3 su concepci\u00f3n po\u00e9tica de entonces, la que llam\u00f3 \u00abpoes\u00eda impura\u00bb, y experiment\u00f3 el poderoso y liberador influjo del surrealismo. En 1935, Manuel Altolaguirre le entreg\u00f3 a Neruda la direcci\u00f3n de la revista <em>Caballo verde para la poes\u00eda<\/em>, en la cual fue compa\u00f1ero de los poetas de la Generaci\u00f3n del 27. Ese mismo a\u00f1o apareci\u00f3 la edici\u00f3n madrile\u00f1a de <em>Residencia en la tierra<\/em>.<\/p>\n<p style=\"text-align: justify;\">El 6 de diciembre de 1930 se cas\u00f3 con Mar\u00eda Antonia Hagenaar, <em>Maruca<\/em> (se le cita como Maruca Reyes, Maruca de Reyes y Maruca Neruda). Malva Marina Trinidad, la hija que naci\u00f3 en 1934 de esta uni\u00f3n, padec\u00eda hidrocefalia y muri\u00f3 en 1943, a los ocho a\u00f1os. Neruda se separ\u00f3 de Hagenaar en 1936 (se divorciar\u00eda de ella a distancia, en M\u00e9xico, en 1942, divorcio que no fue aceptado por la justicia chilena ).<\/p>\n<p style=\"text-align: justify;\">En 1936 estalla la Guerra Civil Espa\u00f1ola. Conmovido por ella y por el asesinato de su amigo Garc\u00eda Lorca, Neruda se compromete con el movimiento republicano, primero en Espa\u00f1a y luego en Francia, donde comienza a escribir <em>Espa\u00f1a en el coraz\u00f3n<\/em> (1937). Ese a\u00f1o regresa a Chile, y su poes\u00eda durante el per\u00edodo siguiente se caracterizar\u00e1 por una orientaci\u00f3n hacia cuestiones pol\u00edticas y sociales, lo que refuerza sus grandes ventas de libros.<\/p>\n<p style=\"text-align: justify;\">Durante la guerra civil, Neruda tambi\u00e9n conoci\u00f3 al poeta mexicano Octavio Paz. Ambos se hicieron amigos instant\u00e1neos, pero, posteriormente, en M\u00e9xico, tuvieron un altercado por diferencias ideol\u00f3gicas, llegando casi a los golpes. M\u00e1s de veinte a\u00f1os despu\u00e9s se reconciliaron en el Festival Internacional de Poes\u00eda de Londres. Paz dir\u00eda con respecto a su colega: \u201cMusito el nombre de Pablo Neruda y me digo: lo admiraste, lo quisiste y lo combatiste. Fue tu enemigo m\u00e1s querido\u201d.<\/p>\n<p style=\"text-align: justify;\">En 1939 es designado, por el presidente Aguirre Cerda, c\u00f3nsul especial para la inmigraci\u00f3n espa\u00f1ola en Par\u00eds, donde destaca como el gestor del proyecto <em>Winnipeg<\/em>, barco que llevar\u00eda a cerca de 2.000 inmigrantes espa\u00f1oles desde Francia a Chile. Poco tiempo despu\u00e9s, es asignado como c\u00f3nsul general en M\u00e9xico, donde reescribe su <em>Canto General de Chile<\/em> transform\u00e1ndolo en un poema del continente sudamericano. <em>Canto General<\/em> fue publicado en M\u00e9xico en 1950, y tambi\u00e9n clandestinamente en Chile. Compuesta de unos 250 poemas en quince ciclos literarios, constituye (a juicio del propio Neruda) la parte central de su producci\u00f3n art\u00edstica. Al poco tiempo de salir a luz, fue traducido a alrededor de diez idiomas. Casi todos los poemas que lo componen fueron creados en circunstancias particularmente dif\u00edciles, cuando Neruda viv\u00eda en la clandestinidad en Chile al ser perseguido por ser miembro del Partido Comunista de Chile y acusado de \u00abinfringir la Ley de Seguridad Interior del Estado e injuriar al presidente Gonz\u00e1lez Videla\u00bb.<\/p>\n<p style=\"text-align: justify;\">Neruda retorn\u00f3 a Chile en 1943 \u2014a\u00f1o en que se cas\u00f3 con Delia de Carril, la <em>Hormiguita<\/em>, en M\u00e9xico, en un matrimonio que no fue reconocido por la justicia chilena debido a que su divorcio de Maruca fue declarado ilegal\u2014 y dos a\u00f1os despu\u00e9s recibe el Premio Nacional de Literatura. En ese a\u00f1o de 1945, en marzo, es electo senador por las provincias de Tarapac\u00e1 y Antofagasta. Se unir\u00e1 en julio del mismo a\u00f1o al Partido Comunista, donde militaban sus dos m\u00e1s f\u00e9rreos rivales, los poetas Pablo de Rokha y Vicente Huidobro, con quienes protagonizar\u00eda de por vida las m\u00e1s \u00e1cidas rencillas.<\/p>\n<p style=\"text-align: justify;\">En las elecciones presidenciales de 1946 triunfa la Alianza Democr\u00e1tica, una coalici\u00f3n integrada por radicales, comunistas y dem\u00f3cratas, que lleva al poder a Gabriel Gonz\u00e1lez Videla. La represi\u00f3n desencadenada por este \u00faltimo contra los trabajadores mineros en huelga llevar\u00e1 a Neruda a protestar vehementemente en el Senado.<\/p>\n<p style=\"text-align: justify;\">La persecuci\u00f3n desatada por el gobierno de Gonz\u00e1lez Videla contra sus antiguos aliados comunistas, mediante la <em>Ley de Defensa Permanente de la Democracia<\/em>, culminar\u00e1 en la prohibici\u00f3n del Partido Comunista el 3 de septiembre de 1948. Neruda se transforma entonces en el m\u00e1s fuerte antagonista del presidente, dictando discursos en el Senado y publicando art\u00edculos contra el Gobierno en el extranjero, ya que el diario comunista <em>El Siglo<\/em> estaba bajo censura. Neruda critic\u00f3 fuertemente a Gonz\u00e1lez Videla llam\u00e1ndolo \u00abrata\u00bb, lo acus\u00f3 de ser amigo de los nazis durante sus a\u00f1os de embajador en Par\u00eds a quienes invitaba a elegantes cenas a la embajada chilena, de vender el pa\u00eds a empresas americanas e incluso menciona a la esposa de \u00e9ste Rosa Markmann, de ocultar sus or\u00edgenes jud\u00edos mientras vivieron en Europa durante la Segunda Guerra Mundial y de enriquecerse comprando diamantes a europeos empobrecidos y casando a su descendencia con las familias m\u00e1s ricas de Am\u00e9rica del Sur.<\/p>\n<p style=\"text-align: justify;\">Famoso es su art\u00edculo <em>La crisis democr\u00e1tica de Chile es una advertencia dram\u00e1tica para nuestro continente<\/em>, que m\u00e1s tarde ser\u00e1 conocido como <em>Carta \u00edntima para millones de hombres<\/em>, publicado en el diario <em>El Nacional<\/em> de Caracas. Esto provoca la petici\u00f3n del Gobierno a los tribunales de un desafuero del senador Neruda por \u00abdenigrar a Chile en el exterior y por calumnias e injurias al Primer Mandatario\u00bb. y luega se dicta una orden de detenci\u00f3n contra \u00e9l, forz\u00e1ndolo primero a la clandestinidad en su propio pa\u00eds, y luego al exilio.<\/p>\n<p style=\"text-align: justify;\">Neruda realiza la traves\u00eda para escapar de una persecuci\u00f3n pol\u00edtica durante el oto\u00f1o de 1949. Por ello, vive meses en la clandestinidad entre Santiago, Valdivia y la comuna de Futrono, en el lago Huishue, cruza por el paso de Lilpela hacia Argentina montado a caballo; estuvo a punto de ahogarse mientras cruzaba el r\u00edo Curringue.<\/p>\n<p style=\"text-align: justify;\">A mediados de abril llega de inc\u00f3gnito a Par\u00eds y protegido por varios amigos, entre ellos Picasso, logra regularizar su situaci\u00f3n. Reaparece p\u00fablicamente en la sesi\u00f3n de clausura del Primer Congreso del Movimiento Mundial de Partidarios de la Paz y es nombrado miembro del Consejo Mundial de la Paz. Desde Europa emprende numerosos viajes junto a su mujer Delia del Carril: Checoeslovaquia, Uni\u00f3n Sovi\u00e9tica, Polonia, Hungr\u00eda, M\u00e9xico, Rumania, India, Italia, Francia, Rep\u00fablica Democr\u00e1tica Alemana (RDA), Guatemala. En el II Congreso del Movimiento Mundial de Partidarios de la Paz, celebrado en Varsovia en noviembre de 1950, recibe junto con Picasso, Paul Robeson y otros el Premio Internacional de la Paz, otorgado a Neruda por su poema <em>Que despierte el le\u00f1ador<\/em>. M\u00e1s tarde, al volver a Chile, recibir\u00e1 en 1953 el Premio Stalin para la Consolidaci\u00f3n de la Paz entre los Pueblos.<\/p>\n<p style=\"text-align: justify;\">Durante su exilio vive en Capri y N\u00e1poles con su futura esposa Matilde Urrutia. All\u00ed recibe la noticia de que ya no era buscado y pod\u00eda volver a Chile, adonde regresa el 12 de agosto de 1952. Lo esperaba su mujer Delia del Carril y es recibido con varios actos p\u00fablicos.<\/p>\n<p style=\"text-align: justify;\">En 1952 publica en Italia de forma an\u00f3nima <em>Los versos del capit\u00e1n<\/em> y en 1954 <em>Las uvas y el viento<\/em> (en donde se encuentra una eleg\u00eda a Stalin) y <em>Odas elementales<\/em>. En 1953 recibe el Premio Stalin para la Consolidaci\u00f3n de la Paz entre los Pueblos. En 1955 se separa de su esposa Delia, y comienza a vivir con Matilde Urrutia. En 1958 aparece <em>Estravagario<\/em> con un nuevo cambio en su poes\u00eda. En 1965 se le otorga el t\u00edtulo de doctor <em>honoris causa<\/em> en la Universidad de Oxford, Gran Breta\u00f1a.<\/p>\n<p style=\"text-align: justify;\">Solo en 1966 puede contraer matrimonio con Matilde despu\u00e9s del fallecimiento de Maruca, su primera mujer, en los Pa\u00edses Bajos el 27 de marzo de 1965. La boda se realiza en una sencilla ceremonia civil y privada en su casa de Isla Negra, donde conserva sus particulares colecciones de caracolas y mascarones de proa.<\/p>\n<p style=\"text-align: justify;\">En 1969 es nombrado miembro honorario de la Academia Chilena de la Lengua. Ese a\u00f1o, durante la campa\u00f1a para las presidenciales, el Partido Comunista lo elige precandidato, pero renuncia en favor de Salvador Allende, que se convierte en el candidato \u00fanico de la Unidad Popular. El gobierno de Allende lo designa embajador en Francia.<\/p>\n<p style=\"text-align: justify;\">El 21 de octubre de 1971 le es concedido el Premio Nobel de Literatura y viaja a Estocolmo a recibirlo el 10 de diciembre. En sus <em>Memorias<\/em> el poeta recuerda: \u201cEl anciano monarca nos daba la mano a cada uno; nos entregaba el diploma, la medalla y el cheque (&#8230;) Se dice (o se lo dijeron a Matilde para impresionarla) que el rey estuvo m\u00e1s tiempo conmigo que con los otros laureados, que me apret\u00f3 la mano con evidente simpat\u00eda. Tal vez haya sido una reminiscencia de la antigua gentileza palaciega hacia los juglares\u201d.<\/p>\n<p style=\"text-align: justify;\">Su \u00faltima aparici\u00f3n en p\u00fablico fue el 5 de diciembre de 1972, donde el pueblo chileno realiz\u00f3 un homenaje al poeta en el Estadio Nacional.<\/p>\n<p style=\"text-align: justify;\">En febrero de 1973, por razones de salud, renuncia a su cargo de embajador en Francia.<\/p>\n<p style=\"text-align: justify;\">Despu\u00e9s del golpe militar del 11 de septiembre su salud se agrava y el 19 es trasladado de urgencia desde su casa de Isla Negra a Santiago, donde muere debido a un c\u00e1ncer de pr\u00f3stata el 23 a las 22.30 en la Cl\u00ednica Santa Mar\u00eda. Un reciente art\u00edculo recoge declaraciones de Manuel Araya Osorio, asistente del poeta desde noviembre de 1972 hasta su muerte, quien asegura que Neruda habr\u00eda sido asesinado en la cl\u00ednica tras aplic\u00e1rsele una inyecci\u00f3n letal. Aunque la informaci\u00f3n fue desmentida por la Fundaci\u00f3n Pablo Neruda, el Partido Comunista solicit\u00f3, el 6 de diciembre, la exhumaci\u00f3n de los restos del Nobel de Literatura, para verificar si fue envenenado.<\/p>\n<p style=\"text-align: justify;\">La casa de Neruda en Santiago fue saqueada despu\u00e9s del golpe encabezado por el general Augusto Pinochet y sus libros, incendiados. El funeral del poeta fue realizado en el Cementerio General y, aunque los asistentes estaban rodeados de soldados armados de ametralladoras, se escuchaban desafiantes gritos de homenaje a \u00e9l y a Salvador Allende, junto a la entonaci\u00f3n de <em>La Internacional<\/em>.<\/p>\n<p style=\"text-align: justify;\">El 11 de diciembre de 1992, los restos de Neruda y Matilde Urrutia son exhumados y llevados para un velatorio ceremonial en el Sal\u00f3n de Honor del ex Congreso Nacional. Al d\u00eda siguiente se da cumplimiento al deseo del poeta: que sus restos fuesen enterrados en su casa de Isla Negra. Ese lugar y todas las dem\u00e1s pertenencias son ahora museos administrados por la Fundaci\u00f3n Neruda.<\/p>\n<p style=\"text-align: justify;\">Obras<\/p>\n<h3 style=\"text-align: justify;\">Publicadas en vida<\/h3>\n<div style=\"text-align: justify;\">\n<div>\n<div>\n<div><img loading=\"lazy\" decoding=\"async\" src=\"\/\/bits.wikimedia.org\/static-1.20wmf6\/skins\/common\/images\/magnify-clip.png\" alt=\"\" width=\"15\" height=\"11\" \/><em>Crepusculario<\/em>. Santiago, Ediciones Claridad, 1923.<\/div>\n<\/div>\n<\/div>\n<\/div>\n<ul style=\"text-align: justify;\">\n<li><em><a title=\"Veinte poemas de amor y una canci\u00f3n desesperada\" href=\"\/wiki\/Veinte_poemas_de_amor_y_una_canci%C3%B3n_desesperada\">Veinte poemas de amor y una canci\u00f3n desesperada<\/a><\/em>. Santiago, Editorial Nascimento, 1924.<\/li>\n<li><em>Tentativa del hombre infinito<\/em>. Santiago, Editorial Nascimento, 1926.<\/li>\n<li><em>Anillos<\/em>. Santiago, Editorial Nascimento, 1926. (Prosa po\u00e9tica de Pablo Neruda y Tom\u00e1s Lago.)<\/li>\n<li><em>El hondero entusiasta<\/em>. Santiago, Empresa Letras, 1933.<\/li>\n<li><em>El habitante y su esperanza<\/em>. Novela. Santiago, Editorial Nascimento, 1926.<\/li>\n<li><em><a title=\"Residencia en la tierra\" href=\"\/wiki\/Residencia_en_la_tierra\">Residencia en la tierra<\/a> (1925\u20131931)<\/em>. Madrid, Ediciones del \u00c1rbol, 1935.<\/li>\n<li><em><a title=\"Espa\u00f1a en el coraz\u00f3n\" href=\"\/wiki\/Espa%C3%B1a_en_el_coraz%C3%B3n\">Espa\u00f1a en el coraz\u00f3n<\/a><\/em>. Himno a las glorias del pueblo en la guerra: (1936\u20131937). Santiago, Ediciones Ercilla, 1937.<\/li>\n<li><em>Nuevo canto de amor a Stalingrado<\/em>. M\u00e9xico, 1943.<\/li>\n<li><em>Tercera residencia (1935\u20131945)<\/em>. Buenos Aires, Losada, 1947.<\/li>\n<li><em><a title=\"Canto general\" href=\"\/wiki\/Canto_general\">Canto general<\/a><\/em>. M\u00e9xico, Talleres Gr\u00e1ficos de la Naci\u00f3n, 1950.<\/li>\n<li><em><a title=\"Los versos del capit\u00e1n\" href=\"\/wiki\/Los_versos_del_capit%C3%A1n\">Los versos del capit\u00e1n<\/a><\/em>. Imprenta L&#8217;Arte Tipografica, Napoli, 1952, 184 pp.<\/li>\n<li><em>Todo el amor<\/em>. Santiago, Editorial Nascimento, 1953.<\/li>\n<li><em>Las uvas y el viento<\/em>. Santiago, Editorial Nascimento, 1954.<\/li>\n<li><em>Odas elementales<\/em>. Buenos Aires, Editorial Losada, 1954.<\/li>\n<li><em>Nuevas odas elementales<\/em>. Buenos Aires, Editorial Losada, 1955.<\/li>\n<li><em>Tercer libro de las odas<\/em>. Buenos Aires, Losada, 1957.<\/li>\n<li><em>Estravagario<\/em>. Buenos Aires, Editorial Losada, 1958.<\/li>\n<li><em>Navegaciones y regresos<\/em> Buenos Aires, Editorial Losada, 1959.<\/li>\n<li><em>Cien sonetos de amor<\/em>. Santiago, Editorial Universitaria, 1959.<\/li>\n<li><em>Canci\u00f3n de gesta<\/em>. La Habana, Imprenta Nacional de Cuba, 1960.<\/li>\n<li><em>Poes\u00edas: Las piedras de Chile<\/em>. Buenos Aires, Editorial Losada, 1960.<a href=\"http:\/\/www.youtube.com\/watch?v=oM71o87iLxg\" rel=\"nofollow\">Las Piedras de Pablo Neruda<\/a><\/li>\n<li><em>Cantos ceremoniales<\/em>. Buenos Aires, Losada, 1961.<\/li>\n<li><em>Memorial de Isla Negra<\/em>. Buenos Aires, Losada, 1964. 5 vol\u00famenes.<\/li>\n<li><em>Arte de p\u00e1jaros<\/em>. Santiago, Ediciones Sociedad de Amigos del Arte Contempor\u00e1neo, 1966.<\/li>\n<li><em>Fulgor y muerte de <a title=\"Joaqu\u00edn Murieta\" href=\"\/wiki\/Joaqu%C3%ADn_Murieta\">Joaqu\u00edn Murieta<\/a><\/em>. Santiago, Zig-Zag, 1967. La obra fue escrita con la intenci\u00f3n de servir de libreto para una \u00f3pera de <a title=\"Sergio Ortega\" href=\"\/wiki\/Sergio_Ortega\">Sergio Ortega<\/a>.<\/li>\n<li><em>La Barcarola<\/em>. Buenos Aires, Losada, 1967.<\/li>\n<li><em>Las manos del d\u00eda<\/em>. Buenos Aires, Losada, 1968.<\/li>\n<li><em>Comiendo en Hungr\u00eda<\/em>. Editorial Lumen, Barcelona, 1969. (En co-autor\u00eda con <a title=\"Miguel \u00c1ngel Asturias\" href=\"\/wiki\/Miguel_%C3%81ngel_Asturias\">Miguel \u00c1ngel Asturias<\/a>)<\/li>\n<li><em>Fin del mundo<\/em>. Santiago, Edici\u00f3n de la Sociedad de Arte Contempor\u00e1neo, 1969. Con Ilustraciones de Mario Carre\u00f1o, <a title=\"Nemesio Ant\u00fanez\" href=\"\/wiki\/Nemesio_Ant%C3%BAnez\">Nemesio Ant\u00fanez<\/a>, Pedro Millar, Mar\u00eda Martner, Julio Esc\u00e1mez y <a title=\"Oswaldo Guayasam\u00edn\" href=\"\/wiki\/Oswaldo_Guayasam%C3%ADn\">Oswaldo Guayasam\u00edn<\/a>.<\/li>\n<li><em>A\u00fan<\/em>. Editorial Nascimento, Santiago, 1969.<\/li>\n<li><em>Maremoto<\/em>. Santiago, Sociedad de Arte Contempor\u00e1neo, 1970. Con Xilograf\u00edas a color de Carin Oldfelt Hjertonsson.<\/li>\n<li><em>La espada encendida<\/em>. Buenos Aires, Losada, 1970.<\/li>\n<li><em>Las piedras del cielo<\/em>. Editorial Losada, Buenos Aires, 1970.<\/li>\n<li><em>Discurso de Estocolmo<\/em>. Alpignano, Italia, A. Tallone, 1972.<\/li>\n<li><em>Geograf\u00eda infructuosa<\/em> Buenos Aires, Editorial Losada, 1972.<\/li>\n<li><em>La rosa separada<\/em>. \u00c9ditions du Dragon, Paris, 1972 con grabados de Enrique Za\u00f1artu.<\/li>\n<li><em>Incitaci\u00f3n al Nixonicidio y alabanza de la revoluci\u00f3n chilena<\/em>. Santiago, Empresa Editora Nacional Quimant\u00fa, Santiago, 1973.<\/li>\n<li><em>Geograf\u00eda de Pablo Neruda<\/em>. Editorial Aym\u00e1, Barcelona, 1973. Glosas aut\u00f3grafas de Neruda, Fotos de Sara Facio y <a title=\"Alicia D'Amico\" href=\"\/wiki\/Alicia_D%27Amico\">Alicia D&#8217;Amico<\/a>.<\/li>\n<li><em>Himno y regreso<\/em><\/li>\n<li><em>Que despierte el le\u00f1ador<\/em><\/li>\n<li><em>Tentativa del hombre infinito<\/em><\/li>\n<\/ul>\n<h3 style=\"text-align: justify;\">Discograf\u00eda<\/h3>\n<ul style=\"text-align: justify;\">\n<li><em><a title=\"Arte de p\u00e1jaros\" href=\"\/wiki\/Arte_de_p%C3%A1jaros\">Arte de p\u00e1jaros<\/a><\/em> (1966, con <a title=\"\u00c1ngel Parra\" href=\"\/wiki\/%C3%81ngel_Parra\">\u00c1ngel Parra<\/a>)<\/li>\n<\/ul>\n<h3 style=\"text-align: justify;\">Publicaci\u00f3n p\u00f3stuma<\/h3>\n<div style=\"text-align: justify;\">\n<div>\n<div>\n<div><a title=\"Aumentar\" href=\"\/wiki\/Archivo:Homenaje_Neruda_1972.jpg\"><img loading=\"lazy\" decoding=\"async\" src=\"\/\/bits.wikimedia.org\/static-1.20wmf6\/skins\/common\/images\/magnify-clip.png\" alt=\"\" width=\"15\" height=\"11\" \/><\/a><em>El mar y las campanas<\/em>. Editorial Losada, Buenos Aires, 1973<\/div>\n<\/div>\n<\/div>\n<\/div>\n<ul style=\"text-align: justify;\">\n<li><em>2000<\/em>. Editorial Losada, Buenos Aires, 1974<\/li>\n<li><em>Eleg\u00eda<\/em>. Editorial Losada, Buenos Aires, 1974.<\/li>\n<li><em>El coraz\u00f3n amarillo<\/em>. Editorial Losada, Buenos Aires, 1974<\/li>\n<li><em>Jard\u00edn de invierno<\/em>. Editorial Losada, Buenos Aires, 1974.<\/li>\n<li><em><a title=\"Confieso que he vivido\" href=\"\/wiki\/Confieso_que_he_vivido\">Confieso que he vivido<\/a><\/em>. Memorias. Barcelona, Seix Barral, 1974. (<a title=\"Autobiograf\u00eda\" href=\"\/wiki\/Autobiograf%C3%ADa\">autobiograf\u00eda<\/a>)<\/li>\n<li><em>Cartas de amor de Pablo Neruda<\/em>. Ediciones Rodas, Madrid, 1975.<\/li>\n<li><em>Para nacer he nacido<\/em>. Editorial Seix Barral, Barcelona, 1978.<\/li>\n<li><em>Cartas a Laura<\/em>. Centro Iberoamericano de Cooperaci\u00f3n, Madrid, 1978.<\/li>\n<li><em>Poes\u00edas escogidas<\/em>. Biblioteca Premios Nobel. Aguilar S.A. de ediciones, 1980.<\/li>\n<li><em>El r\u00edo invisible<\/em> Editorial Seix Barral, Barcelona, 1980.<\/li>\n<li><em>Neruda\/Eandi, Correspondencia durante Residencia en la tierra<\/em>. Editorial Sudamericana, Buenos Aires, 1980.<\/li>\n<li><em>El fin del viaje<\/em>. Editorial Seix Barral, Barcelona, 1982.<\/li>\n<li><em>Antolog\u00eda fundamental<\/em>, pr\u00f3logo de <a title=\"Jaime Quezada\" href=\"\/wiki\/Jaime_Quezada\">Jaime Quezada<\/a> y selecci\u00f3n de Jorge Baroos, Andr\u00e9s Bello, 1997<\/li>\n<li><em>Pablo Neruda, Discursos Parlamentarios. (1945-1948)<\/em>. Editorial Ant\u00e1rtica, Santiago, 1997.<\/li>\n<li><em>Pablo Neruda, Cuadernos de Temuco<\/em> Seix Barral, Buenos Aires.<\/li>\n<li><em>Pablo Neruda, Pr\u00f3logos<\/em>. Editorial Sudamericana, Santiago, 2000.<\/li>\n<li><em>Pablo Neruda, Epistolario viajero. (1927-1973)<\/em>, Editorial RIL, Santiago, 2004.<\/li>\n<li><em>Pablo Neruda en O\u2019Cruzeiro Internacional<\/em>. Editorial Puerto de Palos, Santiago, 2004.<\/li>\n<li><em>Pablo Neruda. Yo respondo con mi obra: Conferencias, Discursos, Cartas, Declaraciones. (1932 &#8211; 1959).<\/em> Ediciones <a title=\"Universidad de Salamanca\" href=\"\/wiki\/Universidad_de_Salamanca\">Universidad de Salamanca<\/a>, Salamanca, Espa\u00f1a, 2004.<\/li>\n<li><em>David Bautista. Yo respondo con mi obra: tus ojos, Discursos, Cartas, Declaraciones. (1932 &#8211; 1959).<\/em> Ediciones <a title=\"Universidad de Salamanca\" href=\"\/wiki\/Universidad_de_Salamanca\">Universidad de Salamanca<\/a>, Salamanca, Espa\u00f1a, 2004.<\/li>\n<li>Pablo Neruda, J.M. Coetzee, W. Faulkner, Doris Lessing, G.G. M\u00e1rquez, <em>Discursos<\/em>, Alpha Decay, Barcelona, 2008.<\/li>\n<li><em>Antolog\u00eda General<\/em>, Real Academia Espa\u00f1ola, Asociaci\u00f3n Chilena del Libro y Hern\u00e1n Loyola, Alfaguara, Santiago de Chile, 2010.<\/li>\n<\/ul>\n<h2 style=\"text-align: justify;\">Tributos<\/h2>\n<div style=\"text-align: justify;\">\n<div>\n<p><a href=\"\/\/commons.wikimedia.org\/wiki\/File:Mural_-_cola.JPG?uselang=es\"><img loading=\"lazy\" decoding=\"async\" src=\"\/\/upload.wikimedia.org\/wikipedia\/commons\/thumb\/c\/cd\/Mural_-_cola.JPG\/250px-Mural_-_cola.JPG\" alt=\"\" width=\"250\" height=\"188\" \/><\/a><\/p>\n<div>\n<div><a title=\"Aumentar\" href=\"\/wiki\/Archivo:Mural_-_cola.JPG\"><img loading=\"lazy\" decoding=\"async\" src=\"\/\/bits.wikimedia.org\/static-1.20wmf6\/skins\/common\/images\/magnify-clip.png\" alt=\"\" width=\"15\" height=\"11\" \/><\/a><\/div>\n<p>En el mural <a title=\"Presencia de Am\u00e9rica Latina\" href=\"\/wiki\/Presencia_de_Am%C3%A9rica_Latina\">Presencia de Am\u00e9rica Latina<\/a>, obra de <a title=\"Jorge Gonz\u00e1lez Camarena\" href=\"\/wiki\/Jorge_Gonz%C3%A1lez_Camarena\">Jorge Gonz\u00e1lez Camarena<\/a> ubicada en el <a title=\"Vest\u00edbulo\" href=\"\/wiki\/Vest%C3%ADbulo\">hall<\/a> de acceso de la <a title=\"Casa del Arte (Concepci\u00f3n, Chile)\" href=\"\/wiki\/Casa_del_Arte_(Concepci%C3%B3n,_Chile)\">Casa del Arte<\/a> de la <a title=\"Universidad de Concepci\u00f3n\" href=\"\/wiki\/Universidad_de_Concepci%C3%B3n\">Universidad de Concepci\u00f3n<\/a>, sobre la punta de la cola de <a title=\"Quetzalc\u00f3atl\" href=\"\/wiki\/Quetzalc%C3%B3atl\">Quetzalc\u00f3atl<\/a> puede leerse \u00abPablo Neruda\u00bb, finalizando el extracto de su poema.<\/p>\n<\/div>\n<\/div>\n<\/div>\n<ul style=\"text-align: justify;\">\n<li>1965 &#8211; <a title=\"Jorge Gonz\u00e1lez Camarena\" href=\"\/wiki\/Jorge_Gonz%C3%A1lez_Camarena\">Jorge Gonz\u00e1lez Camarena<\/a> &#8211; Una secci\u00f3n de sus versos se encuentra en el mural <a title=\"Presencia de Am\u00e9rica Latina\" href=\"\/wiki\/Presencia_de_Am%C3%A9rica_Latina\"><em>Presencia de Am\u00e9rica Latina<\/em><\/a>, los que pertenecen al poema <em>Am\u00e9rica<\/em>, del libro <em>Canci\u00f3n de fiesta<\/em>.<\/li>\n<li>1986 &#8211; <a title=\"Alberto Cortez\" href=\"\/wiki\/Alberto_Cortez\">Alberto Cortez<\/a> &#8211; <em>Perd\u00ed tu direcci\u00f3n<\/em>, canci\u00f3n homenaje del disco <em>Sue\u00f1os y Quimeras<\/em>.<\/li>\n<li>2011 &#8211; <a title=\"Rayden (mc)\" href=\"\/wiki\/Rayden_(mc)\">Rayden<\/a> &#8211; <em>Si vas<\/em>, canci\u00f3n homenaje.<\/li>\n<\/ul>\n<h3 style=\"text-align: justify;\">\u00c1lbumes<\/h3>\n<ul style=\"text-align: justify;\">\n<li>1969 &#8211; <em><a title=\"Istros (Danai canta a Neruda)\" href=\"\/wiki\/Istros_(Danai_canta_a_Neruda)\">Istros (Danai canta a Neruda)<\/a><\/em> (por <a title=\"Danai Stratigopoulou\" href=\"\/wiki\/Danai_Stratigopoulou\">Danai Stratigopoulou<\/a>)<\/li>\n<li>1977 &#8211; <em><a title=\"Paco Ib\u00e1\u00f1ez\" href=\"\/wiki\/Paco_Ib%C3%A1%C3%B1ez\">Paco Ib\u00e1\u00f1ez<\/a> canta a Pablo Neruda<\/em><\/li>\n<li>1999 &#8211; <em>Marinero en Tierra. Tributo a Pablo Neruda<\/em> (disco doble, varios artistas)<\/li>\n<li>2004 &#8211; <em><a title=\"Neruda en el coraz\u00f3n\" href=\"\/wiki\/Neruda_en_el_coraz%C3%B3n\">Neruda en el coraz\u00f3n<\/a><\/em> (CD y DVD, varios artistas)<\/li>\n<li>2004 &#8211; <em><a title=\"S\u00f3lo el amor\" href=\"\/wiki\/S%C3%B3lo_el_amor\">S\u00f3lo el amor<\/a><\/em> (por <a title=\"\u00c1ngel Parra\" href=\"\/wiki\/%C3%81ngel_Parra\">\u00c1ngel Parra<\/a>)<\/li>\n<\/ul>\n<h3 style=\"text-align: justify;\">Artes esc\u00e9nicas<\/h3>\n<ul style=\"text-align: justify;\">\n<li>Pablo Neruda fue personificado por <a title=\"Roberto Parada\" href=\"\/wiki\/Roberto_Parada\">Roberto Parada<\/a>, en la pel\u00edcula <em><a title=\"Ardiente paciencia (pel\u00edcula)\" href=\"\/wiki\/Ardiente_paciencia_(pel%C3%ADcula)\">Ardiente paciencia<\/a><\/em>, ficci\u00f3n creada por <a title=\"Antonio Sk\u00e1rmeta\" href=\"\/wiki\/Antonio_Sk%C3%A1rmeta\">Antonio Sk\u00e1rmeta<\/a> (<a title=\"1983\" href=\"\/wiki\/1983\">1983<\/a>), obra que nos propone la relaci\u00f3n entre el poeta y su cartero en sus \u00faltimos a\u00f1os de vida (1969-1973). En la adaptaci\u00f3n al teatro fue representado por <a title=\"Julio Jung\" href=\"\/wiki\/Julio_Jung\">Julio Jung<\/a>, en la versi\u00f3n italiana <a title=\"Il Postino\" href=\"\/wiki\/Il_Postino\">El cartero de Neruda<\/a> <a title=\"1994\" href=\"\/wiki\/1994\">1994<\/a>, fue personificado por el actor franc\u00e9s <a title=\"Philippe Noiret\" href=\"\/wiki\/Philippe_Noiret\">Philippe Noiret<\/a>, y en la \u00f3pera <a title=\"Il Postino (\u00f3pera)\" href=\"\/wiki\/Il_Postino_(%C3%B3pera)\">Il postino<\/a> (estrenada en <a title=\"Los \u00c1ngeles\" href=\"\/wiki\/Los_%C3%81ngeles\">Los \u00c1ngeles<\/a>, <a title=\"California\" href=\"\/wiki\/California\">California<\/a> el a\u00f1o <a title=\"2010\" href=\"\/wiki\/2010\">2010<\/a>), fue representado por <a title=\"Pl\u00e1cido Domingo\" href=\"\/wiki\/Pl%C3%A1cido_Domingo\">Pl\u00e1cido Domingo<\/a>.<\/li>\n<li>En la miniserie de <a title=\"TVN (Chile)\" href=\"\/wiki\/TVN_(Chile)\">TVN<\/a> <em>De Neftal\u00ed a Pablo<\/em> (<a title=\"2004\" href=\"\/wiki\/2004\">2004<\/a>), el universitario Neruda fue interpretado por el actor chileno <a title=\"Juan Pablo Ogalde\" href=\"\/wiki\/Juan_Pablo_Ogalde\">Juan Pablo Ogalde<\/a>, el ni\u00f1o Neruda por Diego Gamboa, el adolescente Neruda por Danny Foix, y el Neruda joven por <a title=\"Diego Ruiz (actor)\" href=\"\/wiki\/Diego_Ruiz_(actor)\">Diego Ruiz<\/a>.<\/li>\n<li>En la pel\u00edcula documental <em>Neruda, diario de un fugitivo<\/em> (<a title=\"2005\" href=\"\/wiki\/2005\">2005<\/a>), de Manuel Basoalto, obra que trata de la fuga del poeta en <a title=\"1948\" href=\"\/wiki\/1948\">1948<\/a> y de la persecuci\u00f3n a los comunistas decretada por el gobierno de <a title=\"Gabriel Gonz\u00e1lez Videla\" href=\"\/wiki\/Gabriel_Gonz%C3%A1lez_Videla\">Gabriel Gonz\u00e1lez Videla<\/a>, el papel de Neruda es interpretado por Jos\u00e9 Secall.<\/li>\n<\/ul>\n<h3 style=\"text-align: justify;\">Otros<\/h3>\n<ul style=\"text-align: justify;\">\n<li>Tanto en <a title=\"Temuco\" href=\"\/wiki\/Temuco\">Temuco<\/a> como en <a title=\"Santiago de Chile\" href=\"\/wiki\/Santiago_de_Chile\">Santiago<\/a> existen Establecimientos de Ense\u00f1anza Superior que llevan su nombre.<\/li>\n<li>En el a\u00f1o 2004 la ex casa de m\u00e1quinas (maestranza ferroviaria) de <a title=\"Temuco\" href=\"\/wiki\/Temuco\">Temuco<\/a> es transformada en museo, llam\u00e1ndose actualmente Museo Nacional Ferroviario Pablo Neruda, en honor a la afici\u00f3n que siempre mostr\u00f3 por el mundo ferroviario, la herencia de su padre.<\/li>\n<\/ul>\n<table border=\"1\" cellspacing=\"0\" cellpadding=\"5\">\n<tbody>\n<tr>\n<td width=\"30%\">Predecesor: <strong><a title=\"Mariano Latorre\" href=\"\/wiki\/Mariano_Latorre\">Mariano Latorre<\/a><\/strong><\/td>\n<td width=\"40%\"><strong><a title=\"Premio Nacional de Literatura de Chile\" href=\"\/wiki\/Premio_Nacional_de_Literatura_de_Chile\">Premio Nacional de Literatura<\/a><\/strong> <a title=\"1945\" href=\"\/wiki\/1945\">1945<\/a><\/td>\n<td width=\"30%\">Sucesor: <strong><a title=\"Eduardo Barrios\" href=\"\/wiki\/Eduardo_Barrios\">Eduardo Barrios<\/a><\/strong><\/td>\n<\/tr>\n<tr>\n<td width=\"30%\">Predecesor: <strong><a title=\"Aleksandr Solzhenitsyn\" href=\"\/wiki\/Aleksandr_Solzhenitsyn\">Aleksandr Solzhenitsyn<\/a><\/strong><\/td>\n<td width=\"40%\"><strong><a title=\"Anexo:Premio Nobel de Literatura\" href=\"\/wiki\/Anexo:Premio_Nobel_de_Literatura\">Premio Nobel de Literatura<\/a><\/strong> <a title=\"1971\" href=\"\/wiki\/1971\">1971<\/a><\/td>\n<td width=\"30%\">Sucesor: <strong><a title=\"Heinrich B\u00f6ll\" href=\"\/wiki\/Heinrich_B%C3%B6ll\">Heinrich B\u00f6ll<\/a><\/strong><\/td>\n<\/tr>\n<\/tbody>\n<\/table>\n<h2 style=\"text-align: justify;\">Referencias<\/h2>\n<div style=\"text-align: justify;\">\n<ol>\n<li id=\"cite_note-0\"><a href=\"#cite_ref-0\">\u2191<\/a> <a href=\"http:\/\/www.npr.org\/templates\/story\/story.php?storyId=3319014\" rel=\"nofollow\"><em>A Reading in Honor of Pablo Neruda&#8217;s Centennial<\/em><\/a><\/li>\n<li id=\"cite_note-1\"><a href=\"#cite_ref-1\">\u2191<\/a> Bloom, 488<\/li>\n<li id=\"cite_note-2\"><a href=\"#cite_ref-2\">\u2191<\/a> <a title=\"Harold Bloom\" href=\"\/wiki\/Harold_Bloom\">Bloom, Harold<\/a> (1994) (en ingl\u00e9s). <em><a title=\"en:The Western Canon: The Books and School of the Ages\" href=\"\/\/en.wikipedia.org\/wiki\/The_Western_Canon:_The_Books_and_School_of_the_Ages\">The Western Canon: The Books and School of the Ages<\/a><\/em>. Nueva York: Harcourt Brace. pp. 2.\u00a0 \u00abShakespeare, Dante, Chaucer, Cervantes, Michel de Montaigne, Moli\u00e8re, Milton, Samuel Johnson, Goethe, Wordsworth, Jane Austen, Walt Whitman, Emily Dickinson, Charles Dickens, George Eliot, Tolstoy, Ibsen, Freud, Proust, James Joyce, Virginia Woolf, Franz Kafka, Borges, Neruda, Fernando Pessoa, Samuel Beckett\u00bb<\/li>\n<li id=\"cite_note-3\"><a href=\"#cite_ref-3\">\u2191<\/a> <a href=\"http:\/\/cvc.cervantes.es\/actcult\/neruda\/biografia.htm\" rel=\"nofollow\">Biograf\u00eda de Neruda<\/a>, <a title=\"Centro Virtual Cervantes\" href=\"\/wiki\/Centro_Virtual_Cervantes\">Centro Virtual Cervantes<\/a>; acceso 25.12.2011<\/li>\n<li id=\"cite_note-uchile-4\">\u2191 <a href=\"#cite_ref-uchile_4-0\"><sup><em><strong>a<\/strong><\/em><\/sup><\/a> <a href=\"#cite_ref-uchile_4-1\"><sup><em><strong>b<\/strong><\/em><\/sup><\/a> <a href=\"#cite_ref-uchile_4-2\"><sup><em><strong>c<\/strong><\/em><\/sup><\/a> <a href=\"#cite_ref-uchile_4-3\"><sup><em><strong>d<\/strong><\/em><\/sup><\/a> <a href=\"http:\/\/www.neruda.uchile.cl\/cronologia\/index.html\" rel=\"nofollow\"><em>La vida del poeta: Cronolog\u00eda<\/em><\/a>, <a title=\"Universidad de Chile\" href=\"\/wiki\/Universidad_de_Chile\">Universidad de Chile<\/a>; acceso 25.12.2011<\/li>\n<li id=\"cite_note-memochile-5\">\u2191 <a href=\"#cite_ref-memochile_5-0\"><sup><em><strong>a<\/strong><\/em><\/sup><\/a> <a href=\"#cite_ref-memochile_5-1\"><sup><em><strong>b<\/strong><\/em><\/sup><\/a> <a href=\"#cite_ref-memochile_5-2\"><sup><em><strong>c<\/strong><\/em><\/sup><\/a> <a href=\"#cite_ref-memochile_5-3\"><sup><em><strong>d<\/strong><\/em><\/sup><\/a> <a href=\"http:\/\/www.memoriachilena.cl\/temas\/index.asp?id_ut=pabloneruda(1904-1973)\" rel=\"nofollow\"><em>Mi alma es un carrusel vac\u00edo en el crep\u00fasculo<\/em><\/a>, semblanza de Neruda en <em>Memoria Chilena<\/em><\/li>\n<li id=\"cite_note-6\"><a href=\"#cite_ref-6\">\u2191<\/a> <a href=\"http:\/\/www.educarchile.cl\/Portal.Base\/Web\/VerContenido.aspx?ID=97069\" rel=\"nofollow\"><em>Neruda y Gabriela Mistral<\/em><\/a>, <em>Educar Chile<\/em>; acceso 25.12.2011<\/li>\n<li id=\"cite_note-7\"><a href=\"#cite_ref-7\">\u2191<\/a> <a href=\"http:\/\/www.diarioperfil.com.ar\/edimp\/0169\/articulo.php?art=292&amp;ed=0169\" rel=\"nofollow\"><em>Pablo Neruda (1904-1973): El enigma de un nombre<\/em><\/a>, art\u00edculo de <a title=\"Carlos Bernatek\" href=\"\/wiki\/Carlos_Bernatek\">Carlos Bernatek<\/a> en el diario <em><a title=\"Diario Perfil\" href=\"\/wiki\/Diario_Perfil\">Perfil<\/a><\/em>, 25.03.2007; acceso 23.11.2011<\/li>\n<li id=\"cite_note-8\"><a href=\"#cite_ref-8\">\u2191<\/a> Schidlowsky, David: <em>Neruda y su tiempo<\/em>. RIL editores, Santiago de Chile 2008, volumen 1, p\u00e1g. 15 y p\u00e1g. 532<\/li>\n<li id=\"cite_note-9\"><a href=\"#cite_ref-9\">\u2191<\/a> Jaime Perales Contreras. <em>Paz y Neruda: Historia de una amistad<\/em>, revista <em>Am\u00e9ricas<\/em> (<a title=\"Organizaci\u00f3n de los Estados Americanos\" href=\"\/wiki\/Organizaci%C3%B3n_de_los_Estados_Americanos\">Organizaci\u00f3n de los Estados Americanos<\/a>), julio de 2008<\/li>\n<li id=\"cite_note-10\"><a href=\"#cite_ref-10\">\u2191<\/a> Schidlowsky, David. <em>Neruda y su tiempo<\/em>, RIL, Santiago, 2008, Tomo 1, p\u00e1g. 712 y 717s<\/li>\n<li id=\"cite_note-11\"><a href=\"#cite_ref-11\">\u2191<\/a> <a href=\"http:\/\/www.australvaldivia.cl\/prontus4_nots\/antialone.html?page=http:\/\/www.australvaldivia.cl\/prontus4_nots\/site\/artic\/20050306\/pags\/20050306005543.html\" rel=\"nofollow\"><em>El poeta fugitivo volvi\u00f3 a Futrono<\/em><\/a><\/li>\n<li id=\"cite_note-12\"><a href=\"#cite_ref-12\">\u2191<\/a> Schidlowsky, David. <em>Pablo Neruda y su tiempo<\/em>, RIL, Santiago, 2008, Tomo II, cap\u00edtulo <em>Cronolog\u00eda de la vida y obra de Pablo Neruda<\/em><\/li>\n<li id=\"cite_note-13\"><a href=\"#cite_ref-13\">\u2191<\/a> Schidlowsky, David. <em>Pablo Neruda y su tiempo<\/em>, RIL, Santiago, 2008, Tomo II, p\u00e1g. 847-857<\/li>\n<li id=\"cite_note-14\"><a href=\"#cite_ref-14\">\u2191<\/a> <a href=\"http:\/\/www.elclarin.cl\/web\/index.php?option=com_content&amp;view=article&amp;id=1289:neruda-fue-asesinado&amp;catid=5:cultura-y-espectaculos&amp;Itemid\" rel=\"nofollow\">Francisco Mar\u00edn. <em>Neruda fue \u201casesinado\u201d<\/em><\/a>, diario <em><a title=\"Clar\u00edn (Chile)\" href=\"\/wiki\/Clar%C3%ADn_(Chile)\">Clar\u00edn<\/a><\/em>, 11.05.2011; acceso 25.12.2011<\/li>\n<li id=\"cite_note-15\"><a href=\"#cite_ref-15\">\u2191<\/a> <a href=\"http:\/\/www.abc.es\/agencias\/noticia.asp?noticia=815107\" rel=\"nofollow\"><em>La Fundaci\u00f3n Pablo Neruda desmiente que el poeta fuera asesinado<\/em><\/a>, <em><a title=\"ABC (Espa\u00f1a)\" href=\"\/wiki\/ABC_(Espa%C3%B1a)\">ABC<\/a><\/em>, 12.05.2011; acceso 25.12.2011<\/li>\n<\/ol>\n<\/div>\n<h2 style=\"text-align: justify;\">Bibliograf\u00eda<\/h2>\n<ul style=\"text-align: justify;\">\n<li>Schidlowsky, David. <em>Pablo Neruda y su tiempo. Las furias y las penas<\/em>. 2 Tomos, RIL editores, Santiago de Chile, 2008. <a href=\"\/wiki\/Especial:FuentesDeLibros\/9789562846295\">ISBN 978-956-284-629-5<\/a>.<\/li>\n<li>Fern\u00e1ndez Cozman, Camilo. <em>La poes\u00eda hispanoamericana y sus met\u00e1foras<\/em>. Universidad de Murcia, Murcia 2008.<\/li>\n<li>Westermeyer Izquierdo, Roberto. <em>Informe sobre la ruta de Neruda<\/em>, julio de 2007.<\/li>\n<li>Bloom, Harold. <em>El canon occidental<\/em>. Editorial Anagrama, 2005. <a href=\"\/wiki\/Especial:FuentesDeLibros\/9433966847\">ISBN 94-339-6684-7<\/a>.<\/li>\n<li>Cuaderno de viaje de V\u00edctor Bianchi.<\/li>\n<\/ul>\n<p><iframe loading=\"lazy\" src=\"http:\/\/www.youtube.com\/embed\/jF79a4K9wGg\" frameborder=\"0\" width=\"420\" height=\"315\"><\/iframe><iframe loading=\"lazy\" src=\"http:\/\/www.youtube.com\/embed\/kS0CYzYT6-8\" frameborder=\"0\" width=\"420\" height=\"315\"><\/iframe><\/p>\n","protected":false},"excerpt":{"rendered":"<p>Ricardo Eliecer Neftal\u00ed Reyes Basoalto, Pablo Neruda (Parral, 12 de julio de 1904 \u2013 Santiago, 23 de septiembre de 1973), fue un poeta chileno, considerado entre los mejores y m\u00e1s influyentes artistas de su siglo; \u00abel m\u00e1s grande poeta del siglo XX en cualquier idioma\u00bb, seg\u00fan Gabriel Garc\u00eda M\u00e1rquez. Tambi\u00e9n fue un destacado activista pol\u00edtico,&hellip;<\/p>\n","protected":false},"author":1,"featured_media":0,"comment_status":"open","ping_status":"open","sticky":false,"template":"","format":"standard","meta":{"footnotes":""},"categories":[14],"tags":[1200,543,11983,11981,11982,544],"class_list":["post-25429","post","type-post","status-publish","format-standard","hentry","category-efemerides","tag-chile","tag-escritor","tag-isla-negra","tag-pablo-neruda","tag-poesia","tag-poeta"],"_links":{"self":[{"href":"https:\/\/www.elsindical.com.ar\/notas\/wp-json\/wp\/v2\/posts\/25429","targetHints":{"allow":["GET"]}}],"collection":[{"href":"https:\/\/www.elsindical.com.ar\/notas\/wp-json\/wp\/v2\/posts"}],"about":[{"href":"https:\/\/www.elsindical.com.ar\/notas\/wp-json\/wp\/v2\/types\/post"}],"author":[{"embeddable":true,"href":"https:\/\/www.elsindical.com.ar\/notas\/wp-json\/wp\/v2\/users\/1"}],"replies":[{"embeddable":true,"href":"https:\/\/www.elsindical.com.ar\/notas\/wp-json\/wp\/v2\/comments?post=25429"}],"version-history":[{"count":1,"href":"https:\/\/www.elsindical.com.ar\/notas\/wp-json\/wp\/v2\/posts\/25429\/revisions"}],"predecessor-version":[{"id":25430,"href":"https:\/\/www.elsindical.com.ar\/notas\/wp-json\/wp\/v2\/posts\/25429\/revisions\/25430"}],"wp:attachment":[{"href":"https:\/\/www.elsindical.com.ar\/notas\/wp-json\/wp\/v2\/media?parent=25429"}],"wp:term":[{"taxonomy":"category","embeddable":true,"href":"https:\/\/www.elsindical.com.ar\/notas\/wp-json\/wp\/v2\/categories?post=25429"},{"taxonomy":"post_tag","embeddable":true,"href":"https:\/\/www.elsindical.com.ar\/notas\/wp-json\/wp\/v2\/tags?post=25429"}],"curies":[{"name":"wp","href":"https:\/\/api.w.org\/{rel}","templated":true}]}}