{"id":25416,"date":"2012-07-12T00:50:58","date_gmt":"2012-07-12T03:50:58","guid":{"rendered":"http:\/\/www.elsindical.com.ar\/notas\/?p=25416"},"modified":"2012-07-12T00:50:58","modified_gmt":"2012-07-12T03:50:58","slug":"santa-cruzen-medio-del-conflicto-policial-renuncio-el-secretario-de-seguridad","status":"publish","type":"post","link":"https:\/\/www.elsindical.com.ar\/notas\/santa-cruzen-medio-del-conflicto-policial-renuncio-el-secretario-de-seguridad\/","title":{"rendered":"Santa Cruz:En medio del conflicto policial, renunci\u00f3 el secretario de Seguridad"},"content":{"rendered":"<p style=\"text-align: justify;\"><em><strong><a href=\"http:\/\/www.elsindical.com.ar\/notas\/var\/www\/html\/notas\/wp-content\/uploads\/2012\/07\/polic\u00eda-Santa-Cruz-acuartelados.jpg\"><img loading=\"lazy\" decoding=\"async\" class=\"alignleft size-medium wp-image-25119\" title=\"polic\u00eda-Santa-Cruz-acuartelados\" src=\"http:\/\/www.elsindical.com.ar\/notas\/var\/www\/html\/notas\/wp-content\/uploads\/2012\/07\/polic\u00eda-Santa-Cruz-acuartelados-300x224.jpg\" alt=\"\" width=\"300\" height=\"224\" srcset=\"https:\/\/www.elsindical.com.ar\/notas\/var\/www\/html\/notas\/wp-content\/uploads\/2012\/07\/polic\u00eda-Santa-Cruz-acuartelados-300x224.jpg 300w, https:\/\/www.elsindical.com.ar\/notas\/var\/www\/html\/notas\/wp-content\/uploads\/2012\/07\/polic\u00eda-Santa-Cruz-acuartelados.jpg 443w\" sizes=\"auto, (max-width: 300px) 100vw, 300px\" \/><\/a>Alejandro Martin<\/strong> hab\u00eda asumido sus funciones al frente de la Secretar\u00eda el pasado 23 de abril. <strong>Era uno de los encargados de llevar adelante las negociaciones <\/strong>con los efectivos autoconvocados desde el 2 de julio.<\/em><\/p>\n<div style=\"text-align: justify;\">\n<p>En tanto, el gobierno santacruce\u00f1o anunci\u00f3 que impondr\u00e1 sanciones a los polic\u00edas que cumplieron nueve d\u00edas de medidas de fuerza en reclamo de mejoras salariales<\/p>\n<p>Por su parte, los agentes se movilizaron nuevamente en esta ciudad y anunciaron que seguir\u00e1n con las medidas hasta tanto el gobierno local acerque una propuesta salarial satisfactoria.<\/p>\n<p>Durante una conferencia de prensa, los polic\u00edas ratificaron el rechazo al decreto firmado ayer de aumento impuesto por Peralta, que otorga una suma no remunerativa de 800 pesos hasta fin de a\u00f1o y un incremento progresivo en el valor punto que se utiliza para calcular el salario desde enero a junio de 2013.<\/p>\n<p>En las reuniones realizadas en los \u00faltimos d\u00edas con el fin de solucionar el conflicto, no llegaron a buen puerto y se mantuvieron las diferencias en la negociaci\u00f3n por aumentos salariales. En las calles provinciales se nota la falta de personal y hay temor por la seguridad.<\/p>\n<p>Tras varios d\u00edas de autoacuartelamiento se profundiz\u00f3 el conflicto entre el Gobierno provincial y la Polic\u00eda, que exige la firma de un decreto que le otorgue una actualizaci\u00f3n salarial. Despu\u00e9s de intensas reuniones con el jefe de la Polic\u00eda, Jorge Hassan; el ministro de Econom\u00eda local, Ariel Ivovich, y referentes del Ministerio de Gobierno, los delegados de las fuerzas policiales no acceden al esquema salarial propuesto por el Ejecutivo.<\/p>\n<p>La \u00faltima contrapropuesta oficial mantiene el 34% frente al 45 que solicitan los uniformados, pagaderos en tres tramos a partir de enero de 2013. A ello se le habr\u00eda agregado una suma fija remunerativa y por unica vez de 2 mil pesos, pagaderos en dos cuotas de mil en agosto y setiembre.<\/p>\n<p>La negociaci\u00f3n se complica ya que se hace ante m\u00e1s de 50 delegados de las distintas comisar\u00edas, dependencias y cuerpos especiales de la Polic\u00eda.<\/p>\n<p>Asimismo, quieren subir el valor punto, que es un coeficiente por el cual se multiplican cinco de los ocho \u00edtems que conforman la escala salarial de la polic\u00eda, llev\u00e1ndolo de 15,3 pesos a 23,30, lo que ubicar\u00eda el salario m\u00ednimo en cerca de 9.000 pesos.<\/p>\n<p>Es de destacar que actualmente, de los 4.700 efectivos que integran la polic\u00eda cerca de 2.000 perciben un sueldo de hasta 5.000 pesos.<\/p>\n<p>La situaci\u00f3n financiera actual de la provincia le hace imposible asumir compromisos salariales en lo inmediato, sobre todo teniendo en cuenta que el resto de la administraci\u00f3n p\u00fablica tampoco los ha obtenido y que el pago del aguinaldo a\u00fan no ha sido afrontado por el Ejecutivo provincial.<\/p>\n<\/div>\n","protected":false},"excerpt":{"rendered":"<p>Alejandro Martin hab\u00eda asumido sus funciones al frente de la Secretar\u00eda el pasado 23 de abril. Era uno de los encargados de llevar adelante las negociaciones con los efectivos autoconvocados desde el 2 de julio. En tanto, el gobierno santacruce\u00f1o anunci\u00f3 que impondr\u00e1 sanciones a los polic\u00edas que cumplieron nueve d\u00edas de medidas de fuerza&hellip;<\/p>\n","protected":false},"author":1,"featured_media":0,"comment_status":"open","ping_status":"open","sticky":false,"template":"","format":"standard","meta":{"footnotes":""},"categories":[13],"tags":[11976,357,436,3769,4940,30,118,803,3056,11726],"class_list":["post-25416","post","type-post","status-publish","format-standard","hentry","category-politica","tag-alejandro-martin","tag-aumento","tag-conflicto","tag-demandas","tag-gobierno-provincial","tag-policia","tag-policias","tag-salarios","tag-sanciones","tag-secretario-de-seguridad"],"_links":{"self":[{"href":"https:\/\/www.elsindical.com.ar\/notas\/wp-json\/wp\/v2\/posts\/25416","targetHints":{"allow":["GET"]}}],"collection":[{"href":"https:\/\/www.elsindical.com.ar\/notas\/wp-json\/wp\/v2\/posts"}],"about":[{"href":"https:\/\/www.elsindical.com.ar\/notas\/wp-json\/wp\/v2\/types\/post"}],"author":[{"embeddable":true,"href":"https:\/\/www.elsindical.com.ar\/notas\/wp-json\/wp\/v2\/users\/1"}],"replies":[{"embeddable":true,"href":"https:\/\/www.elsindical.com.ar\/notas\/wp-json\/wp\/v2\/comments?post=25416"}],"version-history":[{"count":2,"href":"https:\/\/www.elsindical.com.ar\/notas\/wp-json\/wp\/v2\/posts\/25416\/revisions"}],"predecessor-version":[{"id":25418,"href":"https:\/\/www.elsindical.com.ar\/notas\/wp-json\/wp\/v2\/posts\/25416\/revisions\/25418"}],"wp:attachment":[{"href":"https:\/\/www.elsindical.com.ar\/notas\/wp-json\/wp\/v2\/media?parent=25416"}],"wp:term":[{"taxonomy":"category","embeddable":true,"href":"https:\/\/www.elsindical.com.ar\/notas\/wp-json\/wp\/v2\/categories?post=25416"},{"taxonomy":"post_tag","embeddable":true,"href":"https:\/\/www.elsindical.com.ar\/notas\/wp-json\/wp\/v2\/tags?post=25416"}],"curies":[{"name":"wp","href":"https:\/\/api.w.org\/{rel}","templated":true}]}}