{"id":25361,"date":"2012-07-11T00:24:53","date_gmt":"2012-07-11T03:24:53","guid":{"rendered":"http:\/\/www.elsindical.com.ar\/notas\/?p=25361"},"modified":"2012-07-11T00:24:53","modified_gmt":"2012-07-11T03:24:53","slug":"este-es-el-vatayon-militante-que-lleva-funcionarios-k-a-la-carcel","status":"publish","type":"post","link":"https:\/\/www.elsindical.com.ar\/notas\/este-es-el-vatayon-militante-que-lleva-funcionarios-k-a-la-carcel\/","title":{"rendered":"Este es el \u00abVatay\u00f3n Militante\u00bb que lleva funcionarios K a la c\u00e1rcel"},"content":{"rendered":"<p style=\"text-align: justify;\"><em><a href=\"http:\/\/www.elsindical.com.ar\/notas\/var\/www\/html\/notas\/wp-content\/uploads\/2012\/07\/Vatall\u00f3n-Militante-Mariotto.jpg\"><img loading=\"lazy\" decoding=\"async\" class=\"alignleft size-medium wp-image-25362\" title=\"Vatall\u00f3n-Militante-Mariotto\" src=\"http:\/\/www.elsindical.com.ar\/notas\/var\/www\/html\/notas\/wp-content\/uploads\/2012\/07\/Vatall\u00f3n-Militante-Mariotto-300x206.jpg\" alt=\"\" width=\"300\" height=\"206\" srcset=\"https:\/\/www.elsindical.com.ar\/notas\/var\/www\/html\/notas\/wp-content\/uploads\/2012\/07\/Vatall\u00f3n-Militante-Mariotto-300x206.jpg 300w, https:\/\/www.elsindical.com.ar\/notas\/var\/www\/html\/notas\/wp-content\/uploads\/2012\/07\/Vatall\u00f3n-Militante-Mariotto.jpg 502w\" sizes=\"auto, (max-width: 300px) 100vw, 300px\" \/><\/a>Organizan recitales y charlas con ministros en diversas prisiones. Schoklender los acus\u00f3 de responder a La C\u00e1mpora y ellos se defendieron.<\/em><strong><\/strong><\/p>\n<p style=\"text-align: justify;\"><strong>\u00abVan por los pabellones y se mueven con total libertad por la c\u00e1rcel\u00bb.<\/strong> La acusaci\u00f3n sali\u00f3 de la boca siempre picante de Sergio Schoklender, quien acaba de recuperar su libertad tras haber estado detenido por sospechas de desv\u00edos de fondos p\u00fablicos de la Fundaci\u00f3n Sue\u00f1os Compartidos de Madres de Plaza de Mayo.<\/p>\n<p style=\"text-align: justify;\">Schoklender habl\u00f3 as\u00ed de un supuesto \u00abbatall\u00f3n militante\u00bb que <strong>responde a La C\u00e1mpora y recorre las prisiones locales \u00abreclutando militantes\u00bb.<\/strong> Lo cierto es que la agrupaci\u00f3n existe, se hacen llamar \u00abVatay\u00f3n Militante\u00bb (con V, por la V de la Victoria) y organizan recitales y charlas con funcionarios K para personas privadas de su libertad, aunque, aseguran, no tienen nada que ver con la organizaci\u00f3n juvenil K.<\/p>\n<p style=\"text-align: justify;\">\u00abEl Vatay\u00f3n Militante se escribe con V porque es la V de la Victoria y la V de la Vuelta. Es tambi\u00e9n la V de la Verdad, la V del Valor y la V del Voto. Es <strong>la V del Vino, la V de la Verga, la V de la Vagina y la V de la Vida<\/strong>\u00ab, escribi\u00f3 la organizaci\u00f3n en una especie de dec\u00e1logo de presentaci\u00f3n en su p\u00e1gina de Facebook.<\/p>\n<p style=\"text-align: justify;\">La agrupaci\u00f3n, de alrededor de 50 integrantes, recorre penales como los de Ezeiza, Marcos Paz y Devoto con actividades culturales como talleres de teatro, tango y formaci\u00f3n pol\u00edtica, y recitales. Tambi\u00e9n organizan charlas para los presidiarios con funcionarios como el ministro de Trabajo, Carlos Tomada, y <strong>el vicegobernador bonaerense Gabriel Mariotto.<\/strong><\/p>\n<p style=\"text-align: justify;\">Sin embargo, tras las declaraciones del Schoklender, el grupo sali\u00f3 a desmentir su afiliaci\u00f3n con La C\u00e1mpora y el gobierno. \u00abEl Vatay\u00f3n Militante<strong> no pertenece a La C\u00e1mpora<\/strong> y no responde a ning\u00fan integrante de la misma\u00bb escribi\u00f3 Juan \u00abHank\u00bb Soriano, referente de la \u00aborga\u00bb, en su blog.<\/p>\n<p style=\"text-align: justify;\">Aunque, al p\u00e1rrafo siguiente, reconoci\u00f3 que \u00abel Vatay\u00f3n Militante<strong> realiza, realiz\u00f3 y realizar\u00e1 actividades junto a La C\u00e1mpora<\/strong>, tanto como con cualquier otra agrupaci\u00f3n compa\u00f1era que aporte al trabajo y al desarrollo de inclusi\u00f3n, igualdad y valores democr\u00e1ticos del proyecto nacional y popular que encarna nuestra presidenta Cristina Fern\u00e1ndez de Kirchner\u00bb.<\/p>\n<p style=\"text-align: justify;\"><strong>\u00abEl &#8216;grupo de mujeres&#8217; al que hace referencia Sergio Schoklender no existe.<\/strong> Se refiere quiz\u00e1s a Diana Pinasco, conducci\u00f3n de Vatay\u00f3n Militante, y coordinadora de todos los talleres en las penitenciarias y referente de cada una de las personas privadas de su libertad que trabajan en nuestros talleres\u00bb, aclar\u00f3 tambi\u00e9n Soriano en su blog.<\/p>\n<p style=\"text-align: justify;\">\u00abLa &#8216;total libertad&#8217; que tienen los militantes del Vatay\u00f3n en los penales, es falsa. Nuestros militantes trabajan en las \u00e1reas que corresponden y a las que puede acceder cualquier miembro de cualquier \u00e1rea de educaci\u00f3n o de talleres extra program\u00e1ticos. Esto, es un avance importante en cuanto a derechos humanos: nada est\u00e1 escondido, nada est\u00e1 oculto, todo est\u00e1 a la vista, porque nada hay que esconder\u00bb, agreg\u00f3 Soriano.<\/p>\n<p style=\"text-align: justify;\">\u00abEl Vatay\u00f3n no recluta militantes en los penales. Pero siendo una agrupaci\u00f3n pol\u00edtica con intenciones de construir, justamente desde la democracia y la pol\u00edtica, no es ajeno a que la \u00fanica manera de poder trabajar en donde se necesite, es con militantes. Al Vatay\u00f3n pueden entrar cualquier tipo de personas, tanto personas privadas de su libertad, como personas no privadas de su libertad, y es a libre elecci\u00f3n de dichas personas. Con lo cual, si alg\u00fan interno decide militar con el Vatay\u00f3n desde adentro, o una vez en libertad, tendr\u00e1, consecuentemente, la libertad de hacerlo, y jam\u00e1s ser\u00e1 una condici\u00f3n para participar de ninguna de nuestras tareas\u00bb, concluy\u00f3.<\/p>\n<p style=\"text-align: justify;\">\n<p style=\"text-align: justify;\"><strong>Fuente:Perfil.com<\/strong><\/p>\n","protected":false},"excerpt":{"rendered":"<p>Organizan recitales y charlas con ministros en diversas prisiones. Schoklender los acus\u00f3 de responder a La C\u00e1mpora y ellos se defendieron. \u00abVan por los pabellones y se mueven con total libertad por la c\u00e1rcel\u00bb. La acusaci\u00f3n sali\u00f3 de la boca siempre picante de Sergio Schoklender, quien acaba de recuperar su libertad tras haber estado detenido&hellip;<\/p>\n","protected":false},"author":1,"featured_media":0,"comment_status":"open","ping_status":"open","sticky":false,"template":"","format":"standard","meta":{"footnotes":""},"categories":[13],"tags":[2829,175,4779,7669,3185,11955,1236,11956],"class_list":["post-25361","post","type-post","status-publish","format-standard","hentry","category-politica","tag-carceles","tag-denuncia","tag-gabriel-mariotto","tag-la-campora","tag-madres-de-plaza-de-mayo","tag-pabellones","tag-sergio-schoklender","tag-vatayon-militante"],"_links":{"self":[{"href":"https:\/\/www.elsindical.com.ar\/notas\/wp-json\/wp\/v2\/posts\/25361","targetHints":{"allow":["GET"]}}],"collection":[{"href":"https:\/\/www.elsindical.com.ar\/notas\/wp-json\/wp\/v2\/posts"}],"about":[{"href":"https:\/\/www.elsindical.com.ar\/notas\/wp-json\/wp\/v2\/types\/post"}],"author":[{"embeddable":true,"href":"https:\/\/www.elsindical.com.ar\/notas\/wp-json\/wp\/v2\/users\/1"}],"replies":[{"embeddable":true,"href":"https:\/\/www.elsindical.com.ar\/notas\/wp-json\/wp\/v2\/comments?post=25361"}],"version-history":[{"count":2,"href":"https:\/\/www.elsindical.com.ar\/notas\/wp-json\/wp\/v2\/posts\/25361\/revisions"}],"predecessor-version":[{"id":25364,"href":"https:\/\/www.elsindical.com.ar\/notas\/wp-json\/wp\/v2\/posts\/25361\/revisions\/25364"}],"wp:attachment":[{"href":"https:\/\/www.elsindical.com.ar\/notas\/wp-json\/wp\/v2\/media?parent=25361"}],"wp:term":[{"taxonomy":"category","embeddable":true,"href":"https:\/\/www.elsindical.com.ar\/notas\/wp-json\/wp\/v2\/categories?post=25361"},{"taxonomy":"post_tag","embeddable":true,"href":"https:\/\/www.elsindical.com.ar\/notas\/wp-json\/wp\/v2\/tags?post=25361"}],"curies":[{"name":"wp","href":"https:\/\/api.w.org\/{rel}","templated":true}]}}