{"id":25308,"date":"2012-07-09T12:50:12","date_gmt":"2012-07-09T15:50:12","guid":{"rendered":"http:\/\/www.elsindical.com.ar\/notas\/?p=25308"},"modified":"2012-07-09T12:50:12","modified_gmt":"2012-07-09T15:50:12","slug":"morenoiba-a-visitar-a-un-amigo-pero-una-patota-lo-mato-de-dos-puntazos","status":"publish","type":"post","link":"https:\/\/www.elsindical.com.ar\/notas\/morenoiba-a-visitar-a-un-amigo-pero-una-patota-lo-mato-de-dos-puntazos\/","title":{"rendered":"Moreno:Iba a visitar a un amigo, pero una patota lo mat\u00f3 de dos puntazos"},"content":{"rendered":"<p style=\"text-align: justify;\"><em><a href=\"http:\/\/www.elsindical.com.ar\/notas\/var\/www\/html\/notas\/wp-content\/uploads\/2012\/07\/Nicol\u00e1s-Mat\u00edas-Castillo.jpg\"><img loading=\"lazy\" decoding=\"async\" class=\"alignleft size-medium wp-image-25309\" title=\"Nicol\u00e1s-Mat\u00edas-Castillo\" src=\"http:\/\/www.elsindical.com.ar\/notas\/var\/www\/html\/notas\/wp-content\/uploads\/2012\/07\/Nicol\u00e1s-Mat\u00edas-Castillo-300x224.jpg\" alt=\"\" width=\"300\" height=\"224\" srcset=\"https:\/\/www.elsindical.com.ar\/notas\/var\/www\/html\/notas\/wp-content\/uploads\/2012\/07\/Nicol\u00e1s-Mat\u00edas-Castillo-300x224.jpg 300w, https:\/\/www.elsindical.com.ar\/notas\/var\/www\/html\/notas\/wp-content\/uploads\/2012\/07\/Nicol\u00e1s-Mat\u00edas-Castillo.jpg 502w\" sizes=\"auto, (max-width: 300px) 100vw, 300px\" \/><\/a>Ocurri\u00f3 en <strong>pleno centro<\/strong> de ese partido del oeste del conurbano bonaerense. Fue<strong> mientras esperaba el colectivo<\/strong>. La familia marchar\u00e1 hoy al mediod\u00eda por Justicia.<\/em><\/p>\n<div style=\"text-align: justify;\">\n<p><strong>Nicol\u00e1s Mat\u00edas Castillo ten\u00eda 18 a\u00f1os<\/strong> y se encontraba en la parada de la l\u00ednea 34, en el centro de Moreno, cuando ayer, poco despu\u00e9s de las 18, fue sorprendido por<strong> cuatro sujetos<\/strong> que lo hirieron con dos puntazos en un <strong>intento de robo<\/strong>.<\/p>\n<p>Las lesiones que le produjo el arma blanca fueron fatales. Nicol\u00e1s se desvaneci\u00f3 al instante y perdi\u00f3 la vida. Esperaba el colectivo para viajar hasta la localidad Paso del Rey, donde lo esperaba un amigo, en el oeste del Gran Buenos Aires.<\/p>\n<p>Los investigadores a\u00fan desconocen si el joven se resisti\u00f3 al robo. Lo que se sabe es que fue interceptado por cuatro personas, y la Polic\u00eda sospecha que ser\u00edan todos menores de edad por la forma en que lo atacaron, publica el diario <em>Clar\u00edn.<\/em><\/p>\n<p>Un motociclista que presenci\u00f3 el hecho sigui\u00f3 por algunas cuadras a los sujetos pero luego los perdi\u00f3 de vista. Todos huyeron y est\u00e1n siendo buscados intensamente por efectivos de la comisar\u00eda primera de Moreno.<\/p>\n<p>Hoy a las 13, familiares y amigos de Nicol\u00e1s se concentrar\u00e1n en Padre Varvello y Necochea, en la puerta del colegio donde el joven hizo casi toda su escolaridad, para desde all\u00ed marchar por Del Carril hasta la Ruta 7 en pedido de justicia.<\/p>\n<p>En di\u00e1logo con <em>Radio 10<\/em>, Julio, el abuelo de Nicol\u00e1s, se lament\u00f3 por el hecho.<\/p>\n<p>Se\u00f1al\u00f3 que un testigo lo llam\u00f3 desde el celular de su nieto y le adviriti\u00f3 que este estaba muy malherido tras sufrir un asalto a una cuadra del shopping de Moreno. \u00abYo pens\u00e9 que era una broma\u00bb, se\u00f1al\u00f3 el hombre.<\/p>\n<p>El abuelo de Nicol\u00e1s rog\u00f3 a este testigo que por favor se presente ante las autoridades para brindar su testimonio o que se comunique con \u00e9l por tel\u00e9fono.<\/p>\n<p><strong>\u00abNo hay justicia para nada\u00bb<\/strong>, afirm\u00f3 entre l\u00e1grimas.<\/p>\n<p>Julio luego se comunic\u00f3 con los bomberos y despu\u00e9s con su hija, quien finalmente confirm\u00f3 que Nicol\u00e1s hab\u00eda fallecido.<\/p>\n<p>\u00abSiempre lo he visto y lo he escuchado por la gente. Ahora me toco a m\u00ed\u00bb, dijo Julio, profundamente conmovido.<\/p>\n<\/div>\n","protected":false},"excerpt":{"rendered":"<p>Ocurri\u00f3 en pleno centro de ese partido del oeste del conurbano bonaerense. Fue mientras esperaba el colectivo. La familia marchar\u00e1 hoy al mediod\u00eda por Justicia. Nicol\u00e1s Mat\u00edas Castillo ten\u00eda 18 a\u00f1os y se encontraba en la parada de la l\u00ednea 34, en el centro de Moreno, cuando ayer, poco despu\u00e9s de las 18, fue sorprendido&hellip;<\/p>\n","protected":false},"author":1,"featured_media":0,"comment_status":"open","ping_status":"open","sticky":false,"template":"","format":"standard","meta":{"footnotes":""},"categories":[22],"tags":[3300,147,41,156,1232,11932,11933,3648,30],"class_list":["post-25308","post","type-post","status-publish","format-standard","hentry","category-policiales","tag-apunalado","tag-familia","tag-justicia","tag-marcha","tag-moreno","tag-nicolas-matias-castillo","tag-parada-de-colectivo","tag-patota","tag-policia"],"_links":{"self":[{"href":"https:\/\/www.elsindical.com.ar\/notas\/wp-json\/wp\/v2\/posts\/25308","targetHints":{"allow":["GET"]}}],"collection":[{"href":"https:\/\/www.elsindical.com.ar\/notas\/wp-json\/wp\/v2\/posts"}],"about":[{"href":"https:\/\/www.elsindical.com.ar\/notas\/wp-json\/wp\/v2\/types\/post"}],"author":[{"embeddable":true,"href":"https:\/\/www.elsindical.com.ar\/notas\/wp-json\/wp\/v2\/users\/1"}],"replies":[{"embeddable":true,"href":"https:\/\/www.elsindical.com.ar\/notas\/wp-json\/wp\/v2\/comments?post=25308"}],"version-history":[{"count":2,"href":"https:\/\/www.elsindical.com.ar\/notas\/wp-json\/wp\/v2\/posts\/25308\/revisions"}],"predecessor-version":[{"id":25311,"href":"https:\/\/www.elsindical.com.ar\/notas\/wp-json\/wp\/v2\/posts\/25308\/revisions\/25311"}],"wp:attachment":[{"href":"https:\/\/www.elsindical.com.ar\/notas\/wp-json\/wp\/v2\/media?parent=25308"}],"wp:term":[{"taxonomy":"category","embeddable":true,"href":"https:\/\/www.elsindical.com.ar\/notas\/wp-json\/wp\/v2\/categories?post=25308"},{"taxonomy":"post_tag","embeddable":true,"href":"https:\/\/www.elsindical.com.ar\/notas\/wp-json\/wp\/v2\/tags?post=25308"}],"curies":[{"name":"wp","href":"https:\/\/api.w.org\/{rel}","templated":true}]}}