{"id":25249,"date":"2012-07-07T00:45:20","date_gmt":"2012-07-07T03:45:20","guid":{"rendered":"http:\/\/www.elsindical.com.ar\/notas\/?p=25249"},"modified":"2012-07-07T00:45:20","modified_gmt":"2012-07-07T03:45:20","slug":"el-hombre-que-la-violo-y-mato-a-su-marido-quedo-libre-y-ahora-amenaza-con-matarla","status":"publish","type":"post","link":"https:\/\/www.elsindical.com.ar\/notas\/el-hombre-que-la-violo-y-mato-a-su-marido-quedo-libre-y-ahora-amenaza-con-matarla\/","title":{"rendered":"El hombre que la viol\u00f3 y mat\u00f3 a su marido qued\u00f3 libre y ahora amenaza con matarla"},"content":{"rendered":"<p style=\"text-align: justify;\"><em><a href=\"http:\/\/www.elsindical.com.ar\/notas\/var\/www\/html\/notas\/wp-content\/uploads\/2012\/07\/Graciela-Su\u00e1rez.jpg\"><img loading=\"lazy\" decoding=\"async\" class=\"alignleft size-medium wp-image-25250\" title=\"Graciela-Su\u00e1rez\" src=\"http:\/\/www.elsindical.com.ar\/notas\/var\/www\/html\/notas\/wp-content\/uploads\/2012\/07\/Graciela-Su\u00e1rez-300x282.jpg\" alt=\"\" width=\"300\" height=\"282\" srcset=\"https:\/\/www.elsindical.com.ar\/notas\/var\/www\/html\/notas\/wp-content\/uploads\/2012\/07\/Graciela-Su\u00e1rez-300x282.jpg 300w, https:\/\/www.elsindical.com.ar\/notas\/var\/www\/html\/notas\/wp-content\/uploads\/2012\/07\/Graciela-Su\u00e1rez.jpg 325w\" sizes=\"auto, (max-width: 300px) 100vw, 300px\" \/><\/a>A fines de 2000, Graciela Su\u00e1rez, su marido y sus dos peque\u00f1os hijos se fueron a vivir a Mar del Plata en busca de tranquilidad, pero terminaron viviendo una pesadilla por un delincuente que ya recuper\u00f3 su libertad.<\/em><\/p>\n<p style=\"text-align: justify;\">\u00abNosotros viv\u00edamos en Buenos Aires y a fines de 2000 nos fuimos a vivir a Mar del Plata en busca de seguridad, ya que en aquel momento nuestros dos hijos eran chicos, ten\u00edan 8 y 9 a\u00f1os. Pusimos un negocio polirrubro en el garage de nuestra casa, cerca de Camet\u00bb, comenz\u00f3 Graciela su relato a un canal de televisi\u00f3n.<\/p>\n<p style=\"text-align: justify;\">\u00abUn d\u00eda entr\u00f3 un delincuente armado y lo apunt\u00f3 a mi marido N\u00e9stor Alberto Paniagua. Ingres\u00f3 a la casa, que ten\u00eda comunicaci\u00f3n con el negocio, nos tom\u00f3 a los cuatro como rehenes, nos at\u00f3 y nos ubic\u00f3 en diferentes cuartos. Al principio pens\u00e9 que s\u00f3lo iba a ser un robo pero yo fui violada y maltratada y mi marido termin\u00f3 muerto por las pu\u00f1aladas que le dio Walter Ra\u00fal Villalba, que es el nombre del asesino y violador\u00bb, continu\u00f3.<\/p>\n<p style=\"text-align: justify;\">\u00abA mi marido lo encontraron muerto en nuestro cuarto mis hijos, yo hab\u00eda quedado atada con alambres en una de las camas de los nenes y los escuch\u00e9 gritar &#8216;lo mat\u00f3, lo mat\u00f3&#8217;. Esa misma noche declaramos y encontraron a Villalba y a las armas blancas, no as\u00ed al arma de fuego. En una rueda lo pude reconocer y qued\u00f3 detenido, condenado a reclusi\u00f3n perpetua. Sin embargo, en el 2008 me enter\u00e9 que hab\u00eda quedado libre porque unos amigos lo vieron en la calle. Yo no lo cre\u00ed, hasta que en 2010 lo vi y me persigui\u00f3 hasta mi casa, amenaz\u00e1ndome. Hice la denuncia y me enter\u00e9 que lo hab\u00edan liberado por buena conducta\u00bb, describi\u00f3.<\/p>\n<p style=\"text-align: justify;\">\u00abHace unos 20 d\u00edas, uno de mis hijos vino a Buenos Aires y de regreso a Mar del Plata en tren viaj\u00f3 con Villalba. Mi hijo no lo hab\u00eda reconocido y Villalba se encarg\u00f3 de avisarle qui\u00e9n era porque lo conversaba, le preguntaba d\u00f3nde viv\u00eda y lo fue llevando para que lo reconozca. Es un psic\u00f3pata, le mostr\u00f3 el tatuaje por el que lo hab\u00edamos reconocido. Mi hijo se aterroriz\u00f3 y me mand\u00f3 un mensaje contando lo que estaba pasando.<\/p>\n<p style=\"text-align: justify;\">Pidi\u00f3 que lo vayan a esperar a la estaci\u00f3n y dijo que ten\u00eda miedo que lo mate en el mismo tren. Cuando pas\u00f3 uno de los mozos pudo pasarse al coche comedor hasta el final del viaje y Villalba no lleg\u00f3 en ese tren a Mar del Plata, se tir\u00f3 antes para evitar a la Polic\u00eda. En el tren lleg\u00f3 a decir que si quer\u00eda nos mataba a todos porque \u00e9l puede entrar y salir de la c\u00e1rcel cuando quiere\u00bb, finaliz\u00f3 Graciela.<\/p>\n<p style=\"text-align: justify;\">Walter Ra\u00fal Villalba,\u00a0quien entre sus antecedentes acreditaba antes del hecho\u00a0una condena por tentativa de homicidio y se hallaba en libertad condicional desde mediados del a\u00f1o \u00faltimo, dijeron las fuentes. Con estos antecedentes criminales no existe una l\u00f3gica aplicable para excarcelar a alguien con semejante conducta social.<\/p>\n","protected":false},"excerpt":{"rendered":"<p>A fines de 2000, Graciela Su\u00e1rez, su marido y sus dos peque\u00f1os hijos se fueron a vivir a Mar del Plata en busca de tranquilidad, pero terminaron viviendo una pesadilla por un delincuente que ya recuper\u00f3 su libertad. \u00abNosotros viv\u00edamos en Buenos Aires y a fines de 2000 nos fuimos a vivir a Mar del&hellip;<\/p>\n","protected":false},"author":1,"featured_media":0,"comment_status":"open","ping_status":"open","sticky":false,"template":"","format":"standard","meta":{"footnotes":""},"categories":[22],"tags":[331,1930,224,11890,486,1684,1673,11892,539,11891],"class_list":["post-25249","post","type-post","status-publish","format-standard","hentry","category-policiales","tag-amenazas","tag-asesino","tag-condena","tag-graciela-suarez","tag-hijos","tag-libertad","tag-mar-del-plata","tag-nenes","tag-violador","tag-walter-raul-villalba"],"_links":{"self":[{"href":"https:\/\/www.elsindical.com.ar\/notas\/wp-json\/wp\/v2\/posts\/25249","targetHints":{"allow":["GET"]}}],"collection":[{"href":"https:\/\/www.elsindical.com.ar\/notas\/wp-json\/wp\/v2\/posts"}],"about":[{"href":"https:\/\/www.elsindical.com.ar\/notas\/wp-json\/wp\/v2\/types\/post"}],"author":[{"embeddable":true,"href":"https:\/\/www.elsindical.com.ar\/notas\/wp-json\/wp\/v2\/users\/1"}],"replies":[{"embeddable":true,"href":"https:\/\/www.elsindical.com.ar\/notas\/wp-json\/wp\/v2\/comments?post=25249"}],"version-history":[{"count":2,"href":"https:\/\/www.elsindical.com.ar\/notas\/wp-json\/wp\/v2\/posts\/25249\/revisions"}],"predecessor-version":[{"id":25252,"href":"https:\/\/www.elsindical.com.ar\/notas\/wp-json\/wp\/v2\/posts\/25249\/revisions\/25252"}],"wp:attachment":[{"href":"https:\/\/www.elsindical.com.ar\/notas\/wp-json\/wp\/v2\/media?parent=25249"}],"wp:term":[{"taxonomy":"category","embeddable":true,"href":"https:\/\/www.elsindical.com.ar\/notas\/wp-json\/wp\/v2\/categories?post=25249"},{"taxonomy":"post_tag","embeddable":true,"href":"https:\/\/www.elsindical.com.ar\/notas\/wp-json\/wp\/v2\/tags?post=25249"}],"curies":[{"name":"wp","href":"https:\/\/api.w.org\/{rel}","templated":true}]}}