{"id":25244,"date":"2012-07-07T00:21:07","date_gmt":"2012-07-07T03:21:07","guid":{"rendered":"http:\/\/www.elsindical.com.ar\/notas\/?p=25244"},"modified":"2012-07-07T00:21:07","modified_gmt":"2012-07-07T03:21:07","slug":"el-gobierno-anulo-el-llamado-a-elecciones-en-cgt","status":"publish","type":"post","link":"https:\/\/www.elsindical.com.ar\/notas\/el-gobierno-anulo-el-llamado-a-elecciones-en-cgt\/","title":{"rendered":"El Gobierno anul\u00f3 el llamado a elecciones en CGT"},"content":{"rendered":"<p style=\"text-align: justify;\"><em><a href=\"http:\/\/www.elsindical.com.ar\/notas\/var\/www\/html\/notas\/wp-content\/uploads\/2010\/09\/Carlos-Tomada-declaraciones.jpg\"><img loading=\"lazy\" decoding=\"async\" class=\"alignleft size-medium wp-image-9722\" title=\"Carlos-Tomada-declaraciones\" src=\"http:\/\/www.elsindical.com.ar\/notas\/var\/www\/html\/notas\/wp-content\/uploads\/2010\/09\/Carlos-Tomada-declaraciones-300x180.jpg\" alt=\"\" width=\"300\" height=\"180\" srcset=\"https:\/\/www.elsindical.com.ar\/notas\/var\/www\/html\/notas\/wp-content\/uploads\/2010\/09\/Carlos-Tomada-declaraciones-300x180.jpg 300w, https:\/\/www.elsindical.com.ar\/notas\/var\/www\/html\/notas\/wp-content\/uploads\/2010\/09\/Carlos-Tomada-declaraciones.jpg 413w\" sizes=\"auto, (max-width: 300px) 100vw, 300px\" \/><\/a>El <strong>Ministerio de Trabajo<\/strong> acept\u00f3 el pedido de impugnaci\u00f3n de <strong>los sectores que se oponen a Hugo Moyano<\/strong> ya que \u00abno se cumpli\u00f3 con los requisitos\u00bb. <strong>El consejo directivo de la CGT podr\u00e1 subsanar los errores<\/strong>, pero Antonio Cal\u00f3 ya adelant\u00f3 que la central est\u00e1 fracturada.<\/em><\/p>\n<div style=\"text-align: justify;\">\n<p>El ministro de Trabajo, <strong>Carlos Tomada<\/strong>, inform\u00f3 en una conferencia de prensa que la cartera a su cargo decidi\u00f3 <strong>anular la convocatoria al Congreso de la CGT del 12 de julio<\/strong>, donde estaba previsto que se desarrolle la elecci\u00f3n de nuevas autoridades.<\/p>\n<p>La decisi\u00f3n del Gobierno responde a una presentaci\u00f3n de los sectores antimoyanistas, quienes argumentaron que la reuni\u00f3n que convoc\u00f3 al encuentro del 12 julio no cumpli\u00f3 con los requisitos exigidos por ley.<\/p>\n<p>\u00abActuamos como en cualquier proceso electoral donde una parte impugna el procedimiento. Analizamos los planteos y concluimos si correspond\u00eda o no la impugnaci\u00f3n\u00bb, se\u00f1al\u00f3 Tomada en la rueda de prensa. \u00abNuestra competencia surge de la ley, de la jurisprudencia y del convenio 87 de la OIT, que avala esta posici\u00f3n\u00bb, agreg\u00f3.<\/p>\n<p>Tomada explic\u00f3 que <strong>\u00aben la reuni\u00f3n del 24 de abril pasado del consejo directivo no hubo qu\u00f3rum seg\u00fan indica el estatuto de la CGT, ya que hubo seis dirigentes que fueron reemplazados en forma irregular\u00bb<\/strong>.<\/p>\n<p>El ministerio facult\u00f3 a la CGT para que pueda subsanar los errores antes del 12, algo que parece dif\u00edcil en la pr\u00e1ctica, ya que la central obrera se encuentra virtualmente fracturada entre sus distintos espacios de poder. \u00abQue sea la propia CGT la que convoque a su consejo directivo para que se pronuncie y resuelva la implementaci\u00f3n del proceso electoral\u00bb, precis\u00f3 al respecto.<\/p>\n<p>En caso de que la CGT no encuentre una salida a sus conflictos internos, el Gobierno prorrogar\u00e1 el mandato de las actuales autoridades \u2013con Hugo Moyano a la cabeza\u2013 hasta tanto se normalice la convocatoria a elecciones.<\/p>\n<p>El propio Moyano hab\u00eda adelantado que no acatar\u00eda la resoluci\u00f3n gubernamental y realizar\u00eda las elecciones del 12 de julio tal como estaban programadas, por lo que el conflicto amenaza a perpetuarse hasta tanto defina la Justicia.<\/p>\n<p>Consultado sobre esto, Tomada dijo que \u00abno se pueden hacer suposiciones\u00bb y que \u00abhay una serie de instancias y de tiempos que cumplir por delante\u00bb.<\/p>\n<\/div>\n","protected":false},"excerpt":{"rendered":"<p>El Ministerio de Trabajo acept\u00f3 el pedido de impugnaci\u00f3n de los sectores que se oponen a Hugo Moyano ya que \u00abno se cumpli\u00f3 con los requisitos\u00bb. El consejo directivo de la CGT podr\u00e1 subsanar los errores, pero Antonio Cal\u00f3 ya adelant\u00f3 que la central est\u00e1 fracturada. El ministro de Trabajo, Carlos Tomada, inform\u00f3 en una&hellip;<\/p>\n","protected":false},"author":1,"featured_media":0,"comment_status":"open","ping_status":"open","sticky":false,"template":"","format":"standard","meta":{"footnotes":""},"categories":[13],"tags":[434,910,22019,5639],"class_list":["post-25244","post","type-post","status-publish","format-standard","hentry","category-politica","tag-carlos-tomada","tag-cgt","tag-convocatoria","tag-ministerio-de-trabajo-de-la-nacion"],"_links":{"self":[{"href":"https:\/\/www.elsindical.com.ar\/notas\/wp-json\/wp\/v2\/posts\/25244","targetHints":{"allow":["GET"]}}],"collection":[{"href":"https:\/\/www.elsindical.com.ar\/notas\/wp-json\/wp\/v2\/posts"}],"about":[{"href":"https:\/\/www.elsindical.com.ar\/notas\/wp-json\/wp\/v2\/types\/post"}],"author":[{"embeddable":true,"href":"https:\/\/www.elsindical.com.ar\/notas\/wp-json\/wp\/v2\/users\/1"}],"replies":[{"embeddable":true,"href":"https:\/\/www.elsindical.com.ar\/notas\/wp-json\/wp\/v2\/comments?post=25244"}],"version-history":[{"count":1,"href":"https:\/\/www.elsindical.com.ar\/notas\/wp-json\/wp\/v2\/posts\/25244\/revisions"}],"predecessor-version":[{"id":25245,"href":"https:\/\/www.elsindical.com.ar\/notas\/wp-json\/wp\/v2\/posts\/25244\/revisions\/25245"}],"wp:attachment":[{"href":"https:\/\/www.elsindical.com.ar\/notas\/wp-json\/wp\/v2\/media?parent=25244"}],"wp:term":[{"taxonomy":"category","embeddable":true,"href":"https:\/\/www.elsindical.com.ar\/notas\/wp-json\/wp\/v2\/categories?post=25244"},{"taxonomy":"post_tag","embeddable":true,"href":"https:\/\/www.elsindical.com.ar\/notas\/wp-json\/wp\/v2\/tags?post=25244"}],"curies":[{"name":"wp","href":"https:\/\/api.w.org\/{rel}","templated":true}]}}