{"id":25088,"date":"2012-07-03T00:26:34","date_gmt":"2012-07-03T03:26:34","guid":{"rendered":"http:\/\/www.elsindical.com.ar\/notas\/?p=25088"},"modified":"2012-07-03T00:27:05","modified_gmt":"2012-07-03T03:27:05","slug":"el-viernes-paran-los-docentes-bonaerenses","status":"publish","type":"post","link":"https:\/\/www.elsindical.com.ar\/notas\/el-viernes-paran-los-docentes-bonaerenses\/","title":{"rendered":"El viernes paran los docentes bonaerenses"},"content":{"rendered":"<p><em><a href=\"http:\/\/www.elsindical.com.ar\/notas\/var\/www\/html\/notas\/wp-content\/uploads\/2009\/11\/aula-vac\u00eda1.jpg\"><img loading=\"lazy\" decoding=\"async\" class=\"alignleft size-full wp-image-1905\" title=\"aula-vac\u00eda\" src=\"http:\/\/www.elsindical.com.ar\/notas\/var\/www\/html\/notas\/wp-content\/uploads\/2009\/11\/aula-vac\u00eda1.jpg\" alt=\"\" width=\"227\" height=\"133\" \/><\/a>Sindicados agrupados en la FEB se reunieron este mediod\u00eda para definir la modalidad de protesta en contra del desdoblamiento del pago del medio Salario Anual Complementario.<\/em><\/p>\n<div>\n<p><strong>Suteba<\/strong>, <strong>Sadop<\/strong>, <strong>AMET<\/strong> y <strong>UDA<\/strong>, gremios de maestros bonaerenses agrupados en la <strong>FEB<\/strong>, resolvieron este mediod\u00eda convocar a una huelga general para el pr\u00f3ximo viernes.<\/p>\n<p>Seg\u00fan inform\u00f3 el sindicalista <strong>Roberto Baradel<\/strong> en di\u00e1logo con <strong>Infobae.com<\/strong>, la medida es para rechazar el desdoblamiento del pago del medio aguinaldo, que se abonar\u00e1 en cuatro cuotas entre julio y octubre.<\/p>\n<p>Los gremialistas indicaron que adem\u00e1s reclamar\u00e1n por la <strong>eliminaci\u00f3n del Impuesto a las Ganancias<\/strong> y de los topes para la percepci\u00f3n de las <strong>Asignaciones Familiares<\/strong>, tal como lo hizo el l\u00edder de la CGT, Hugo Moyano, durante el acto realizado el pasado mi\u00e9rcoles.<\/p>\n<p>Los gremios adelantaron que volver\u00e1n a reunirse la pr\u00f3xima semana para \u201cevaluar la situaci\u00f3n\u201d ya que no cesar\u00e1n con las protestas hasta tanto el gobierno bonaerense revea su decisi\u00f3n de pagar el aguinaldo en cuatro cuotas.<\/p>\n<\/div>\n","protected":false},"excerpt":{"rendered":"<p>Sindicados agrupados en la FEB se reunieron este mediod\u00eda para definir la modalidad de protesta en contra del desdoblamiento del pago del medio Salario Anual Complementario. Suteba, Sadop, AMET y UDA, gremios de maestros bonaerenses agrupados en la FEB, resolvieron este mediod\u00eda convocar a una huelga general para el pr\u00f3ximo viernes. Seg\u00fan inform\u00f3 el sindicalista&hellip;<\/p>\n","protected":false},"author":1,"featured_media":0,"comment_status":"open","ping_status":"open","sticky":false,"template":"","format":"standard","meta":{"footnotes":""},"categories":[16],"tags":[4323,497,1422,67,778,5204,2720],"class_list":["post-25088","post","type-post","status-publish","format-standard","hentry","category-gremiales","tag-amet","tag-docentes","tag-feb","tag-paro","tag-sadop","tag-suteba","tag-uda"],"_links":{"self":[{"href":"https:\/\/www.elsindical.com.ar\/notas\/wp-json\/wp\/v2\/posts\/25088","targetHints":{"allow":["GET"]}}],"collection":[{"href":"https:\/\/www.elsindical.com.ar\/notas\/wp-json\/wp\/v2\/posts"}],"about":[{"href":"https:\/\/www.elsindical.com.ar\/notas\/wp-json\/wp\/v2\/types\/post"}],"author":[{"embeddable":true,"href":"https:\/\/www.elsindical.com.ar\/notas\/wp-json\/wp\/v2\/users\/1"}],"replies":[{"embeddable":true,"href":"https:\/\/www.elsindical.com.ar\/notas\/wp-json\/wp\/v2\/comments?post=25088"}],"version-history":[{"count":3,"href":"https:\/\/www.elsindical.com.ar\/notas\/wp-json\/wp\/v2\/posts\/25088\/revisions"}],"predecessor-version":[{"id":25091,"href":"https:\/\/www.elsindical.com.ar\/notas\/wp-json\/wp\/v2\/posts\/25088\/revisions\/25091"}],"wp:attachment":[{"href":"https:\/\/www.elsindical.com.ar\/notas\/wp-json\/wp\/v2\/media?parent=25088"}],"wp:term":[{"taxonomy":"category","embeddable":true,"href":"https:\/\/www.elsindical.com.ar\/notas\/wp-json\/wp\/v2\/categories?post=25088"},{"taxonomy":"post_tag","embeddable":true,"href":"https:\/\/www.elsindical.com.ar\/notas\/wp-json\/wp\/v2\/tags?post=25088"}],"curies":[{"name":"wp","href":"https:\/\/api.w.org\/{rel}","templated":true}]}}