{"id":25023,"date":"2012-06-30T09:03:45","date_gmt":"2012-06-30T12:03:45","guid":{"rendered":"http:\/\/www.elsindical.com.ar\/notas\/?p=25023"},"modified":"2012-06-30T21:56:21","modified_gmt":"2012-07-01T00:56:21","slug":"san-cristobalasesinan-a-un-ex-subcomisario-en-un-robo","status":"publish","type":"post","link":"https:\/\/www.elsindical.com.ar\/notas\/san-cristobalasesinan-a-un-ex-subcomisario-en-un-robo\/","title":{"rendered":"San Crist\u00f3bal:Asesinan a un ex Comisario en un robo"},"content":{"rendered":"<p style=\"text-align: justify;\"><em><a href=\"http:\/\/www.elsindical.com.ar\/notas\/var\/www\/html\/notas\/wp-content\/uploads\/2012\/06\/asesinato-Subcomisario-San-Crist\u00f3bal.jpg\"><img loading=\"lazy\" decoding=\"async\" class=\"alignleft size-medium wp-image-25024\" title=\"asesinato-Subcomisario-San-Crist\u00f3bal\" src=\"http:\/\/www.elsindical.com.ar\/notas\/var\/www\/html\/notas\/wp-content\/uploads\/2012\/06\/asesinato-Subcomisario-San-Crist\u00f3bal-300x175.jpg\" alt=\"\" width=\"300\" height=\"175\" srcset=\"https:\/\/www.elsindical.com.ar\/notas\/var\/www\/html\/notas\/wp-content\/uploads\/2012\/06\/asesinato-Subcomisario-San-Crist\u00f3bal-300x175.jpg 300w, https:\/\/www.elsindical.com.ar\/notas\/var\/www\/html\/notas\/wp-content\/uploads\/2012\/06\/asesinato-Subcomisario-San-Crist\u00f3bal.jpg 413w\" sizes=\"auto, (max-width: 300px) 100vw, 300px\" \/><\/a>La v\u00edctima de <strong>61 a\u00f1os<\/strong> fue baleada durante esta madrugada cuando <strong>trat\u00f3 de resistir<\/strong> un asalto por parte de <strong>cuatro delincuentes<\/strong> en la esquina de Estados Unidos y Pichincha, en el barrio de <strong>San Crist\u00f3bal.<\/strong><\/em><\/p>\n<p style=\"text-align: justify;\">El crimen se produjo alrededor de la 01:20 hs. del s\u00e1bado cuando el polic\u00eda retirado el Comisario GOMEZ CHAVARRIA ALEJANDRO OSCAR, que se hab\u00eda desempe\u00f1ado en la Comisar\u00eda 16\u00aa de la Capital Federal, pretend\u00eda escapar de cuatro ladrones que lo sorprendieron cuando estaba entrando a su casa ubicada en la calle Estados Unidos al 2269, en la esquina con Pichincha.<\/p>\n<p style=\"text-align: justify;\">La intenci\u00f3n del grupo de delincuentes era quedarse con la camioneta Grand Cherokee 0 kil\u00f3metro de la v\u00edctima.<\/p>\n<p style=\"text-align: justify;\">Pero en ese momento se produjo un tiroteo en el que se escucharon al menos 30 disparos, y en el que result\u00f3 gravemente herido el ex Subcomisario, que finalmente perdi\u00f3 su vida.<\/p>\n<p style=\"text-align: justify;\">La investigaci\u00f3n del caso qued\u00f3 a cargo de la Comisar\u00eda 18\u00aa de la Polic\u00eda Federal.<\/p>\n<p style=\"text-align: justify;\">Actualmente el oficial retirado se desempe\u00f1aba como director t\u00e9cnico de agencias de seguridad privada, una de las cuales estaba registrada a su nombre y con sede en el domicilio donde ocurri\u00f3 el asesinato.<\/p>\n<p style=\"text-align: justify;\">Fotograf\u00eda:TV Canal 26<\/p>\n","protected":false},"excerpt":{"rendered":"<p>La v\u00edctima de 61 a\u00f1os fue baleada durante esta madrugada cuando trat\u00f3 de resistir un asalto por parte de cuatro delincuentes en la esquina de Estados Unidos y Pichincha, en el barrio de San Crist\u00f3bal. El crimen se produjo alrededor de la 01:20 hs. del s\u00e1bado cuando el polic\u00eda retirado el Comisario GOMEZ CHAVARRIA ALEJANDRO&hellip;<\/p>\n","protected":false},"author":1,"featured_media":0,"comment_status":"open","ping_status":"open","sticky":false,"template":"","format":"standard","meta":{"footnotes":""},"categories":[22],"tags":[11811,581,11809,11810,1109,238],"class_list":["post-25023","post","type-post","status-publish","format-standard","hentry","category-policiales","tag-cria-18","tag-delincuentes","tag-gomez-chavarria-alejandro-oscar","tag-grand-cherokee","tag-subcomisario","tag-tiroteo"],"_links":{"self":[{"href":"https:\/\/www.elsindical.com.ar\/notas\/wp-json\/wp\/v2\/posts\/25023","targetHints":{"allow":["GET"]}}],"collection":[{"href":"https:\/\/www.elsindical.com.ar\/notas\/wp-json\/wp\/v2\/posts"}],"about":[{"href":"https:\/\/www.elsindical.com.ar\/notas\/wp-json\/wp\/v2\/types\/post"}],"author":[{"embeddable":true,"href":"https:\/\/www.elsindical.com.ar\/notas\/wp-json\/wp\/v2\/users\/1"}],"replies":[{"embeddable":true,"href":"https:\/\/www.elsindical.com.ar\/notas\/wp-json\/wp\/v2\/comments?post=25023"}],"version-history":[{"count":3,"href":"https:\/\/www.elsindical.com.ar\/notas\/wp-json\/wp\/v2\/posts\/25023\/revisions"}],"predecessor-version":[{"id":25026,"href":"https:\/\/www.elsindical.com.ar\/notas\/wp-json\/wp\/v2\/posts\/25023\/revisions\/25026"}],"wp:attachment":[{"href":"https:\/\/www.elsindical.com.ar\/notas\/wp-json\/wp\/v2\/media?parent=25023"}],"wp:term":[{"taxonomy":"category","embeddable":true,"href":"https:\/\/www.elsindical.com.ar\/notas\/wp-json\/wp\/v2\/categories?post=25023"},{"taxonomy":"post_tag","embeddable":true,"href":"https:\/\/www.elsindical.com.ar\/notas\/wp-json\/wp\/v2\/tags?post=25023"}],"curies":[{"name":"wp","href":"https:\/\/api.w.org\/{rel}","templated":true}]}}